{"id":36700,"date":"2023-09-29T12:41:53","date_gmt":"2023-09-29T15:41:53","guid":{"rendered":"https:\/\/wpa.wscom.com.br\/?p=925120"},"modified":"2023-09-29T12:41:53","modified_gmt":"2023-09-29T15:41:53","slug":"leo-bezerra-ressalta-figura-de-lauremilia-lucena-para-comandar-o-pdt-em-joao-pessoa-no-pleito-de-2024-parceira-da-gestao","status":"publish","type":"post","link":"https:\/\/sindaopcpb.org.br\/index.php\/2023\/09\/29\/leo-bezerra-ressalta-figura-de-lauremilia-lucena-para-comandar-o-pdt-em-joao-pessoa-no-pleito-de-2024-parceira-da-gestao\/","title":{"rendered":"Leo Bezerra ressalta figura de Lauremilia Lucena para comandar o PDT em Jo\u00e3o Pessoa no pleito de 2024: \u201cParceira da gest\u00e3o\u201d"},"content":{"rendered":"<p>&nbsp;<\/p>\n<p>&nbsp;<\/p>\n<p>O vice-prefeito de Jo\u00e3o Pessoa, Leo Bezerra (PSB), elogiou a primeira-dama da capital, Lauremilia Lucena, e afirmou que ela tem capacidade de conduzir o PDT em 2024, quando ser\u00e3o realizadas as elei\u00e7\u00f5es municipais. A declara\u00e7\u00e3o foi dada durante entrevista ao programa Correio Debate, da Correio FM, nesta sexta-feira (29).<\/p>\n<p>Segundo Leo Bezerra, a primeira-dama tem as qualidades suficientes para ocupar a presid\u00eancia da legenda e ajudar a parceria entre o Governo do Estado e Prefeitura de Jo\u00e3o Pessoa.<\/p>\n<p>&#8220;Lauremilia \u00e9 um grande nome. Ela, em qualquer partido, seja onde ela estiver, \u00e9 um grande nome e uma grande parceira que n\u00f3s temos tanto na gest\u00e3o estadual quanto municipal. Lauremilia j\u00e1 foi vice-governadora, ela tem compet\u00eancia, know-how e expertise para ocupar qualquer cargo que for. Onde ela estiver, eu sei que ela estar\u00e1 nos ajudando na parceria do governador Jo\u00e3o Azev\u00eado com o prefeito C\u00edcero&#8221;, disse.<\/p>\n<p>O post <a rel=\"nofollow noopener\" href=\"https:\/\/wscom.com.br\/leo-bezerra-ressalta-figura-de-lauremilia-lucena-para-comandar-o-pdt-em-joao-pessoa-no-pleito-de-2024-parceira-da-gestao\/\" target=\"_blank\">Leo Bezerra ressalta figura de Lauremilia Lucena para comandar o PDT em Jo\u00e3o Pessoa no pleito de 2024: &#8220;Parceira da gest\u00e3o&#8221;<\/a> apareceu primeiro em <a rel=\"nofollow noopener\" href=\"https:\/\/wscom.com.br\/\" target=\"_blank\">WSCOM<\/a>.<\/p>\n","protected":false},"excerpt":{"rendered":"<p>\u00a0 \u00a0 O vice-prefeito de Jo\u00e3o Pessoa, Leo Bezerra (PSB), elogiou a primeira-dama da capital, Lauremilia Lucena, e afirmou que ela tem capacidade de conduzir o PDT em 2024, quando ser\u00e3o realizadas as elei\u00e7\u00f5es municipais. A declara\u00e7\u00e3o foi dada durante entrevista ao programa Correio Debate, da Correio FM, nesta sexta-feira (29). Segundo Leo Bezerra, a [\u2026]<\/p>\n<p>O post <a rel=\"nofollow\" href=\"https:\/\/wscom.com.br\/leo-bezerra-ressalta-figura-de-lauremilia-lucena-para-comandar-o-pdt-em-joao-pessoa-no-pleito-de-2024-parceira-da-gestao\/\">Leo Bezerra ressalta figura de Lauremilia Lucena para comandar o PDT em Jo\u00e3o Pessoa no pleito de 2024: \u201cParceira da gest\u00e3o\u201d<\/a> apareceu primeiro em <a rel=\"nofollow\" href=\"https:\/\/wscom.com.br\/\">WSCOM<\/a>.<\/p>\n","protected":false},"author":42,"featured_media":0,"comment_status":"closed","ping_status":"closed","sticky":false,"template":"","format":"standard","meta":{"advgb_blocks_editor_width":"","advgb_blocks_columns_visual_guide":"","footnotes":""},"categories":[34,228,1084,4093,47],"tags":[35],"class_list":["post-36700","post","type-post","status-publish","format-standard","hentry","category-g1","category-lauremilia-lucena","category-leo-bezerra","category-pdt","category-politica","tag-g1"],"author_meta":{"display_name":"Rafael Andrade","author_link":"https:\/\/sindaopcpb.org.br\/author\/rafael-andrade\/"},"featured_img":null,"coauthors":[],"tax_additional":{"categories":{"linked":["<a href=\"https:\/\/sindaopcpb.org.br\/g1\/\" class=\"advgb-post-tax-term\">G1<\/a>","<a href=\"https:\/\/sindaopcpb.org.br\/lauremilia-lucena\/\" class=\"advgb-post-tax-term\">Laurem\u00edlia Lucena<\/a>","<a href=\"https:\/\/sindaopcpb.org.br\/leo-bezerra\/\" class=\"advgb-post-tax-term\">leo bezerra<\/a>","<a href=\"https:\/\/sindaopcpb.org.br\/pdt\/\" class=\"advgb-post-tax-term\">PDT<\/a>","<a href=\"https:\/\/sindaopcpb.org.br\/politica\/\" class=\"advgb-post-tax-term\">POLITICA<\/a>"],"unlinked":["<span class=\"advgb-post-tax-term\">G1<\/span>","<span class=\"advgb-post-tax-term\">Laurem\u00edlia Lucena<\/span>","<span class=\"advgb-post-tax-term\">leo bezerra<\/span>","<span class=\"advgb-post-tax-term\">PDT<\/span>","<span class=\"advgb-post-tax-term\">POLITICA<\/span>"]},"tags":{"linked":["<a href=\"https:\/\/sindaopcpb.org.br\/politica\/\" class=\"advgb-post-tax-term\">g1<\/a>"],"unlinked":["<span class=\"advgb-post-tax-term\">g1<\/span>"]}},"comment_count":"0","relative_dates":{"created":"Publicado 3 anos atr\u00e1s","modified":"Atualizado 3 anos atr\u00e1s"},"absolute_dates":{"created":"Publicado em 29 de setembro de 2023","modified":"Atualizado em 29 de setembro de 2023"},"absolute_dates_time":{"created":"Publicado em 29 de setembro de 2023 12:41","modified":"Atualizado em 29 de setembro de 2023 12:41"},"featured_img_caption":"","series_order":"","_links":{"self":[{"href":"https:\/\/sindaopcpb.org.br\/index.php\/wp-json\/wp\/v2\/posts\/36700","targetHints":{"allow":["GET"]}}],"collection":[{"href":"https:\/\/sindaopcpb.org.br\/index.php\/wp-json\/wp\/v2\/posts"}],"about":[{"href":"https:\/\/sindaopcpb.org.br\/index.php\/wp-json\/wp\/v2\/types\/post"}],"author":[{"embeddable":true,"href":"https:\/\/sindaopcpb.org.br\/index.php\/wp-json\/wp\/v2\/users\/42"}],"replies":[{"embeddable":true,"href":"https:\/\/sindaopcpb.org.br\/index.php\/wp-json\/wp\/v2\/comments?post=36700"}],"version-history":[{"count":1,"href":"https:\/\/sindaopcpb.org.br\/index.php\/wp-json\/wp\/v2\/posts\/36700\/revisions"}],"predecessor-version":[{"id":36701,"href":"https:\/\/sindaopcpb.org.br\/index.php\/wp-json\/wp\/v2\/posts\/36700\/revisions\/36701"}],"wp:attachment":[{"href":"https:\/\/sindaopcpb.org.br\/index.php\/wp-json\/wp\/v2\/media?parent=36700"}],"wp:term":[{"taxonomy":"category","embeddable":true,"href":"https:\/\/sindaopcpb.org.br\/index.php\/wp-json\/wp\/v2\/categories?post=36700"},{"taxonomy":"post_tag","embeddable":true,"href":"https:\/\/sindaopcpb.org.br\/index.php\/wp-json\/wp\/v2\/tags?post=36700"}],"curies":[{"name":"wp","href":"https:\/\/api.w.org\/{rel}","templated":true}]}}