{"id":36695,"date":"2023-09-29T11:38:47","date_gmt":"2023-09-29T14:38:47","guid":{"rendered":"https:\/\/www.infomoney.com.br\/?p=2256267"},"modified":"2023-09-29T11:38:47","modified_gmt":"2023-09-29T14:38:47","slug":"lula-passa-por-cirurgia-no-quadril-em-hospital-de-brasilia","status":"publish","type":"post","link":"https:\/\/sindaopcpb.org.br\/index.php\/2023\/09\/29\/lula-passa-por-cirurgia-no-quadril-em-hospital-de-brasilia\/","title":{"rendered":"Lula passa por cirurgia no quadril em hospital de Bras\u00edlia"},"content":{"rendered":"<p><img loading=\"lazy\" width=\"300\" height=\"225\" src=\"https:\/\/www.infomoney.com.br\/wp-content\/uploads\/2023\/09\/20230929_103910710_ios.jpg?fit=300%2C225&amp;quality=70&amp;strip=all\" class=\"attachment-medium size-medium wp-post-image\" alt=\"\" decoding=\"async\" style=\"float:right; margin:0 0 10px 10px;\" srcset=\"https:\/\/www.infomoney.com.br\/wp-content\/uploads\/2023\/09\/20230929_103910710_ios.jpg?w=1024&amp;quality=70&amp;strip=all 1024w, https:\/\/www.infomoney.com.br\/wp-content\/uploads\/2023\/09\/20230929_103910710_ios.jpg?w=300&amp;quality=70&amp;strip=all 300w, https:\/\/www.infomoney.com.br\/wp-content\/uploads\/2023\/09\/20230929_103910710_ios.jpg?w=768&amp;quality=70&amp;strip=all 768w, https:\/\/www.infomoney.com.br\/wp-content\/uploads\/2023\/09\/20230929_103910710_ios.jpg?w=150&amp;quality=70&amp;strip=all 150w\" sizes=\"auto, (max-width: 300px) 100vw, 300px\" data-attachment-id=\"2256271\" data-permalink=\"https:\/\/www.infomoney.com.br\/politica\/lula-passa-por-cirurgia-no-quadril-em-hospital-de-brasilia\/attachment\/20230929_103910710_ios\/\" data-orig-file=\"https:\/\/www.infomoney.com.br\/wp-content\/uploads\/2023\/09\/20230929_103910710_ios.jpg?fit=1024%2C768&amp;quality=70&amp;strip=all\" data-orig-size=\"1024,768\" data-comments-opened=\"0\" data-image-meta=\"{&quot;aperture&quot;:&quot;2.8&quot;,&quot;credit&quot;:&quot;Fabio Rodrigues-Pozzebom\\\/Ag\\u00eancia Brasil&quot;,&quot;camera&quot;:&quot;Canon EOS 7D Mark II&quot;,&quot;caption&quot;:&quot;Bras\\u00edlia (DF) 29\\\/09\\\/2023 - Fachada do hospital S\\u00edrio-Liban\\u00eas onde presidente Luiz In\\u00e1cio Lula da Silva, est\\u00e1 internado nesta manh\\u00e3 desta sexta-feira (29), em Bras\\u00edlia, para ser submetido a uma cirurgia no lado direito do quadril, em raz\\u00e3o de uma artrose na cabe\\u00e7a do f\\u00eamur, que \\u00e9 um desgaste na cartilagem que reveste as articula\\u00e7\\u00f5es, o que causa dores e at\\u00e9 limita\\u00e7\\u00f5es de movimento.\\nFoto: Fabio Rodrigues-Pozzebom\\\/Ag\\u00eancia Brasil&quot;,&quot;created_timestamp&quot;:&quot;1695973150&quot;,&quot;copyright&quot;:&quot;Ag\\u00eancia Brasil\\\/EBC&quot;,&quot;focal_length&quot;:&quot;24&quot;,&quot;iso&quot;:&quot;400&quot;,&quot;shutter_speed&quot;:&quot;0.0003125&quot;,&quot;title&quot;:&quot;&quot;,&quot;orientation&quot;:&quot;1&quot;}\" data-image-title=\"Hospital S\u00edrio-Liban\u00eas, em Bras\u00edlia\" data-image-description=\"\" data-image-caption=\"&lt;p&gt;Bras\u00edlia (DF) 29\/09\/2023 &#8211; Fachada do hospital S\u00edrio-Liban\u00eas onde presidente Luiz In\u00e1cio Lula da Silva, est\u00e1 internado nesta manh\u00e3 desta sexta-feira (29), em Bras\u00edlia, para ser submetido a uma cirurgia no lado direito do quadril, em raz\u00e3o de uma artrose na cabe\u00e7a do f\u00eamur, que \u00e9 um desgaste na cartilagem que reveste as articula\u00e7\u00f5es, o que causa dores e at\u00e9 limita\u00e7\u00f5es de movimento.&lt;br \/&gt;\nFoto: Fabio Rodrigues-Pozzebom\/Ag\u00eancia Brasil&lt;\/p&gt;\n\" data-medium-file=\"https:\/\/www.infomoney.com.br\/wp-content\/uploads\/2023\/09\/20230929_103910710_ios.jpg?fit=300%2C225&amp;quality=70&amp;strip=all\" data-large-file=\"https:\/\/www.infomoney.com.br\/wp-content\/uploads\/2023\/09\/20230929_103910710_ios.jpg?fit=1024%2C768&amp;quality=70&amp;strip=all\" title=\"\"><\/p>\n<p>O presidente Luiz In&aacute;cio Lula da Silva j&aacute; est&aacute; no Hospital S&iacute;rio-Liban&ecirc;s, em Bras&iacute;lia, onde ser&aacute; submetido ao procedimento para restaurar a articula&ccedil;&atilde;o do quadril. Ele chegou &agrave; unidade por volta das 8h, desta sexta-feira (29). O hor&aacute;rio exato do procedimento n&atilde;o foi informado, mas ao fim do dia est&aacute; prevista coletiva de imprensa com a equipe m&eacute;dica.&nbsp;<img decoding=\"async\" src=\"https:\/\/i0.wp.com\/agenciabrasil.ebc.com.br\/ebc.png?quality=70&#038;strip=all&#038;%23038;ssl=1\" data-recalc-dims=\"1\" alt=\"\" title=\"\"><img decoding=\"async\" src=\"https:\/\/i0.wp.com\/agenciabrasil.ebc.com.br\/ebc.gif?quality=70&#038;strip=all&#038;%23038;ssl=1\" data-recalc-dims=\"1\" alt=\"\" title=\"\"><\/p>\n<p>Lula tem artrose na cabe&ccedil;a do f&ecirc;mur do quadril direito, que &eacute; um desgaste na cartilagem que reveste as articula&ccedil;&otilde;es, o que causa dores e at&eacute; limita&ccedil;&otilde;es de movimento. Nos &uacute;ltimos meses, o presidente vem se queixando de dores com mais frequ&ecirc;ncia e&nbsp;<a href=\"https:\/\/agenciabrasil.ebc.com.br\/politica\/noticia\/2023-09\/lula-se-diz-otimista-sobre-cirurgia-no-quadril\" rel=\"noopener nofollow\" target=\"_blank\">est&aacute; otimista<\/a>&nbsp;com o&nbsp;resultado do procedimento.<\/p>\n<p>A cirurgia, com anestesia geral, deve durar algumas horas, e o presidente deve ficar internado no hospital at&eacute; a ter&ccedil;a-feira (3). N&atilde;o h&aacute; previs&atilde;o de que o vice-presidente Geraldo Alckmin assuma a Presid&ecirc;ncia da Rep&uacute;blica nesse per&iacute;odo.<\/p>\n<p>Ap&oacute;s a alta hospitalar, o presidente vai para o Pal&aacute;cio da Alvorada, resid&ecirc;ncia oficial, de onde despachar&aacute; ao longo de quatro semanas, enquanto se recupera totalmente do procedimento. A assessoria da Presid&ecirc;ncia tamb&eacute;m informou que Lula n&atilde;o far&aacute; nenhuma viagem no per&iacute;odo de quatro a seis semanas ap&oacute;s a cirurgia.<\/p>\n<p>O pr&oacute;ximo compromisso internacional deve ser a 28&ordf; Confer&ecirc;ncia das Na&ccedil;&otilde;es Unidas sobre Mudan&ccedil;as Clim&aacute;ticas (COP28), em Dubai, nos Emirados &Aacute;rabes Unidos, no fim de novembro, seguida de uma visita &agrave; Alemanha, em 4 e 5 de dezembro.<\/p>\n<h2>Cirurgia<\/h2>\n<p>De acordo com o Instituto Nacional de Traumatologia e Ortopedia (Into), o quadril &eacute; uma articula&ccedil;&atilde;o formada por um conjunto de ossos, m&uacute;sculos e ligamentos que unem a pelve (bacia) ao f&ecirc;mur (coxa), possibilitando a sustenta&ccedil;&atilde;o do&nbsp;peso do corpo e garantindo um caminhar est&aacute;vel e harm&ocirc;nico.<\/p>\n<\/p>\n<div class=\"cta-end\">\n<div class=\"im-cta\" >\n<div class=\"im-shortcode-forms bg-light bg-opacity-25 border rounded-4 p-3 p-sm-4 p-md-3 p-lg-4 px-xxl-5 my-5\" data-configuration='{\"form_name\":false,\"form_hat\":\"Newsletter\",\"form_email\":true,\"form_icon\":\"newsletter\",\"form_phone\":false,\"form_campaign\":\"NIM\",\"form_thankyou\":\"\",\"form_journey\":\"APIEvent-26a5198d-8e09-06ef-5f80-cd9127757ad1\",\"form_button\":\"Quero receber\",\"form_context\":\"newsletter\",\"form_origin\":\"https:\\\/\\\/www.infomoney.com.br\\\/politica\\\/feed\\\/?utm_medium=materia&#038;utm_source=infomoney&#038;utm_campaign=NIM&#038;utm_term=politica&#038;utm_content=newsletter\",\"form_position\":\"final\",\"form_category\":\"cta_form\"}'>\n<div class=\"d-flex flex-column align-items-center align-items-lg-start mb-4 flex-lg-row\">\n<div class=\"rounded-circle mb-2 mb-lg-0 mr-lg-4 me-lg-4 p-3 p-lg-4 bg-blue-400\"><svg width=\"40\" height=\"40\" viewBox=\"0 0 40 40\" fill=\"none\" xmlns=\"http:\/\/www.w3.org\/2000\/svg\"><path d=\"M20 20.25 6.042 11.042v19.041c0 .167.048.299.146.396a.535.535 0 0 0 .395.146h15.792V32.5H6.583a2.328 2.328 0 0 1-1.708-.708 2.328 2.328 0 0 1-.708-1.709V9.917c0-.667.236-1.236.708-1.709A2.328 2.328 0 0 1 6.583 7.5h26.834c.666 0 1.236.236 1.708.708a2.33 2.33 0 0 1 .708 1.709v12.458h-1.875V11.042L20 20.25Zm0-2 13.667-8.875H6.333L20 18.25Zm11.75 18.958-1.292-1.333 3.334-3.375h-9v-1.875h9l-3.375-3.417 1.333-1.291 5.667 5.625-5.667 5.666ZM6.042 11.042v20.791-9.458.25-13.25 1.667Z\" fill=\"#fff\"\/><\/svg><\/div>\n<div class=\"flex-fill text-center text-lg-left\">\n<div class=\"h6 small text-orange-700 lh-base mb-1\">Newsletter<\/div>\n<div class=\"text-body h4 m-0\">Infomorning<\/div>\n<div class=\"text-body small lh-base mt-2\">Receba no seu e-mail logo pela manh&atilde; as not&iacute;cias que v&atilde;o mexer com os mercados, com os seus investimentos e o seu bolso durante o dia<\/div>\n<\/div>\n<\/div>\n<\/div>\n<\/div>\n<\/div>\n<p>The post <a rel=\"nofollow noopener\" href=\"https:\/\/www.infomoney.com.br\/politica\/lula-passa-por-cirurgia-no-quadril-em-hospital-de-brasilia\/\" target=\"_blank\">Lula passa por cirurgia no quadril em hospital de Bras\u00edlia<\/a> appeared first on <a rel=\"nofollow noopener\" href=\"https:\/\/www.infomoney.com.br\/\" target=\"_blank\">InfoMoney<\/a>.<\/p>\n","protected":false},"excerpt":{"rendered":"<p><img loading=\"lazy\" decoding=\"async\" width=\"300\" height=\"225\" src=\"https:\/\/www.infomoney.com.br\/wp-content\/uploads\/2023\/09\/20230929_103910710_ios.jpg?fit=300%2C225&amp;quality=70&amp;strip=all\" class=\"attachment-medium size-medium wp-post-image\" alt=\"\" data-attachment-id=\"2256271\" data-permalink=\"https:\/\/www.infomoney.com.br\/politica\/lula-passa-por-cirurgia-no-quadril-em-hospital-de-brasilia\/attachment\/20230929_103910710_ios\/\" data-orig-file=\"https:\/\/www.infomoney.com.br\/wp-content\/uploads\/2023\/09\/20230929_103910710_ios.jpg?fit=1024%2C768&amp;quality=70&amp;strip=all\" data-orig-size=\"1024,768\" data-comments-opened=\"0\" data-image-meta='{\"aperture\":\"2.8\",\"credit\":\"Fabio Rodrigues-Pozzebom\\\/Ag\\u00eancia Brasil\",\"camera\":\"Canon EOS 7D Mark II\",\"caption\":\"Bras\\u00edlia (DF) 29\\\/09\\\/2023 - Fachada do hospital S\\u00edrio-Liban\\u00eas onde presidente Luiz In\\u00e1cio Lula da Silva, est\\u00e1 internado nesta manh\\u00e3 desta sexta-feira (29), em Bras\\u00edlia, para ser submetido a uma cirurgia no lado direito do quadril, em raz\\u00e3o de uma artrose na cabe\\u00e7a do f\\u00eamur, que \\u00e9 um desgaste na cartilagem que reveste as articula\\u00e7\\u00f5es, o que causa dores e at\\u00e9 limita\\u00e7\\u00f5es de movimento.\\nFoto: Fabio Rodrigues-Pozzebom\\\/Ag\\u00eancia Brasil\",\"created_timestamp\":\"1695973150\",\"copyright\":\"Ag\\u00eancia Brasil\\\/EBC\",\"focal_length\":\"24\",\"iso\":\"400\",\"shutter_speed\":\"0.0003125\",\"title\":\"\",\"orientation\":\"1\"}' data-image-title=\"Hospital S\u00edrio-Liban\u00eas, em Bras\u00edlia\" data-image-description=\"\" data-image-caption=\"&lt;p&gt;Bras\u00edlia (DF) 29\/09\/2023 \u2013 Fachada do hospital S\u00edrio-Liban\u00eas onde presidente Luiz In\u00e1cio Lula da Silva, est\u00e1 internado nesta manh\u00e3 desta sexta-feira (29), em Bras\u00edlia, para ser submetido a uma cirurgia no lado direito do quadril, em raz\u00e3o de uma artrose na cabe\u00e7a do f\u00eamur, que \u00e9 um desgaste na cartilagem que reveste as articula\u00e7\u00f5es, o que causa dores e at\u00e9 limita\u00e7\u00f5es de movimento.&lt;br \/&gt;\nFoto: Fabio Rodrigues-Pozzebom\/Ag\u00eancia Brasil&lt;\/p&gt;\n\" data-medium-file=\"https:\/\/www.infomoney.com.br\/wp-content\/uploads\/2023\/09\/20230929_103910710_ios.jpg?fit=300%2C225&amp;quality=70&amp;strip=all\" data-large-file=\"https:\/\/www.infomoney.com.br\/wp-content\/uploads\/2023\/09\/20230929_103910710_ios.jpg?fit=1024%2C768&amp;quality=70&amp;strip=all\">Presidente vinha se queixando de dores nos \u00faltimos meses<\/p>\n<p>The post <a rel=\"nofollow\" href=\"https:\/\/www.infomoney.com.br\/politica\/lula-passa-por-cirurgia-no-quadril-em-hospital-de-brasilia\/\">Lula passa por cirurgia no quadril em hospital de Bras\u00edlia<\/a> appeared first on <a rel=\"nofollow\" href=\"https:\/\/www.infomoney.com.br\/\">InfoMoney<\/a>.<\/p>\n","protected":false},"author":44,"featured_media":0,"comment_status":"closed","ping_status":"closed","sticky":false,"template":"","format":"standard","meta":{"advgb_blocks_editor_width":"","advgb_blocks_columns_visual_guide":"","footnotes":""},"categories":[134,34,129,47,90],"tags":[35],"class_list":["post-36695","post","type-post","status-publish","format-standard","hentry","category-brasilia","category-g1","category-luiz-inacio-lula-da-silva","category-politica","category-saude","tag-g1"],"author_meta":{"display_name":"Ag\u00eancia Brasil","author_link":"https:\/\/sindaopcpb.org.br\/author\/agencia-brasil\/"},"featured_img":null,"coauthors":[],"tax_additional":{"categories":{"linked":["<a href=\"https:\/\/sindaopcpb.org.br\/brasilia\/\" class=\"advgb-post-tax-term\">Bras\u00edlia<\/a>","<a href=\"https:\/\/sindaopcpb.org.br\/g1\/\" class=\"advgb-post-tax-term\">G1<\/a>","<a href=\"https:\/\/sindaopcpb.org.br\/luiz-inacio-lula-da-silva\/\" class=\"advgb-post-tax-term\">Luiz In\u00e1cio Lula da Silva<\/a>","<a href=\"https:\/\/sindaopcpb.org.br\/politica\/\" class=\"advgb-post-tax-term\">POLITICA<\/a>","<a href=\"https:\/\/sindaopcpb.org.br\/saude\/\" class=\"advgb-post-tax-term\">Sa\u00fade<\/a>"],"unlinked":["<span class=\"advgb-post-tax-term\">Bras\u00edlia<\/span>","<span class=\"advgb-post-tax-term\">G1<\/span>","<span class=\"advgb-post-tax-term\">Luiz In\u00e1cio Lula da Silva<\/span>","<span class=\"advgb-post-tax-term\">POLITICA<\/span>","<span class=\"advgb-post-tax-term\">Sa\u00fade<\/span>"]},"tags":{"linked":["<a href=\"https:\/\/sindaopcpb.org.br\/saude\/\" class=\"advgb-post-tax-term\">g1<\/a>"],"unlinked":["<span class=\"advgb-post-tax-term\">g1<\/span>"]}},"comment_count":"0","relative_dates":{"created":"Publicado 3 anos atr\u00e1s","modified":"Atualizado 3 anos atr\u00e1s"},"absolute_dates":{"created":"Publicado em 29 de setembro de 2023","modified":"Atualizado em 29 de setembro de 2023"},"absolute_dates_time":{"created":"Publicado em 29 de setembro de 2023 11:38","modified":"Atualizado em 29 de setembro de 2023 11:38"},"featured_img_caption":"","series_order":"","_links":{"self":[{"href":"https:\/\/sindaopcpb.org.br\/index.php\/wp-json\/wp\/v2\/posts\/36695","targetHints":{"allow":["GET"]}}],"collection":[{"href":"https:\/\/sindaopcpb.org.br\/index.php\/wp-json\/wp\/v2\/posts"}],"about":[{"href":"https:\/\/sindaopcpb.org.br\/index.php\/wp-json\/wp\/v2\/types\/post"}],"author":[{"embeddable":true,"href":"https:\/\/sindaopcpb.org.br\/index.php\/wp-json\/wp\/v2\/users\/44"}],"replies":[{"embeddable":true,"href":"https:\/\/sindaopcpb.org.br\/index.php\/wp-json\/wp\/v2\/comments?post=36695"}],"version-history":[{"count":1,"href":"https:\/\/sindaopcpb.org.br\/index.php\/wp-json\/wp\/v2\/posts\/36695\/revisions"}],"predecessor-version":[{"id":36696,"href":"https:\/\/sindaopcpb.org.br\/index.php\/wp-json\/wp\/v2\/posts\/36695\/revisions\/36696"}],"wp:attachment":[{"href":"https:\/\/sindaopcpb.org.br\/index.php\/wp-json\/wp\/v2\/media?parent=36695"}],"wp:term":[{"taxonomy":"category","embeddable":true,"href":"https:\/\/sindaopcpb.org.br\/index.php\/wp-json\/wp\/v2\/categories?post=36695"},{"taxonomy":"post_tag","embeddable":true,"href":"https:\/\/sindaopcpb.org.br\/index.php\/wp-json\/wp\/v2\/tags?post=36695"}],"curies":[{"name":"wp","href":"https:\/\/api.w.org\/{rel}","templated":true}]}}