{"id":36685,"date":"2023-09-29T11:18:42","date_gmt":"2023-09-29T14:18:42","guid":{"rendered":"https:\/\/g1.globo.com\/pb\/paraiba\/noticia\/2023\/09\/29\/convocacao-para-posse-dos-concluintes-no-curso-de-formacao-da-policia-civil-e-publicada.ghtml"},"modified":"2023-09-29T11:18:42","modified_gmt":"2023-09-29T14:18:42","slug":"convocacao-para-posse-dos-concluintes-no-curso-de-formacao-da-policia-civil-e-publicada","status":"publish","type":"post","link":"https:\/\/sindaopcpb.org.br\/index.php\/2023\/09\/29\/convocacao-para-posse-dos-concluintes-no-curso-de-formacao-da-policia-civil-e-publicada\/","title":{"rendered":"Convoca\u00e7\u00e3o para posse dos concluintes no curso de forma\u00e7\u00e3o da Pol\u00edcia Civil \u00e9 publicada"},"content":{"rendered":"   <img src=\"https:\/\/s2.glbimg.com\/afFyZ1jRRgT3pVaQlR4XcufDUX0=\/i.s3.glbimg.com\/v1\/AUTH_59edd422c0c84a879bd37670ae4f538a\/internal_photos\/bs\/2023\/x\/y\/ScnCmRQFaRAcPyuIJGcw\/curso-de-formacao-policia-civil.jpeg\" \/><br \/>     Curso de forma\u00e7\u00e3o da Pol\u00edcia Civil terminou nesta quinta-feira (28). Concluintes do curso de forma\u00e7\u00e3o da Pol\u00edcia Civil.\nFoto: Divulga\u00e7\u00e3o\nOs alunos que conclu\u00edram o curso de forma\u00e7\u00e3o da Pol\u00edcia Civil foram convocados para providenciarem os documentos necess\u00e1rios \u00e0 nomea\u00e7\u00e3o nos seus respectivos cargos. A contrata\u00e7\u00e3o imediata dos novos policiais civis foi anunciada nessa quinta-feira (28) durante a formatura dos alunos, solenidade realizada no Teatro Pedra do Reino, no Centro de Conven\u00e7\u00f5es de Jo\u00e3o Pessoa. A convoca\u00e7\u00e3o foi publicada no Di\u00e1rio Oficial do Estado (DOE) desta sexta-feira (29).\nConfira a convoca\u00e7\u00e3o a partir da p\u00e1g. 9\nOs candidatos convocados, ap\u00f3s o curso de forma\u00e7\u00e3o da Pol\u00edcia Civil, devem se submeter \u00e0 per\u00edcia m\u00e9dica, se apresentando na Junta M\u00e9dica do Estado da Para\u00edba, localizada na Rua Eug\u00eanio Lucena Neiva, S\/N \u2013 Estados, Jo\u00e3o Pessoa \u2013 PB, ou em suas Ger\u00eancias Regionais, a partir desta sexta-feira (29), portando os seguintes documentos:\nRG e CPF, ou Carteira Nacional de Habilita\u00e7\u00e3o;\nAtestado de Sanidade Mental emitido pelos CAPS, Complexo Psiqui\u00e1trico Juliano Moreira ou de Insitui\u00e7\u00e3o Privada desde que emitido por profi ssional de Psiquiatria devidamente registrado;\nLaudo da Funda\u00e7\u00e3o Centro Integrado de Apoio \u00e0 Pessoa com Defici\u00eancia (FUNAD), caso seja Pessoa com Defici\u00eancia \u2013 PCD;\nExame toxicol\u00f3gico negativo para todas as subst\u00e2ncias, de larga janela de detec\u00e7\u00e3o (m\u00ednimo de 90 dias), de acordo com o disposto na al\u00ednea x, do subitem 20.1 do Edital n\u00ba 01\u2013 SEAD\/SEDS\/PC;\nSer\u00e1 obedecido o agendamento a fim de ser realizada a per\u00edcia;\nNo ato do agendamento ser\u00e1 informada a data e hora da realiza\u00e7\u00e3o da per\u00edcia, que deve ser rigorosamente respeitada.\nA posse coletiva da primeira turma vai acontecer no dia 2 de outubro, das 10h \u00e0s 18h, na Funesc ou de 3 a 6 de outubro, das 8h \u00e0s 17h, ou do dia 9 a 30 de outubro, das 8h \u00e0s 16h30, na Secretaria de Estado da Administra\u00e7\u00e3o.\nOs convocados do curso de forma\u00e7\u00e3o da Pol\u00edcia Civil para a posse devem atentar para a documenta\u00e7\u00e3o exigida, listada no Di\u00e1rio Oficial, e seguir as orienta\u00e7\u00f5es do Edital de Convoca\u00e7\u00e3o. Ao todo, foram 485 alunos formandos nesta primeira turma do curso de forma\u00e7\u00e3o da Pol\u00edcia Civil, ap\u00f3s cinco meses de treinamentos.\nEst\u00e1 previsto para o final de outubro a convoca\u00e7\u00e3o de outra turma para o curso de forma\u00e7\u00e3o na Acadepol. De acordo com a diretora da Academia, delegada Ma\u00edsa F\u00e9lix, a institui\u00e7\u00e3o deve receber outros 450 ou 500 novos alunos, aproximadamente.\nConcurso da Pol\u00edcia Civil da Para\u00edba\nO concurso ofereceu 1.400 vagas, distribu\u00eddas em cargos de n\u00edveis m\u00e9dio e superior, com sal\u00e1rios variando de R$ 3.726,73 a R$ 12.769,80.\nNo total, foram mais de 95 mil pessoas inscritas no certame, sendo que o cargo mais concorrido foi o de perito oficial odonto-legal, de \u00e1rea geral, com mais de 201 inscritos por vaga.\nV\u00eddeos mais assistidos do g1 Para\u00edba  ","protected":false},"excerpt":{"rendered":"<p>        Curso de forma\u00e7\u00e3o da Pol\u00edcia Civil terminou nesta quinta-feira (28). Concluintes do curso de forma\u00e7\u00e3o da Pol\u00edcia Civil.<br \/>\nFoto: Divulga\u00e7\u00e3o<br \/>\nOs alunos que conclu\u00edram o curso de forma\u00e7\u00e3o da Pol\u00edcia Civil foram convocados para providenciarem os docum&#8230;<\/p>\n","protected":false},"author":2,"featured_media":0,"comment_status":"closed","ping_status":"closed","sticky":false,"template":"","format":"standard","meta":{"advgb_blocks_editor_width":"","advgb_blocks_columns_visual_guide":"","footnotes":""},"categories":[34],"tags":[35],"class_list":["post-36685","post","type-post","status-publish","format-standard","hentry","category-g1","tag-g1"],"author_meta":{"display_name":"g1 &gt; Para\u00edba","author_link":"https:\/\/sindaopcpb.org.br\/author\/g1-paraiba\/"},"featured_img":null,"coauthors":[],"tax_additional":{"categories":{"linked":["<a href=\"https:\/\/sindaopcpb.org.br\/g1\/\" class=\"advgb-post-tax-term\">G1<\/a>"],"unlinked":["<span class=\"advgb-post-tax-term\">G1<\/span>"]},"tags":{"linked":["<a href=\"https:\/\/sindaopcpb.org.br\/g1\/\" class=\"advgb-post-tax-term\">g1<\/a>"],"unlinked":["<span class=\"advgb-post-tax-term\">g1<\/span>"]}},"comment_count":"0","relative_dates":{"created":"Publicado 3 anos atr\u00e1s","modified":"Atualizado 3 anos atr\u00e1s"},"absolute_dates":{"created":"Publicado em 29 de setembro de 2023","modified":"Atualizado em 29 de setembro de 2023"},"absolute_dates_time":{"created":"Publicado em 29 de setembro de 2023 11:18","modified":"Atualizado em 29 de setembro de 2023 11:18"},"featured_img_caption":"","series_order":"","_links":{"self":[{"href":"https:\/\/sindaopcpb.org.br\/index.php\/wp-json\/wp\/v2\/posts\/36685","targetHints":{"allow":["GET"]}}],"collection":[{"href":"https:\/\/sindaopcpb.org.br\/index.php\/wp-json\/wp\/v2\/posts"}],"about":[{"href":"https:\/\/sindaopcpb.org.br\/index.php\/wp-json\/wp\/v2\/types\/post"}],"author":[{"embeddable":true,"href":"https:\/\/sindaopcpb.org.br\/index.php\/wp-json\/wp\/v2\/users\/2"}],"replies":[{"embeddable":true,"href":"https:\/\/sindaopcpb.org.br\/index.php\/wp-json\/wp\/v2\/comments?post=36685"}],"version-history":[{"count":1,"href":"https:\/\/sindaopcpb.org.br\/index.php\/wp-json\/wp\/v2\/posts\/36685\/revisions"}],"predecessor-version":[{"id":36686,"href":"https:\/\/sindaopcpb.org.br\/index.php\/wp-json\/wp\/v2\/posts\/36685\/revisions\/36686"}],"wp:attachment":[{"href":"https:\/\/sindaopcpb.org.br\/index.php\/wp-json\/wp\/v2\/media?parent=36685"}],"wp:term":[{"taxonomy":"category","embeddable":true,"href":"https:\/\/sindaopcpb.org.br\/index.php\/wp-json\/wp\/v2\/categories?post=36685"},{"taxonomy":"post_tag","embeddable":true,"href":"https:\/\/sindaopcpb.org.br\/index.php\/wp-json\/wp\/v2\/tags?post=36685"}],"curies":[{"name":"wp","href":"https:\/\/api.w.org\/{rel}","templated":true}]}}