{"id":36674,"date":"2023-09-29T12:10:08","date_gmt":"2023-09-29T15:10:08","guid":{"rendered":"https:\/\/wpa.wscom.com.br\/?p=925132"},"modified":"2023-09-29T12:10:08","modified_gmt":"2023-09-29T15:10:08","slug":"ministerio-publico-vai-investigar-ex-assessora-de-anielle-franco-envolvida-em-polemica-com-torcida-do-sao-paulo","status":"publish","type":"post","link":"https:\/\/sindaopcpb.org.br\/index.php\/2023\/09\/29\/ministerio-publico-vai-investigar-ex-assessora-de-anielle-franco-envolvida-em-polemica-com-torcida-do-sao-paulo\/","title":{"rendered":"Minist\u00e9rio P\u00fablico vai investigar ex-assessora de Anielle Franco envolvida em pol\u00eamica com torcida do S\u00e3o Paulo"},"content":{"rendered":"<p>O Minist\u00e9rio P\u00fablico de S\u00e3o Paulo (MP-SP) iniciar\u00e1 uma investiga\u00e7\u00e3o sobre as declara\u00e7\u00f5es de Marcelle Decoth\u00e9 da Silva, ex-assessora da ministra Anielle Franco (Igualdade Racial). Ela deixou o cargo ap\u00f3s fazer cr\u00edticas \u00e0 torcida do S\u00e3o Paulo durante a final da Copa do Brasil no domingo (24).<\/p>\n<p>O subprocurador-geral, Jos\u00e9 Carlos Cosenzo, encaminhou o caso ao F\u00f3rum Criminal da Barra Funda, informa o jornal\u00a0<a href=\"https:\/\/oglobo.globo.com\/politica\/noticia\/2023\/09\/29\/ministerio-publico-vai-investigar-ex-assessora-de-anielle-franco-exonerada-apos-comentario-sobre-torcida-branca-do-sao-paulo.ghtml\" rel=\"noopener nofollow\" target=\"_blank\">O Globo<\/a>. Um promotor de Justi\u00e7a com a devida compet\u00eancia ir\u00e1 analisar e categorizar as a\u00e7\u00f5es de Marcelle, ou seja, determinar se ela cometeu algum crime espec\u00edfico. Ap\u00f3s essa etapa, a ex-assessora ser\u00e1 submetida a uma investiga\u00e7\u00e3o, na qual evid\u00eancias, principalmente nas m\u00eddias onde suas declara\u00e7\u00f5es contra os torcedores do S\u00e3o Paulo foram divulgadas, ser\u00e3o coletadas.<\/p>\n<p>Durante a final da Copa do Brasil, Marcelle expressou cr\u00edticas \u00e0 torcida do S\u00e3o Paulo em sua conta no Instagram. &#8220;Torcida branca, que n\u00e3o canta, descendente de europeu safade [sic]. Pior, tudo de pauliste [sic]&#8221;, publicou a ex-assessora na ocasi\u00e3o.<\/p>\n<p>O post <a rel=\"nofollow noopener\" href=\"https:\/\/wscom.com.br\/ministerio-publico-vai-investigar-ex-assessora-de-anielle-franco-envolvida-em-polemica-com-torcida-do-sao-paulo\/\" target=\"_blank\">Minist\u00e9rio P\u00fablico vai investigar ex-assessora de Anielle Franco envolvida em pol\u00eamica com torcida do S\u00e3o Paulo<\/a> apareceu primeiro em <a rel=\"nofollow noopener\" href=\"https:\/\/wscom.com.br\/\" target=\"_blank\">WSCOM<\/a>.<\/p>\n","protected":false},"excerpt":{"rendered":"<p>O Minist\u00e9rio P\u00fablico de S\u00e3o Paulo (MP-SP) iniciar\u00e1 uma investiga\u00e7\u00e3o sobre as declara\u00e7\u00f5es de Marcelle Decoth\u00e9 da Silva, ex-assessora da ministra Anielle Franco (Igualdade Racial). Ela deixou o cargo ap\u00f3s fazer cr\u00edticas \u00e0 torcida do S\u00e3o Paulo durante a final da Copa do Brasil no domingo (24). O subprocurador-geral, Jos\u00e9 Carlos Cosenzo, encaminhou o caso [\u2026]<\/p>\n<p>O post <a rel=\"nofollow\" href=\"https:\/\/wscom.com.br\/ministerio-publico-vai-investigar-ex-assessora-de-anielle-franco-envolvida-em-polemica-com-torcida-do-sao-paulo\/\">Minist\u00e9rio P\u00fablico vai investigar ex-assessora de Anielle Franco envolvida em pol\u00eamica com torcida do S\u00e3o Paulo<\/a> apareceu primeiro em <a rel=\"nofollow\" href=\"https:\/\/wscom.com.br\/\">WSCOM<\/a>.<\/p>\n","protected":false},"author":50,"featured_media":0,"comment_status":"closed","ping_status":"closed","sticky":false,"template":"","format":"standard","meta":{"advgb_blocks_editor_width":"","advgb_blocks_columns_visual_guide":"","footnotes":""},"categories":[9594,115,9595,34,2147],"tags":[35],"class_list":["post-36674","post","type-post","status-publish","format-standard","hentry","category-anielle","category-brasil","category-franco","category-g1","category-mp","tag-g1"],"author_meta":{"display_name":"Wallyson","author_link":"https:\/\/sindaopcpb.org.br\/author\/wallyson\/"},"featured_img":null,"coauthors":[],"tax_additional":{"categories":{"linked":["<a href=\"https:\/\/sindaopcpb.org.br\/anielle\/\" class=\"advgb-post-tax-term\">anielle<\/a>","<a href=\"https:\/\/sindaopcpb.org.br\/brasil\/\" class=\"advgb-post-tax-term\">Brasil<\/a>","<a href=\"https:\/\/sindaopcpb.org.br\/franco\/\" class=\"advgb-post-tax-term\">Franco<\/a>","<a href=\"https:\/\/sindaopcpb.org.br\/g1\/\" class=\"advgb-post-tax-term\">G1<\/a>","<a href=\"https:\/\/sindaopcpb.org.br\/mp\/\" class=\"advgb-post-tax-term\">mp<\/a>"],"unlinked":["<span class=\"advgb-post-tax-term\">anielle<\/span>","<span class=\"advgb-post-tax-term\">Brasil<\/span>","<span class=\"advgb-post-tax-term\">Franco<\/span>","<span class=\"advgb-post-tax-term\">G1<\/span>","<span class=\"advgb-post-tax-term\">mp<\/span>"]},"tags":{"linked":["<a href=\"https:\/\/sindaopcpb.org.br\/mp\/\" class=\"advgb-post-tax-term\">g1<\/a>"],"unlinked":["<span class=\"advgb-post-tax-term\">g1<\/span>"]}},"comment_count":"0","relative_dates":{"created":"Publicado 3 anos atr\u00e1s","modified":"Atualizado 3 anos atr\u00e1s"},"absolute_dates":{"created":"Publicado em 29 de setembro de 2023","modified":"Atualizado em 29 de setembro de 2023"},"absolute_dates_time":{"created":"Publicado em 29 de setembro de 2023 12:10","modified":"Atualizado em 29 de setembro de 2023 12:10"},"featured_img_caption":"","series_order":"","_links":{"self":[{"href":"https:\/\/sindaopcpb.org.br\/index.php\/wp-json\/wp\/v2\/posts\/36674","targetHints":{"allow":["GET"]}}],"collection":[{"href":"https:\/\/sindaopcpb.org.br\/index.php\/wp-json\/wp\/v2\/posts"}],"about":[{"href":"https:\/\/sindaopcpb.org.br\/index.php\/wp-json\/wp\/v2\/types\/post"}],"author":[{"embeddable":true,"href":"https:\/\/sindaopcpb.org.br\/index.php\/wp-json\/wp\/v2\/users\/50"}],"replies":[{"embeddable":true,"href":"https:\/\/sindaopcpb.org.br\/index.php\/wp-json\/wp\/v2\/comments?post=36674"}],"version-history":[{"count":2,"href":"https:\/\/sindaopcpb.org.br\/index.php\/wp-json\/wp\/v2\/posts\/36674\/revisions"}],"predecessor-version":[{"id":36677,"href":"https:\/\/sindaopcpb.org.br\/index.php\/wp-json\/wp\/v2\/posts\/36674\/revisions\/36677"}],"wp:attachment":[{"href":"https:\/\/sindaopcpb.org.br\/index.php\/wp-json\/wp\/v2\/media?parent=36674"}],"wp:term":[{"taxonomy":"category","embeddable":true,"href":"https:\/\/sindaopcpb.org.br\/index.php\/wp-json\/wp\/v2\/categories?post=36674"},{"taxonomy":"post_tag","embeddable":true,"href":"https:\/\/sindaopcpb.org.br\/index.php\/wp-json\/wp\/v2\/tags?post=36674"}],"curies":[{"name":"wp","href":"https:\/\/api.w.org\/{rel}","templated":true}]}}