{"id":36666,"date":"2023-09-29T10:46:42","date_gmt":"2023-09-29T13:46:42","guid":{"rendered":"https:\/\/www.infomoney.com.br\/?p=2256136"},"modified":"2023-09-29T10:46:42","modified_gmt":"2023-09-29T13:46:42","slug":"prefeitos-apoiam-reforma-tributaria-mas-pedem-autonomia-na-arrecadacao","status":"publish","type":"post","link":"https:\/\/sindaopcpb.org.br\/index.php\/2023\/09\/29\/prefeitos-apoiam-reforma-tributaria-mas-pedem-autonomia-na-arrecadacao\/","title":{"rendered":"Prefeitos apoiam reforma tribut\u00e1ria, mas pedem autonomia na arrecada\u00e7\u00e3o"},"content":{"rendered":"<p><img loading=\"lazy\" width=\"300\" height=\"225\" src=\"https:\/\/www.infomoney.com.br\/wp-content\/uploads\/2023\/08\/29082023-lula4144.jpg?fit=300%2C225&amp;quality=70&amp;strip=all\" class=\"attachment-medium size-medium wp-post-image\" alt=\"\" decoding=\"async\" style=\"float:right; margin:0 0 10px 10px;\" srcset=\"https:\/\/www.infomoney.com.br\/wp-content\/uploads\/2023\/08\/29082023-lula4144.jpg?w=1024&amp;quality=70&amp;strip=all 1024w, https:\/\/www.infomoney.com.br\/wp-content\/uploads\/2023\/08\/29082023-lula4144.jpg?w=300&amp;quality=70&amp;strip=all 300w, https:\/\/www.infomoney.com.br\/wp-content\/uploads\/2023\/08\/29082023-lula4144.jpg?w=768&amp;quality=70&amp;strip=all 768w, https:\/\/www.infomoney.com.br\/wp-content\/uploads\/2023\/08\/29082023-lula4144.jpg?w=150&amp;quality=70&amp;strip=all 150w\" sizes=\"auto, (max-width: 300px) 100vw, 300px\" data-attachment-id=\"2228625\" data-permalink=\"https:\/\/www.infomoney.com.br\/politica\/reforma-tributaria-governadores-do-norte-e-nordeste-querem-representacao-igualitaria-em-conselho-federativo\/attachment\/29082023-lula4144\/\" data-orig-file=\"https:\/\/www.infomoney.com.br\/wp-content\/uploads\/2023\/08\/29082023-lula4144.jpg?fit=1024%2C768&amp;quality=70&amp;strip=all\" data-orig-size=\"1024,768\" data-comments-opened=\"0\" data-image-meta=\"{&quot;aperture&quot;:&quot;4.5&quot;,&quot;credit&quot;:&quot;LULA MARQUES&quot;,&quot;camera&quot;:&quot;Canon EOS-1D X Mark II&quot;,&quot;caption&quot;:&quot;Bras\\u00edlia (DF) 29\\\/08\\\/2023  Sess\\u00e3o tem\\u00e1tica para debater a proposta de emenda \\u00e0 Constitui\\u00e7\\u00e3o (PEC 45\\\/2019) da reforma tribut\\u00e1ria. Foram convidados os 27 governadores dos estados e do Distrito Federal. Foto Lula Marques\\\/ Ag\\u00eancia Brasil&quot;,&quot;created_timestamp&quot;:&quot;1693305835&quot;,&quot;copyright&quot;:&quot;&quot;,&quot;focal_length&quot;:&quot;30&quot;,&quot;iso&quot;:&quot;3200&quot;,&quot;shutter_speed&quot;:&quot;0.005&quot;,&quot;title&quot;:&quot;&quot;,&quot;orientation&quot;:&quot;0&quot;}\" data-image-title=\"Plen\u00e1rio do Senado\" data-image-description=\"\" data-image-caption=\"&lt;p&gt;Plen\u00e1rio do Senado Federal em Bras\u00edlia (Lula Marques\/Ag\u00eancia Brasil)&lt;\/p&gt;\n\" data-medium-file=\"https:\/\/www.infomoney.com.br\/wp-content\/uploads\/2023\/08\/29082023-lula4144.jpg?fit=300%2C225&amp;quality=70&amp;strip=all\" data-large-file=\"https:\/\/www.infomoney.com.br\/wp-content\/uploads\/2023\/08\/29082023-lula4144.jpg?fit=1024%2C768&amp;quality=70&amp;strip=all\" title=\"\"><\/p>\n<p>Tema de in&uacute;meros debates no Congresso Nacional, a proposta de emenda &agrave; Constitui&ccedil;&atilde;o (PEC) 45\/2019, da reforma tribut&aacute;ria, voltou a ser discutida pelo Senado nesta quinta-feira (28). Desta vez, a sess&atilde;o de debates tem&aacute;ticos reuniu no Plen&aacute;rio representantes dos prefeitos, que se mostraram favor&aacute;veis &agrave; reforma tribut&aacute;ria, mas manifestaram preocupa&ccedil;&atilde;o com alguns pontos, como a cria&ccedil;&atilde;o do Imposto sobre Valor Agregado (IVA), do qual far&aacute; parte o Imposto sobre Bens e Servi&ccedil;os (IBS), cujo&nbsp;o dep&oacute;sito da arrecada&ccedil;&atilde;o vai&nbsp;para os governos estaduais, com posterior repasse aos munic&iacute;pios.<\/p>\n<p>O presidente do Senado, Rodrigo Pacheco (PSD-MG), avaliou que todas as reivindica&ccedil;&otilde;es merecem ser ouvidas para que o texto tenha &ldquo;solidez&rdquo;, e conte com a ades&atilde;o convicta da ampla maioria da sociedade. Na opini&atilde;o do senador, a reforma tribut&aacute;ria precisa &ldquo;ser feita para durar&rdquo;, sendo uma decis&atilde;o de Estado que deve mirar o futuro e ter &ldquo;esp&iacute;rito de perman&ecirc;ncia&rdquo;.<\/p>\n<p>&ldquo;&Eacute; nossa obriga&ccedil;&atilde;o ouvir suas pondera&ccedil;&otilde;es, pois, ao faz&ecirc;-lo, estamos ouvindo quem est&aacute; mais pr&oacute;ximo dos pleitos verdadeiros da sociedade brasileira, das fam&iacute;lias, dos enfermos, das mulheres, das crian&ccedil;as. Como bem dizia o saudoso ex-governador de S&atilde;o Paulo, Franco Montoro, as pessoas n&atilde;o vivem na Uni&atilde;o, n&atilde;o vivem nos estados, elas vivem nos munic&iacute;pios, que, sem d&uacute;vida alguma, precisam ter suas pondera&ccedil;&otilde;es levadas em considera&ccedil;&atilde;o para elaborarmos um texto de reforma fact&iacute;vel, seguro e equilibrado&rdquo;, disse Pacheco.<\/p>\n<h2><strong>Efeitos sobre munic&iacute;pios<\/strong><\/h2>\n<p>Secret&aacute;rio extraordin&aacute;rio da reforma tribut&aacute;ria do Minist&eacute;rio da Fazenda e principal formulador da proposta, Bernard Appy explicou que a reforma tribut&aacute;ria afeta a arrecada&ccedil;&atilde;o dos munic&iacute;pios de duas formas. Primeiro, porque hoje esses entes arrecadam ISS e passar&atilde;o a arrecadar um imposto de base ampla, o IBS. Trata-se, como afirmou, de parte do IVA, que ser&aacute; tributado no destino, enquanto o ISS &eacute; tributado dominantemente na origem. Em segundo lugar, de acordo com Appy, a arrecada&ccedil;&atilde;o dos munic&iacute;pios ser&aacute; afetada no crit&eacute;rio de distribui&ccedil;&atilde;o da cota-parte do ICMS: essa cota passar&aacute; a ser parte da parcela estadual do IBS.<\/p>\n<p>&ldquo;Isso obviamente afeta a distribui&ccedil;&atilde;o da receita entre os munic&iacute;pios, [j&aacute; que] tem efeito sobre a participa&ccedil;&atilde;o de cada munic&iacute;pio no total da arrecada&ccedil;&atilde;o. A arrecada&ccedil;&atilde;o total &eacute; mantida. A reforma tribut&aacute;ria &eacute; neutra em termos de carga tribut&aacute;ria como propor&ccedil;&atilde;o do PIB, mas ela tem esse efeito&rdquo;, disse Appy.<\/p>\n<p>Presidente interino da Frente Nacional de Prefeitos (FNP), o prefeito de S&atilde;o Paulo, Ricardo Nunes (MDB), declarou que a quest&atilde;o &eacute; um dos &ldquo;pontos de alerta&rdquo; e afirmou que, se &ldquo;a institui&ccedil;&atilde;o do IVA fosse ben&eacute;fica, pa&iacute;ses que adotam o sistema, a exemplo da Argentina, n&atilde;o teriam mais de 100% de infla&ccedil;&atilde;o&rdquo;.<\/p>\n<p>&ldquo;S&oacute; para dizer que &eacute; uma preocupa&ccedil;&atilde;o do ponto de vista objetivo, pois, &eacute; l&oacute;gico que existe todo um estudo t&eacute;cnico, mas, objetivamente, no ponto crucial, real, esperamos que tenha crescimento, mas n&atilde;o &eacute;, pelo exemplo da Argentina, dizer que isso vai resolver os problemas, vai aumentar a nossa economia&rdquo;, afirmou.<\/p>\n<h2><strong>Ganha e perde&nbsp;<\/strong><\/h2>\n<p>Ainda segundo o prefeito de S&atilde;o Paulo, proje&ccedil;&otilde;es apontam que, com a reforma tribut&aacute;ria, munic&iacute;pios perder&atilde;o receita. Para Nunes, como&nbsp;o texto gera efeitos sobre a participa&ccedil;&atilde;o de cada ente no bolo final dos recursos, h&aacute; munic&iacute;pios que ser&atilde;o&nbsp;prejudicados.<\/p>\n<p>&ldquo;Por que tem que perder? N&atilde;o &eacute; razo&aacute;vel, porque o munic&iacute;pio que perder arrecada&ccedil;&atilde;o, seja ele qual for, grande, pequeno, m&eacute;dio, quer dizer que vai oferecer um servi&ccedil;o inferior aos seus moradores. Nenhum munic&iacute;pio fica fazendo caixa com os recursos que arrecada, mas devolve aos mun&iacute;cipes em servi&ccedil;o&rdquo;, ponderou.<\/p>\n<p>Appy respondeu que a reforma tribut&aacute;ria ter&aacute; um efeito positivo sobre o crescimento da economia brasileira, por corrigir distor&ccedil;&otilde;es do sistema tribut&aacute;rio. Para o secret&aacute;rio extraordin&aacute;rio do Minist&eacute;rio da Fazenda, embora seja precisar esses efeitos, &eacute; poss&iacute;vel afirmar que, num cen&aacute;rio conservador, haver&aacute; um aumento de 12 pontos percentuais do Produto Interno Bruto (PIB) em 15 anos. Num cen&aacute;rio otimista, na opini&atilde;o de Appy, esse efeito seria de 20 pontos percentuais de aumento do PIB no mesmo per&iacute;odo.<\/p>\n<p>&ldquo;Sendo que o consumo das fam&iacute;lias &mdash; que, no fundo, &eacute; a base sobre a qual incidem os novos tributos &mdash; cresce um pouco mais do que o crescimento do PIB, os tributos crescem um pouco mais ainda do que [&hellip;] o PIB nesses dois cen&aacute;rios. Isso significa que o crescimento da economia tem um efeito positivo para todos os munic&iacute;pios do Brasil. &Eacute; muito importante n&atilde;o tratar a reforma como um jogo de soma zero, em que o que um ganha, o outro perde. O efeito da reforma tribut&aacute;ria &eacute; um efeito positivo; no agregado, todos ganham, e &eacute; importante a gente considerar isso no debate&rdquo;, sinalizou.<\/p>\n<h2><strong>Cota-parte<\/strong><\/h2>\n<p>O prefeito de S&atilde;o Paulo tamb&eacute;m destacou pontos que a FNP considera importante acrescentar ao ao relat&oacute;rio do senador Eduardo Braga (MDB-AM) para a PEC 45\/2019. Entre eles, que a cota-parte do IBS estadual seja colocada como receita pr&oacute;pria do IBS municipal, com garantia de participa&ccedil;&atilde;o m&iacute;nima dos munic&iacute;pios no total do bolo tribut&aacute;rio.<\/p>\n<p>&ldquo;H&aacute; expectativa de que a reforma tribut&aacute;ria traga algum crescimento da economia e, portanto, um aumento da arrecada&ccedil;&atilde;o para o governo federal, estados e munic&iacute;pios. Mas tem todo um per&iacute;odo de transi&ccedil;&atilde;o, tem toda uma quest&atilde;o que envolve essa nova forma de tributa&ccedil;&atilde;o no nosso pa&iacute;s, e o que a Frente Nacional de Prefeitos prop&otilde;e &eacute; um patamar definido pela m&eacute;dia da participa&ccedil;&atilde;o municipal dos &uacute;ltimos cinco anos na receita dispon&iacute;vel total do setor p&uacute;blico. Portanto, &eacute; o gatilho de garantia de que os munic&iacute;pios sejam compensados por conta de uma eventual perda de arrecada&ccedil;&atilde;o. Instituir essa garantia &eacute; fundamental&rdquo;, declarou Nunes.<\/p>\n<h2><strong>Emendas<\/strong><\/h2>\n<p>Eduardo Braga ponderou que o Senado cumpre uma etapa importante das discuss&otilde;es sobre o assunto, ao ouvir os representantes dos munic&iacute;pios. Ele entregou a Rodrigo Pacheco o resultado de um estudo pedido por ele ao Tribunal de Contas da Uni&atilde;o (TCU), e aprovado pelo pleno do &oacute;rg&atilde;o nesta quarta-feira (27), que ajudar&aacute; na consolida&ccedil;&atilde;o do relat&oacute;rio. Ao informar que j&aacute; recebeu cerca de 250 emendas de senadores, Braga destacou a responsabilidade assumida pelos parlamentares de elaborar uma proposta equilibrada do ponto de vista federativo. O senador adiantou que deve entregar o parecer at&eacute; o fim de outubro.<\/p>\n<p>&ldquo;N&atilde;o tem sido f&aacute;cil. Estamos na busca desse entendimento para a constru&ccedil;&atilde;o de um texto que pretendemos trazer ao Plen&aacute;rio at&eacute; o fim de outubro. As pessoas vivem nos munic&iacute;pios. &Eacute; l&aacute; que elas trabalham, t&ecirc;m a mobilidade urbana, buscam educa&ccedil;&atilde;o e onde est&atilde;o os desafios do cotidiano dos brasileiros. E ouvir os munic&iacute;pios &eacute; fundamental nesta reta final em que estamos terminando nosso relat&oacute;rio&rdquo;, disse Eduardo Braga.<\/p>\n<p>Ainda segundo Eduardo Braga, na pr&oacute;xima semana o Senado terminar&aacute; a fase final das audi&ecirc;ncias p&uacute;blicas nas comiss&otilde;es e ele come&ccedil;ar&aacute; a escrever o relat&oacute;rio para a PEC 45\/2019.<\/p>\n<p>&ldquo;N&oacute;s precisamos ter, agora, um momento de escrever o texto e trabalhar em cima das emendas. Os senhores apresentaram, hoje, a defesas das emendas. N&oacute;s temos, agora, que nos debru&ccedil;ar sobre as emendas para que possamos come&ccedil;ar a escrever o texto do que vamos apresentar e come&ccedil;ar a debater, entre as bancadas aqui no Senado, o texto que n&oacute;s vamos levar &agrave; CCJ para vota&ccedil;&atilde;o. Inclusive, terei uma reuni&atilde;o com o presidente da CAE, na segunda-feira &agrave; tarde, para que n&oacute;s possamos, como dizem os caboclos l&aacute; no Amazonas, afinar a viola entre a CCJ e a CAE&rdquo;, disse o relator.<\/p>\n<h2><strong>&ldquo;Legisla&ccedil;&atilde;o moderna&rdquo;<\/strong><\/h2>\n<p>Para Rodrigo Pacheco, a vers&atilde;o final da PEC 45\/2019 deve resultar numa legisla&ccedil;&atilde;o moderna e eficiente, feita sem a&ccedil;odamentos. De acordo com o parlamentar, &ldquo;n&atilde;o resta d&uacute;vida de que a proposi&ccedil;&atilde;o &eacute; a mat&eacute;ria de natureza econ&ocirc;mica mais importante em tramita&ccedil;&atilde;o no Parlamento&rdquo;.<\/p>\n<p>&ldquo;Essa mat&eacute;ria n&atilde;o somente &eacute; a mais importante, mas tamb&eacute;m &eacute; a mais complexa.&nbsp; Ela atinge os interesses materiais de todas as empresas, de todos os trabalhadores, de todos os consumidores, de todos os entes p&uacute;blicos da Federa&ccedil;&atilde;o. N&atilde;o importa a classe social, a escolaridade ou a atividade laborativa, todos os brasileiros ser&atilde;o por ela alcan&ccedil;ados&rdquo;, disse.<\/p>\n<p>O presidente da Comiss&atilde;o de Assuntos Econ&ocirc;micos (CAE), senador Vanderlan Cardoso (PSD-GO), classificou a reforma tribut&aacute;ria essencial. Ele destacou a responsabilidade de Eduardo Braga de oferecer mudan&ccedil;as ao texto aprovado pela C&acirc;mara dos Deputados, com vistas a atender a todos os atores envolvidos no processo. O parlamentar disse conhecer as dificuldades enfrentadas pelos munic&iacute;pios, por j&aacute; ter exercido o cargo de prefeito, e sublinhou o papel do Senado em aprofundar a discuss&atilde;o.<\/p>\n<p>&ldquo;At&eacute; os meninos da creche est&atilde;o falando nisso, na t&atilde;o sonhada reforma tribut&aacute;ria. Muita coisa boa veio na reforma. Mas muitos pontos a gente j&aacute; discutiu, e o senador Eduardo, profundo conhecedor do tema, ajudar&aacute; a melhorar, aperfei&ccedil;oar e dar sua contribui&ccedil;&atilde;o ao assunto&rdquo;, afirmou.<\/p>\n<h2>Debates<\/h2>\n<p>A sess&atilde;o com os prefeitos atendeu a requerimento do vice-presidente do Senado, Veneziano Vital do R&ecirc;go (MDB-PB).<\/p>\n<p>Outra sess&atilde;o tem&aacute;tica do Senado sobre a reforma tribut&aacute;ria aconteceu em 29 de agosto, com a presen&ccedil;a de governadores.&nbsp;Um dos pontos destacados na ocasi&atilde;o foi a configura&ccedil;&atilde;o e o funcionamento do Conselho Federativo a ser criado PEC 45\/2019, com a fun&ccedil;&atilde;o de gerir a distribui&ccedil;&atilde;o do Imposto sobre Bens e Servi&ccedil;os (IBS). Os governadores pediram mais debate tamb&eacute;m sobre quest&otilde;es como os limites que caracterizariam o IBS, com respeito &agrave; autonomia federativa; a metodologia e o prazo para essa transi&ccedil;&atilde;o, bem como o dimensionamento e a distribui&ccedil;&atilde;o do Fundo de Desenvolvimento Regional (FNDR), que tamb&eacute;m deve ser criado pela PEC 45\/2019. Esse fundo dever&aacute; ser financiado com recursos da Uni&atilde;o, com valores crescentes a partir de 2029, chegando a R$ 40 bilh&otilde;es por ano a partir de 2033.<\/p>\n<p>J&aacute; na Comiss&atilde;o de Constitui&ccedil;&atilde;o, Justi&ccedil;a e Cidadania (CCJ), que tamb&eacute;m tem se aprofundado no assunto, representantes do agroneg&oacute;cio e do cooperativismo&nbsp;defenderam, entre outros pontos, a manuten&ccedil;&atilde;o dos benef&iacute;cios credit&iacute;cios e fiscais j&aacute; garantidos pela Constitui&ccedil;&atilde;o, a ado&ccedil;&atilde;o de al&iacute;quotas reduzidas e o tratamento diferenciado para produtos de g&ecirc;nero aliment&iacute;cio e biocombust&iacute;veis. Esse debate aconteceu na quarta-feira, 20 de setembro.<\/p>\n<\/p>\n<div class=\"cta-end\">\n<div class=\"im-cta\" >\n<div class=\"im-shortcode-forms bg-light bg-opacity-25 border rounded-4 p-3 p-sm-4 p-md-3 p-lg-4 px-xxl-5 my-5\" data-configuration='{\"form_name\":false,\"form_hat\":\"Newsletter\",\"form_email\":true,\"form_icon\":\"newsletter\",\"form_phone\":false,\"form_campaign\":\"NIM\",\"form_thankyou\":\"\",\"form_journey\":\"APIEvent-26a5198d-8e09-06ef-5f80-cd9127757ad1\",\"form_button\":\"Quero receber\",\"form_context\":\"newsletter\",\"form_origin\":\"https:\\\/\\\/www.infomoney.com.br\\\/politica\\\/feed\\\/?utm_medium=materia&#038;utm_source=infomoney&#038;utm_campaign=NIM&#038;utm_term=politica&#038;utm_content=newsletter\",\"form_position\":\"final\",\"form_category\":\"cta_form\"}'>\n<div class=\"d-flex flex-column align-items-center align-items-lg-start mb-4 flex-lg-row\">\n<div class=\"rounded-circle mb-2 mb-lg-0 mr-lg-4 me-lg-4 p-3 p-lg-4 bg-blue-400\"><svg width=\"40\" height=\"40\" viewBox=\"0 0 40 40\" fill=\"none\" xmlns=\"http:\/\/www.w3.org\/2000\/svg\"><path d=\"M20 20.25 6.042 11.042v19.041c0 .167.048.299.146.396a.535.535 0 0 0 .395.146h15.792V32.5H6.583a2.328 2.328 0 0 1-1.708-.708 2.328 2.328 0 0 1-.708-1.709V9.917c0-.667.236-1.236.708-1.709A2.328 2.328 0 0 1 6.583 7.5h26.834c.666 0 1.236.236 1.708.708a2.33 2.33 0 0 1 .708 1.709v12.458h-1.875V11.042L20 20.25Zm0-2 13.667-8.875H6.333L20 18.25Zm11.75 18.958-1.292-1.333 3.334-3.375h-9v-1.875h9l-3.375-3.417 1.333-1.291 5.667 5.625-5.667 5.666ZM6.042 11.042v20.791-9.458.25-13.25 1.667Z\" fill=\"#fff\"\/><\/svg><\/div>\n<div class=\"flex-fill text-center text-lg-left\">\n<div class=\"h6 small text-orange-700 lh-base mb-1\">Newsletter<\/div>\n<div class=\"text-body h4 m-0\">Infomorning<\/div>\n<div class=\"text-body small lh-base mt-2\">Receba no seu e-mail logo pela manh&atilde; as not&iacute;cias que v&atilde;o mexer com os mercados, com os seus investimentos e o seu bolso durante o dia<\/div>\n<\/div>\n<\/div>\n<\/div>\n<\/div>\n<\/div>\n<p>The post <a rel=\"nofollow noopener\" href=\"https:\/\/www.infomoney.com.br\/politica\/prefeitos-apoiam-reforma-tributaria-mas-pedem-autonomia-na-arrecadacao\/\" target=\"_blank\">Prefeitos apoiam reforma tribut\u00e1ria, mas pedem autonomia na arrecada\u00e7\u00e3o<\/a> appeared first on <a rel=\"nofollow noopener\" href=\"https:\/\/www.infomoney.com.br\/\" target=\"_blank\">InfoMoney<\/a>.<\/p>\n","protected":false},"excerpt":{"rendered":"<p><img loading=\"lazy\" decoding=\"async\" width=\"300\" height=\"225\" src=\"https:\/\/www.infomoney.com.br\/wp-content\/uploads\/2023\/08\/29082023-lula4144.jpg?fit=300%2C225&amp;quality=70&amp;strip=all\" class=\"attachment-medium size-medium wp-post-image\" alt=\"\" data-attachment-id=\"2228625\" data-permalink=\"https:\/\/www.infomoney.com.br\/politica\/reforma-tributaria-governadores-do-norte-e-nordeste-querem-representacao-igualitaria-em-conselho-federativo\/attachment\/29082023-lula4144\/\" data-orig-file=\"https:\/\/www.infomoney.com.br\/wp-content\/uploads\/2023\/08\/29082023-lula4144.jpg?fit=1024%2C768&amp;quality=70&amp;strip=all\" data-orig-size=\"1024,768\" data-comments-opened=\"0\" data-image-meta='{\"aperture\":\"4.5\",\"credit\":\"LULA MARQUES\",\"camera\":\"Canon EOS-1D X Mark II\",\"caption\":\"Bras\\u00edlia (DF) 29\\\/08\\\/2023  Sess\\u00e3o tem\\u00e1tica para debater a proposta de emenda \\u00e0 Constitui\\u00e7\\u00e3o (PEC 45\\\/2019) da reforma tribut\\u00e1ria. Foram convidados os 27 governadores dos estados e do Distrito Federal. Foto Lula Marques\\\/ Ag\\u00eancia Brasil\",\"created_timestamp\":\"1693305835\",\"copyright\":\"\",\"focal_length\":\"30\",\"iso\":\"3200\",\"shutter_speed\":\"0.005\",\"title\":\"\",\"orientation\":\"0\"}' data-image-title=\"Plen\u00e1rio do Senado\" data-image-description=\"\" data-image-caption=\"&lt;p&gt;Plen\u00e1rio do Senado Federal em Bras\u00edlia (Lula Marques\/Ag\u00eancia Brasil)&lt;\/p&gt;\n\" data-medium-file=\"https:\/\/www.infomoney.com.br\/wp-content\/uploads\/2023\/08\/29082023-lula4144.jpg?fit=300%2C225&amp;quality=70&amp;strip=all\" data-large-file=\"https:\/\/www.infomoney.com.br\/wp-content\/uploads\/2023\/08\/29082023-lula4144.jpg?fit=1024%2C768&amp;quality=70&amp;strip=all\">Ricardo Nunes disse que, se &#8220;a institui\u00e7\u00e3o do IVA fosse ben\u00e9fica, pa\u00edses que adotam o sistema, a exemplo da Argentina, n\u00e3o teriam mais de 100% de infla\u00e7\u00e3o&#8221;<\/p>\n<p>The post <a rel=\"nofollow\" href=\"https:\/\/www.infomoney.com.br\/politica\/prefeitos-apoiam-reforma-tributaria-mas-pedem-autonomia-na-arrecadacao\/\">Prefeitos apoiam reforma tribut\u00e1ria, mas pedem autonomia na arrecada\u00e7\u00e3o<\/a> appeared first on <a rel=\"nofollow\" href=\"https:\/\/www.infomoney.com.br\/\">InfoMoney<\/a>.<\/p>\n","protected":false},"author":47,"featured_media":0,"comment_status":"closed","ping_status":"closed","sticky":false,"template":"","format":"standard","meta":{"advgb_blocks_editor_width":"","advgb_blocks_columns_visual_guide":"","footnotes":""},"categories":[34,1611,47,191,403],"tags":[35],"class_list":["post-36666","post","type-post","status-publish","format-standard","hentry","category-g1","category-municipios","category-politica","category-reforma-tributaria","category-senado","tag-g1"],"author_meta":{"display_name":"luispereira","author_link":"https:\/\/sindaopcpb.org.br\/author\/luispereira\/"},"featured_img":null,"coauthors":[],"tax_additional":{"categories":{"linked":["<a href=\"https:\/\/sindaopcpb.org.br\/g1\/\" class=\"advgb-post-tax-term\">G1<\/a>","<a href=\"https:\/\/sindaopcpb.org.br\/municipios\/\" class=\"advgb-post-tax-term\">Munic\u00edpios<\/a>","<a href=\"https:\/\/sindaopcpb.org.br\/politica\/\" class=\"advgb-post-tax-term\">POLITICA<\/a>","<a href=\"https:\/\/sindaopcpb.org.br\/reforma-tributaria\/\" class=\"advgb-post-tax-term\">reforma tribut\u00e1ria<\/a>","<a href=\"https:\/\/sindaopcpb.org.br\/senado\/\" class=\"advgb-post-tax-term\">Senado<\/a>"],"unlinked":["<span class=\"advgb-post-tax-term\">G1<\/span>","<span class=\"advgb-post-tax-term\">Munic\u00edpios<\/span>","<span class=\"advgb-post-tax-term\">POLITICA<\/span>","<span class=\"advgb-post-tax-term\">reforma tribut\u00e1ria<\/span>","<span class=\"advgb-post-tax-term\">Senado<\/span>"]},"tags":{"linked":["<a href=\"https:\/\/sindaopcpb.org.br\/senado\/\" class=\"advgb-post-tax-term\">g1<\/a>"],"unlinked":["<span class=\"advgb-post-tax-term\">g1<\/span>"]}},"comment_count":"0","relative_dates":{"created":"Publicado 3 anos atr\u00e1s","modified":"Atualizado 3 anos atr\u00e1s"},"absolute_dates":{"created":"Publicado em 29 de setembro de 2023","modified":"Atualizado em 29 de setembro de 2023"},"absolute_dates_time":{"created":"Publicado em 29 de setembro de 2023 10:46","modified":"Atualizado em 29 de setembro de 2023 10:46"},"featured_img_caption":"","series_order":"","_links":{"self":[{"href":"https:\/\/sindaopcpb.org.br\/index.php\/wp-json\/wp\/v2\/posts\/36666","targetHints":{"allow":["GET"]}}],"collection":[{"href":"https:\/\/sindaopcpb.org.br\/index.php\/wp-json\/wp\/v2\/posts"}],"about":[{"href":"https:\/\/sindaopcpb.org.br\/index.php\/wp-json\/wp\/v2\/types\/post"}],"author":[{"embeddable":true,"href":"https:\/\/sindaopcpb.org.br\/index.php\/wp-json\/wp\/v2\/users\/47"}],"replies":[{"embeddable":true,"href":"https:\/\/sindaopcpb.org.br\/index.php\/wp-json\/wp\/v2\/comments?post=36666"}],"version-history":[{"count":1,"href":"https:\/\/sindaopcpb.org.br\/index.php\/wp-json\/wp\/v2\/posts\/36666\/revisions"}],"predecessor-version":[{"id":36667,"href":"https:\/\/sindaopcpb.org.br\/index.php\/wp-json\/wp\/v2\/posts\/36666\/revisions\/36667"}],"wp:attachment":[{"href":"https:\/\/sindaopcpb.org.br\/index.php\/wp-json\/wp\/v2\/media?parent=36666"}],"wp:term":[{"taxonomy":"category","embeddable":true,"href":"https:\/\/sindaopcpb.org.br\/index.php\/wp-json\/wp\/v2\/categories?post=36666"},{"taxonomy":"post_tag","embeddable":true,"href":"https:\/\/sindaopcpb.org.br\/index.php\/wp-json\/wp\/v2\/tags?post=36666"}],"curies":[{"name":"wp","href":"https:\/\/api.w.org\/{rel}","templated":true}]}}