{"id":36648,"date":"2023-09-29T10:45:41","date_gmt":"2023-09-29T13:45:41","guid":{"rendered":"https:\/\/wpa.wscom.com.br\/?p=925121"},"modified":"2023-09-29T10:45:41","modified_gmt":"2023-09-29T13:45:41","slug":"desemprego-no-brasil-recua-a-78-e-atinge-menor-nivel-desde-fevereiro-de-2015","status":"publish","type":"post","link":"https:\/\/sindaopcpb.org.br\/index.php\/2023\/09\/29\/desemprego-no-brasil-recua-a-78-e-atinge-menor-nivel-desde-fevereiro-de-2015\/","title":{"rendered":"Desemprego no Brasil recua a 7,8% e atinge menor n\u00edvel desde fevereiro de 2015"},"content":{"rendered":"<p><a href=\"https:\/\/www.infomoney.com.br\/economia\/taxa-media-de-desemprego-no-brasil-vai-para-78-no-trimestre-encerrado-em-agosto-em-linha-com-esperado\/\" rel=\"noopener nofollow\" target=\"_blank\"><b>Infomoney<\/b><\/a><b>\u00a0&#8211;\u00a0<\/b>A taxa de desemprego no Brasil ficou em 7,8% nos tr\u00eas meses at\u00e9 agosto, informou o Instituto Brasileiro de Geografia e Estat\u00edstica (IBGE) nesta sexta-feira (29).<\/p>\n<p>O consenso de analistas ouvidos pela Refinitiv projetava uma taxa de 7,8% em agosto, ficando assim em linha com o esperado.<\/p>\n<p>O n\u00famero mostrou uma queda de 0,5 ponto percentual (p.p) em rela\u00e7\u00e3o ao trimestre anterior, de mar\u00e7o a maio de 2023.<\/p>\n<p>Esse \u00e9 o menor \u00edndice desde fevereiro de 2015, quando foi de 7,5%. Na compara\u00e7\u00e3o com o mesmo per\u00edodo de 2022, a taxa de desocupa\u00e7\u00e3o caiu 1,1 p.p.<\/p>\n<p>O contingente de pessoas desocupadas foi de 8,4 milh\u00f5es no trimestre encerrado em agosto de 2023, o menor contingente desde o trimestre m\u00f3vel encerrado em junho de 2015, quando foi de 8,5 milh\u00f5es.<\/p>\n<p>Esse n\u00famero significa um recuo de 5,9% na compara\u00e7\u00e3o com o trimestre encerrado em maio de 2023, o que significa que havia menos 528 mil pessoas desocupadas no pa\u00eds. No confronto anual, a queda \u00e9 ainda maior: 13,2%, ou menos 1,3 milh\u00e3o de pessoas.<\/p>\n<p>A queda na desocupa\u00e7\u00e3o est\u00e1 diretamente influenciada pela alta de n\u00famero de pessoas trabalhando, explica Adriana Beringuy, coordenadora de Pesquisas por Amostra de Domic\u00edlio. A popula\u00e7\u00e3o ocupada chegou a 99,7 milh\u00f5es, um crescimento de 1,3% (ou 1,3 milh\u00e3o de pessoas) no confronto contra o tri encerrado em maio.<\/p>\n<p>Tamb\u00e9m um aumento, de 0,6% (mais 641 mil pessoas) na compara\u00e7\u00e3o contra o mesmo tri de 2022. Com isso, o n\u00edvel da ocupa\u00e7\u00e3o (percentual de pessoas ocupadas na popula\u00e7\u00e3o em idade de trabalhar) foi estimado em 57%. \u201cEsse quadro favor\u00e1vel pelo lado da ocupa\u00e7\u00e3o \u00e9 o que permite a redu\u00e7\u00e3o do n\u00famero de pessoas que procuram trabalho\u201d, arremata a pesquisadora.<\/p>\n<p>Tr\u00eas grupamentos de atividades foram respons\u00e1veis pelo desempenho do mercado de trabalho no trimestre m\u00f3vel terminado em agosto. A maior varia\u00e7\u00e3o no confronto contra o tri encerrado em maio foi de Servi\u00e7os dom\u00e9sticos, que teve alta de 2,9%, o que significa um incremento de mais 164 mil pessoas ocupadas.<\/p>\n<p>Em seguida, o grupo de Administra\u00e7\u00e3o p\u00fablica, defesa, seguridade social, educa\u00e7\u00e3o, sa\u00fade humana e servi\u00e7os sociais, com alta de 2,4% (ou mais 422 mil pessoas), principalmente na \u00e1rea da Sa\u00fade e da Educa\u00e7\u00e3o p\u00fablica. Fecha o trio as atividades de Informa\u00e7\u00e3o, Comunica\u00e7\u00e3o e Atividades Financeiras, Imobili\u00e1rias, Profissionais e Administrativas, que registraram expans\u00e3o de 2,3% (mais 275 mil pessoas) ocupadas. \u201cNo geral, houve resultado positivo tamb\u00e9m porque nenhum outro grupo registrou perda estat\u00edstica de trabalhadores. Mas esses tr\u00eas grupamentos, em especial, contribu\u00edram no processo de absor\u00e7\u00e3o de trabalhadores\u201d, afirma Beringuy.<\/p>\n<p>A popula\u00e7\u00e3o subocupada por insufici\u00eancia de horas trabalhadas aumentou 3,9% (199 mil pessoas) no trimestre e chegou a 5,3 milh\u00f5es, queda de 17,3% (1,1 milh\u00e3o) no ano. J\u00e1 a popula\u00e7\u00e3o fora da for\u00e7a de trabalho foi de 66,8 milh\u00f5es, queda de 0,5% ante o trimestre anterior (menos 347 mil pessoas) e aumento de 3,4% (mais 2,2 milh\u00f5es) na compara\u00e7\u00e3o anual.<\/p>\n<p>O post <a rel=\"nofollow noopener\" href=\"https:\/\/wscom.com.br\/desemprego-no-brasil-recua-a-78-e-atinge-menor-nivel-desde-fevereiro-de-2015\/\" target=\"_blank\">Desemprego no Brasil recua a 7,8% e atinge menor n\u00edvel desde fevereiro de 2015<\/a> apareceu primeiro em <a rel=\"nofollow noopener\" href=\"https:\/\/wscom.com.br\/\" target=\"_blank\">WSCOM<\/a>.<\/p>\n","protected":false},"excerpt":{"rendered":"<p>Infomoney\u00a0\u2013\u00a0A taxa de desemprego no Brasil ficou em 7,8% nos tr\u00eas meses at\u00e9 agosto, informou o Instituto Brasileiro de Geografia e Estat\u00edstica (IBGE) nesta sexta-feira (29). O consenso de analistas ouvidos pela Refinitiv projetava uma taxa de 7,8% em agosto, ficando assim em linha com o esperado. O n\u00famero mostrou uma queda de 0,5 ponto [\u2026]<\/p>\n<p>O post <a rel=\"nofollow\" href=\"https:\/\/wscom.com.br\/desemprego-no-brasil-recua-a-78-e-atinge-menor-nivel-desde-fevereiro-de-2015\/\">Desemprego no Brasil recua a 7,8% e atinge menor n\u00edvel desde fevereiro de 2015<\/a> apareceu primeiro em <a rel=\"nofollow\" href=\"https:\/\/wscom.com.br\/\">WSCOM<\/a>.<\/p>\n","protected":false},"author":50,"featured_media":0,"comment_status":"closed","ping_status":"closed","sticky":false,"template":"","format":"standard","meta":{"advgb_blocks_editor_width":"","advgb_blocks_columns_visual_guide":"","footnotes":""},"categories":[69,770,34,4711],"tags":[35],"class_list":["post-36648","post","type-post","status-publish","format-standard","hentry","category-economia","category-emprego","category-g1","category-queda","tag-g1"],"author_meta":{"display_name":"Wallyson","author_link":"https:\/\/sindaopcpb.org.br\/author\/wallyson\/"},"featured_img":null,"coauthors":[],"tax_additional":{"categories":{"linked":["<a href=\"https:\/\/sindaopcpb.org.br\/economia\/\" class=\"advgb-post-tax-term\">Economia<\/a>","<a href=\"https:\/\/sindaopcpb.org.br\/emprego\/\" class=\"advgb-post-tax-term\">Emprego<\/a>","<a href=\"https:\/\/sindaopcpb.org.br\/g1\/\" class=\"advgb-post-tax-term\">G1<\/a>","<a href=\"https:\/\/sindaopcpb.org.br\/queda\/\" class=\"advgb-post-tax-term\">Queda<\/a>"],"unlinked":["<span class=\"advgb-post-tax-term\">Economia<\/span>","<span class=\"advgb-post-tax-term\">Emprego<\/span>","<span class=\"advgb-post-tax-term\">G1<\/span>","<span class=\"advgb-post-tax-term\">Queda<\/span>"]},"tags":{"linked":["<a href=\"https:\/\/sindaopcpb.org.br\/queda\/\" class=\"advgb-post-tax-term\">g1<\/a>"],"unlinked":["<span class=\"advgb-post-tax-term\">g1<\/span>"]}},"comment_count":"0","relative_dates":{"created":"Publicado 3 anos atr\u00e1s","modified":"Atualizado 3 anos atr\u00e1s"},"absolute_dates":{"created":"Publicado em 29 de setembro de 2023","modified":"Atualizado em 29 de setembro de 2023"},"absolute_dates_time":{"created":"Publicado em 29 de setembro de 2023 10:45","modified":"Atualizado em 29 de setembro de 2023 10:45"},"featured_img_caption":"","series_order":"","_links":{"self":[{"href":"https:\/\/sindaopcpb.org.br\/index.php\/wp-json\/wp\/v2\/posts\/36648","targetHints":{"allow":["GET"]}}],"collection":[{"href":"https:\/\/sindaopcpb.org.br\/index.php\/wp-json\/wp\/v2\/posts"}],"about":[{"href":"https:\/\/sindaopcpb.org.br\/index.php\/wp-json\/wp\/v2\/types\/post"}],"author":[{"embeddable":true,"href":"https:\/\/sindaopcpb.org.br\/index.php\/wp-json\/wp\/v2\/users\/50"}],"replies":[{"embeddable":true,"href":"https:\/\/sindaopcpb.org.br\/index.php\/wp-json\/wp\/v2\/comments?post=36648"}],"version-history":[{"count":1,"href":"https:\/\/sindaopcpb.org.br\/index.php\/wp-json\/wp\/v2\/posts\/36648\/revisions"}],"predecessor-version":[{"id":36649,"href":"https:\/\/sindaopcpb.org.br\/index.php\/wp-json\/wp\/v2\/posts\/36648\/revisions\/36649"}],"wp:attachment":[{"href":"https:\/\/sindaopcpb.org.br\/index.php\/wp-json\/wp\/v2\/media?parent=36648"}],"wp:term":[{"taxonomy":"category","embeddable":true,"href":"https:\/\/sindaopcpb.org.br\/index.php\/wp-json\/wp\/v2\/categories?post=36648"},{"taxonomy":"post_tag","embeddable":true,"href":"https:\/\/sindaopcpb.org.br\/index.php\/wp-json\/wp\/v2\/tags?post=36648"}],"curies":[{"name":"wp","href":"https:\/\/api.w.org\/{rel}","templated":true}]}}