{"id":36624,"date":"2023-09-29T08:09:33","date_gmt":"2023-09-29T11:09:33","guid":{"rendered":"https:\/\/wpa.wscom.com.br\/?p=925103"},"modified":"2023-09-29T08:09:33","modified_gmt":"2023-09-29T11:09:33","slug":"libertadores-palmeiras-e-boca-juniors-nao-saem-do-0-a-0-na-argentina","status":"publish","type":"post","link":"https:\/\/sindaopcpb.org.br\/index.php\/2023\/09\/29\/libertadores-palmeiras-e-boca-juniors-nao-saem-do-0-a-0-na-argentina\/","title":{"rendered":"Libertadores: Palmeiras e Boca Juniors n\u00e3o saem do 0 a 0 na Argentina"},"content":{"rendered":"<p>&nbsp;<\/p>\n<p>&nbsp;<\/p>\n<p>O primeiro cap\u00edtulo do confronto entre Palmeiras e Boca Juniors (Argentina) em busca de uma vaga na final da Copa Libertadores terminou em empate sem gols, na noite desta quinta-feira (28) no est\u00e1dio da Bombonera, em Buenos Aires. A\u00a0R\u00e1dio Nacional\u00a0transmitiu a partida ao vivo.<img decoding=\"async\" src=\"https:\/\/agenciabrasil.ebc.com.br\/ebc.png?id=1558301&amp;o=node\" alt=\"\" title=\"\"><\/p>\n<blockquote class=\"twitter-tweet\" data-width=\"550\" data-dnt=\"true\">\n<p lang=\"pt\" dir=\"ltr\"><img decoding=\"async\" src=\"https:\/\/s.w.org\/images\/core\/emoji\/13.0.1\/72x72\/26bd.png\" alt=\"\u26bd\" class=\"wp-smiley\" style=\"height: 1em; max-height: 1em;\" title=\"\"><img decoding=\"async\" src=\"https:\/\/s.w.org\/images\/core\/emoji\/13.0.1\/72x72\/1f3c6.png\" alt=\"\ud83c\udfc6\" class=\"wp-smiley\" style=\"height: 1em; max-height: 1em;\" title=\"\"> Tudo igual na Bombonera! <a href=\"https:\/\/twitter.com\/BocaJrsOficial?ref_src=twsrc%5Etfw\" rel=\"nofollow noopener\" target=\"_blank\">@BocaJrsOficial<\/a> e <a href=\"https:\/\/twitter.com\/Palmeiras?ref_src=twsrc%5Etfw\" rel=\"nofollow noopener\" target=\"_blank\">@Palmeiras<\/a> empataram sem gols no primeiro jogo da Semifinal da CONMEBOL <a href=\"https:\/\/twitter.com\/hashtag\/Libertadores?src=hash&amp;ref_src=twsrc%5Etfw\" rel=\"nofollow noopener\" target=\"_blank\">#Libertadores<\/a>!<\/p>\n<p><img decoding=\"async\" src=\"https:\/\/s.w.org\/images\/core\/emoji\/13.0.1\/72x72\/1f51c.png\" alt=\"\ud83d\udd1c\" class=\"wp-smiley\" style=\"height: 1em; max-height: 1em;\" title=\"\"> A defini\u00e7\u00e3o do finalista ser\u00e1 na pr\u00f3xima quinta-feira, em S\u00e3o Paulo!<a href=\"https:\/\/twitter.com\/hashtag\/GloriaEterna?src=hash&amp;ref_src=twsrc%5Etfw\" rel=\"nofollow noopener\" target=\"_blank\">#GloriaEterna<\/a> <a href=\"https:\/\/t.co\/Xe2X2pT7Fw\" rel=\"nofollow\">pic.twitter.com\/Xe2X2pT7Fw<\/a><\/p>\n<p>&mdash; CONMEBOL Libertadores (@LibertadoresBR) <a href=\"https:\/\/twitter.com\/LibertadoresBR\/status\/1707582581762392312?ref_src=twsrc%5Etfw\" rel=\"nofollow noopener\" target=\"_blank\">September 29, 2023<\/a><\/p>\n<\/blockquote>\n<p><script async src=\"https:\/\/platform.twitter.com\/widgets.js\" charset=\"utf-8\"><\/script><\/p>\n<p>Agora as equipes voltam a se encontrar na pr\u00f3xima quinta-feira (5), no Allianz Parque, em S\u00e3o Paulo, para definir quem enfrenta Fluminense ou Internacional na grande decis\u00e3o da principal competi\u00e7\u00e3o de clubes da Am\u00e9rica do Sul. O Tricolor e o Colorado ficaram no 2 a 2 na \u00faltima quarta-feira (27) no est\u00e1dio do Maracan\u00e3.<\/p>\n<p>Diante de um Boca que era empurrado por sua apaixonada torcida, o time comandado pelo t\u00e9cnico portugu\u00eas Abel Ferreira pouco fez no primeiro tempo e viu a equipe argentina chegar com perigo em algumas oportunidades, com destaque para duas finaliza\u00e7\u00f5es de cabe\u00e7a do uruguaio Cavani, aos 15 e aos 46 minutos.<\/p>\n<blockquote class=\"twitter-tweet\" data-width=\"550\" data-dnt=\"true\">\n<p lang=\"und\" dir=\"ltr\"><img decoding=\"async\" src=\"https:\/\/s.w.org\/images\/core\/emoji\/13.0.1\/72x72\/1f525.png\" alt=\"\ud83d\udd25\" class=\"wp-smiley\" style=\"height: 1em; max-height: 1em;\" title=\"\"><img decoding=\"async\" src=\"https:\/\/s.w.org\/images\/core\/emoji\/13.0.1\/72x72\/1f4f7.png\" alt=\"\ud83d\udcf7\" class=\"wp-smiley\" style=\"height: 1em; max-height: 1em;\" title=\"\"> <a href=\"https:\/\/twitter.com\/BocaJrsOficial?ref_src=twsrc%5Etfw\" rel=\"nofollow noopener\" target=\"_blank\">@BocaJrsOficial<\/a> <img decoding=\"async\" src=\"https:\/\/s.w.org\/images\/core\/emoji\/13.0.1\/72x72\/1f19a.png\" alt=\"\ud83c\udd9a\" class=\"wp-smiley\" style=\"height: 1em; max-height: 1em;\" title=\"\"> <a href=\"https:\/\/twitter.com\/Palmeiras?ref_src=twsrc%5Etfw\" rel=\"nofollow noopener\" target=\"_blank\">@Palmeiras<\/a>!<a href=\"https:\/\/twitter.com\/hashtag\/Libertadores?src=hash&amp;ref_src=twsrc%5Etfw\" rel=\"nofollow noopener\" target=\"_blank\">#Libertadores<\/a> <a href=\"https:\/\/twitter.com\/hashtag\/GloriaEterna?src=hash&amp;ref_src=twsrc%5Etfw\" rel=\"nofollow noopener\" target=\"_blank\">#GloriaEterna<\/a> <a href=\"https:\/\/t.co\/ldrmwOinhJ\" rel=\"nofollow\">pic.twitter.com\/ldrmwOinhJ<\/a><\/p>\n<p>&mdash; CONMEBOL Libertadores (@LibertadoresBR) <a href=\"https:\/\/twitter.com\/LibertadoresBR\/status\/1707558298826813950?ref_src=twsrc%5Etfw\" rel=\"nofollow noopener\" target=\"_blank\">September 29, 2023<\/a><\/p>\n<\/blockquote>\n<p><script async src=\"https:\/\/platform.twitter.com\/widgets.js\" charset=\"utf-8\"><\/script><\/p>\n<p>A etapa final teve um roteiro muito parecido, e o Boca Juniors chegou a colocar uma bola no fundo do gol defendido por Weverton aos 13 minutos com Merentiel, mas o lance acabou anulado por causa de falta em Marcos Rocha. A partir da\u00ed o goleiro palmeirense teve trabalho, mas conseguiu manter o placar inalterado at\u00e9 o apito final.<\/p>\n<p>O post <a rel=\"nofollow noopener\" href=\"https:\/\/wscom.com.br\/libertadores-palmeiras-e-boca-juniors-nao-saem-do-0-a-0-na-argentina\/\" target=\"_blank\">Libertadores: Palmeiras e Boca Juniors n\u00e3o saem do 0 a 0 na Argentina<\/a> apareceu primeiro em <a rel=\"nofollow noopener\" href=\"https:\/\/wscom.com.br\/\" target=\"_blank\">WSCOM<\/a>.<\/p>\n","protected":false},"excerpt":{"rendered":"<p>\u00a0 \u00a0 O primeiro cap\u00edtulo do confronto entre Palmeiras e Boca Juniors (Argentina) em busca de uma vaga na final da Copa Libertadores terminou em empate sem gols, na noite desta quinta-feira (28) no est\u00e1dio da Bombonera, em Buenos Aires. A\u00a0R\u00e1dio Nacional\u00a0transmitiu a partida ao vivo. \u26bd\ud83c\udfc6 Tudo igual na Bombonera! @BocaJrsOficial e @Palmeiras empataram [\u2026]<\/p>\n<p>O post <a rel=\"nofollow\" href=\"https:\/\/wscom.com.br\/libertadores-palmeiras-e-boca-juniors-nao-saem-do-0-a-0-na-argentina\/\">Libertadores: Palmeiras e Boca Juniors n\u00e3o saem do 0 a 0 na Argentina<\/a> apareceu primeiro em <a rel=\"nofollow\" href=\"https:\/\/wscom.com.br\/\">WSCOM<\/a>.<\/p>\n","protected":false},"author":42,"featured_media":0,"comment_status":"closed","ping_status":"closed","sticky":false,"template":"","format":"standard","meta":{"advgb_blocks_editor_width":"","advgb_blocks_columns_visual_guide":"","footnotes":""},"categories":[9538,1396,426,79,34,1485],"tags":[35],"class_list":["post-36624","post","type-post","status-publish","format-standard","hentry","category-boca-juniors","category-copa-libertadores","category-esportes","category-futebol","category-g1","category-palmeiras","tag-g1"],"author_meta":{"display_name":"Rafael Andrade","author_link":"https:\/\/sindaopcpb.org.br\/author\/rafael-andrade\/"},"featured_img":null,"coauthors":[],"tax_additional":{"categories":{"linked":["<a href=\"https:\/\/sindaopcpb.org.br\/boca-juniors\/\" class=\"advgb-post-tax-term\">Boca Juniors<\/a>","<a href=\"https:\/\/sindaopcpb.org.br\/copa-libertadores\/\" class=\"advgb-post-tax-term\">Copa Libertadores<\/a>","<a href=\"https:\/\/sindaopcpb.org.br\/esportes\/\" class=\"advgb-post-tax-term\">esportes<\/a>","<a href=\"https:\/\/sindaopcpb.org.br\/futebol\/\" class=\"advgb-post-tax-term\">Futebol<\/a>","<a href=\"https:\/\/sindaopcpb.org.br\/g1\/\" class=\"advgb-post-tax-term\">G1<\/a>","<a href=\"https:\/\/sindaopcpb.org.br\/palmeiras\/\" class=\"advgb-post-tax-term\">palmeiras<\/a>"],"unlinked":["<span class=\"advgb-post-tax-term\">Boca Juniors<\/span>","<span class=\"advgb-post-tax-term\">Copa Libertadores<\/span>","<span class=\"advgb-post-tax-term\">esportes<\/span>","<span class=\"advgb-post-tax-term\">Futebol<\/span>","<span class=\"advgb-post-tax-term\">G1<\/span>","<span class=\"advgb-post-tax-term\">palmeiras<\/span>"]},"tags":{"linked":["<a href=\"https:\/\/sindaopcpb.org.br\/palmeiras\/\" class=\"advgb-post-tax-term\">g1<\/a>"],"unlinked":["<span class=\"advgb-post-tax-term\">g1<\/span>"]}},"comment_count":"0","relative_dates":{"created":"Publicado 3 anos atr\u00e1s","modified":"Atualizado 3 anos atr\u00e1s"},"absolute_dates":{"created":"Publicado em 29 de setembro de 2023","modified":"Atualizado em 29 de setembro de 2023"},"absolute_dates_time":{"created":"Publicado em 29 de setembro de 2023 08:09","modified":"Atualizado em 29 de setembro de 2023 08:09"},"featured_img_caption":"","series_order":"","_links":{"self":[{"href":"https:\/\/sindaopcpb.org.br\/index.php\/wp-json\/wp\/v2\/posts\/36624","targetHints":{"allow":["GET"]}}],"collection":[{"href":"https:\/\/sindaopcpb.org.br\/index.php\/wp-json\/wp\/v2\/posts"}],"about":[{"href":"https:\/\/sindaopcpb.org.br\/index.php\/wp-json\/wp\/v2\/types\/post"}],"author":[{"embeddable":true,"href":"https:\/\/sindaopcpb.org.br\/index.php\/wp-json\/wp\/v2\/users\/42"}],"replies":[{"embeddable":true,"href":"https:\/\/sindaopcpb.org.br\/index.php\/wp-json\/wp\/v2\/comments?post=36624"}],"version-history":[{"count":1,"href":"https:\/\/sindaopcpb.org.br\/index.php\/wp-json\/wp\/v2\/posts\/36624\/revisions"}],"predecessor-version":[{"id":36625,"href":"https:\/\/sindaopcpb.org.br\/index.php\/wp-json\/wp\/v2\/posts\/36624\/revisions\/36625"}],"wp:attachment":[{"href":"https:\/\/sindaopcpb.org.br\/index.php\/wp-json\/wp\/v2\/media?parent=36624"}],"wp:term":[{"taxonomy":"category","embeddable":true,"href":"https:\/\/sindaopcpb.org.br\/index.php\/wp-json\/wp\/v2\/categories?post=36624"},{"taxonomy":"post_tag","embeddable":true,"href":"https:\/\/sindaopcpb.org.br\/index.php\/wp-json\/wp\/v2\/tags?post=36624"}],"curies":[{"name":"wp","href":"https:\/\/api.w.org\/{rel}","templated":true}]}}