{"id":36618,"date":"2023-09-29T08:10:06","date_gmt":"2023-09-29T11:10:06","guid":{"rendered":"https:\/\/g1.globo.com\/pb\/paraiba\/noticia\/2023\/09\/29\/inscricoes-para-mais-de-4-mil-vagas-em-cursos-tecnicos-gratuitos-do-ifpb-terminam-nesta-sexta-29.ghtml"},"modified":"2023-09-29T08:10:06","modified_gmt":"2023-09-29T11:10:06","slug":"inscricoes-para-mais-de-4-mil-vagas-em-cursos-tecnicos-gratuitos-do-ifpb-terminam-nesta-sexta-29","status":"publish","type":"post","link":"https:\/\/sindaopcpb.org.br\/index.php\/2023\/09\/29\/inscricoes-para-mais-de-4-mil-vagas-em-cursos-tecnicos-gratuitos-do-ifpb-terminam-nesta-sexta-29\/","title":{"rendered":"Inscri\u00e7\u00f5es para mais de 4 mil vagas em cursos t\u00e9cnicos gratuitos do IFPB terminam nesta sexta (29)"},"content":{"rendered":"   <img src=\"https:\/\/s2.glbimg.com\/GmcyE5E747JobGikYHBg3CmJ6c0=\/i.s3.glbimg.com\/v1\/AUTH_59edd422c0c84a879bd37670ae4f538a\/internal_photos\/bs\/2022\/q\/V\/20Q2GGQZGDgMdwFyTxAQ\/campus-patos-ifpb.jpg\" \/><br \/>     Processo seletivo para todos os campi \u00e9 realizado por meio das notas do hist\u00f3rico escolar do aluno. Campi do IFPB em Patos, no Sert\u00e3o da Para\u00edba\nDivulga\u00e7\u00e3o\/IFPB\nO Instituto Federal da Para\u00edba (IFPB) inscreve at\u00e9 esta sexta-feira (29) para o processo de sele\u00e7\u00e3o de novos alunos com entrada em 2024.1. S\u00e3o mais de 4 mil vagas em cursos t\u00e9cnicos integrados e subsequentes, todos gratuitos. As inscri\u00e7\u00f5es devem ser feitas exclusivamente no site do IFPB. O processo seletivo \u00e9 realizado por meio das notas do hist\u00f3rico escolar do aluno.\nEdital dos cursos subsequentes\nEdital dos cursos integrados\nAs vagas s\u00e3o para todas as 21 unidades do Instituto Federal da Para\u00edba presentes nos munic\u00edpios de Cabedelo, Cabedelo Centro, Cajazeiras, Campina Grande, Catol\u00e9 do Rocha, Esperan\u00e7a, Guarabira, Itabaiana, Itaporanga, Jo\u00e3o Pessoa, Mangabeira, Monteiro, Patos, Picu\u00ed, Pedras de Fogo, Princesa Isabel, Santa Luzia, Santa Rita, Soledade e Sousa.\nS\u00e3o 2.815 vagas para os cursos integrados (t\u00e9cnico + m\u00e9dio). Podem participar estudantes que conclu\u00edram o ensino m\u00e9dio. As outras 1.305 vagas s\u00e3o para os cursos subsequentes, exclusivamente t\u00e9cnicos, para estudantes que conclu\u00edram o ensino m\u00e9dio. \nO edital inclui informa\u00e7\u00f5es completas sobre os cursos dispon\u00edveis, datas, cursos, local de inscri\u00e7\u00e3o, crit\u00e9rios e documenta\u00e7\u00e3o para quem optar por cotas, turnos entre outros pontos. \nV\u00eddeos mais assistidos do g1 Para\u00edba  ","protected":false},"excerpt":{"rendered":"<p>        Processo seletivo para todos os campi \u00e9 realizado por meio das notas do hist\u00f3rico escolar do aluno. Campi do IFPB em Patos, no Sert\u00e3o da Para\u00edba<br \/>\nDivulga\u00e7\u00e3o\/IFPB<br \/>\nO Instituto Federal da Para\u00edba (IFPB) inscreve at\u00e9 esta sexta-feira (29) para o pro&#8230;<\/p>\n","protected":false},"author":2,"featured_media":0,"comment_status":"closed","ping_status":"closed","sticky":false,"template":"","format":"standard","meta":{"advgb_blocks_editor_width":"","advgb_blocks_columns_visual_guide":"","footnotes":""},"categories":[34],"tags":[35],"class_list":["post-36618","post","type-post","status-publish","format-standard","hentry","category-g1","tag-g1"],"author_meta":{"display_name":"g1 &gt; Para\u00edba","author_link":"https:\/\/sindaopcpb.org.br\/author\/g1-paraiba\/"},"featured_img":null,"coauthors":[],"tax_additional":{"categories":{"linked":["<a href=\"https:\/\/sindaopcpb.org.br\/g1\/\" class=\"advgb-post-tax-term\">G1<\/a>"],"unlinked":["<span class=\"advgb-post-tax-term\">G1<\/span>"]},"tags":{"linked":["<a href=\"https:\/\/sindaopcpb.org.br\/g1\/\" class=\"advgb-post-tax-term\">g1<\/a>"],"unlinked":["<span class=\"advgb-post-tax-term\">g1<\/span>"]}},"comment_count":"0","relative_dates":{"created":"Publicado 3 anos atr\u00e1s","modified":"Atualizado 3 anos atr\u00e1s"},"absolute_dates":{"created":"Publicado em 29 de setembro de 2023","modified":"Atualizado em 29 de setembro de 2023"},"absolute_dates_time":{"created":"Publicado em 29 de setembro de 2023 08:10","modified":"Atualizado em 29 de setembro de 2023 08:10"},"featured_img_caption":"","series_order":"","_links":{"self":[{"href":"https:\/\/sindaopcpb.org.br\/index.php\/wp-json\/wp\/v2\/posts\/36618","targetHints":{"allow":["GET"]}}],"collection":[{"href":"https:\/\/sindaopcpb.org.br\/index.php\/wp-json\/wp\/v2\/posts"}],"about":[{"href":"https:\/\/sindaopcpb.org.br\/index.php\/wp-json\/wp\/v2\/types\/post"}],"author":[{"embeddable":true,"href":"https:\/\/sindaopcpb.org.br\/index.php\/wp-json\/wp\/v2\/users\/2"}],"replies":[{"embeddable":true,"href":"https:\/\/sindaopcpb.org.br\/index.php\/wp-json\/wp\/v2\/comments?post=36618"}],"version-history":[{"count":1,"href":"https:\/\/sindaopcpb.org.br\/index.php\/wp-json\/wp\/v2\/posts\/36618\/revisions"}],"predecessor-version":[{"id":36619,"href":"https:\/\/sindaopcpb.org.br\/index.php\/wp-json\/wp\/v2\/posts\/36618\/revisions\/36619"}],"wp:attachment":[{"href":"https:\/\/sindaopcpb.org.br\/index.php\/wp-json\/wp\/v2\/media?parent=36618"}],"wp:term":[{"taxonomy":"category","embeddable":true,"href":"https:\/\/sindaopcpb.org.br\/index.php\/wp-json\/wp\/v2\/categories?post=36618"},{"taxonomy":"post_tag","embeddable":true,"href":"https:\/\/sindaopcpb.org.br\/index.php\/wp-json\/wp\/v2\/tags?post=36618"}],"curies":[{"name":"wp","href":"https:\/\/api.w.org\/{rel}","templated":true}]}}