{"id":36575,"date":"2023-09-28T19:40:38","date_gmt":"2023-09-28T22:40:38","guid":{"rendered":"https:\/\/wpa.wscom.com.br\/?p=925036"},"modified":"2023-09-28T19:40:38","modified_gmt":"2023-09-28T22:40:38","slug":"homens-sao-presos-por-roubo-de-placas-de-formandos-da-universidade-federal-da-paraiba","status":"publish","type":"post","link":"https:\/\/sindaopcpb.org.br\/index.php\/2023\/09\/28\/homens-sao-presos-por-roubo-de-placas-de-formandos-da-universidade-federal-da-paraiba\/","title":{"rendered":"Homens s\u00e3o presos por roubo de placas de formandos da Universidade Federal da Para\u00edba"},"content":{"rendered":"<p>Duas pessoas foram presas, na tarde desta quinta-feira (28), suspeitas de furtar placas de formandos da Universidade Federal da Para\u00edba (UFPB). Ambos foram conduzidos para prestar depoimento na Superintend\u00eancia da Pol\u00edcia Federal da Para\u00edba.<\/p>\n<p>Os suspeitos, que seriam pessoas em situa\u00e7\u00e3o de rua, admitiram ter invadido a antiga Academia do Com\u00e9rcio, situada na Rua das Trincheiras, em Jo\u00e3o Pessoa, durante a madrugada de hoje, e retirado as antigas placas de formatura da UFPB com a inten\u00e7\u00e3o de vend\u00ea-las.<\/p>\n<p>Ap\u00f3s os procedimentos de depoimento e investiga\u00e7\u00e3o por parte dos agentes federais, os indiv\u00edduos permaneceram detidos.<\/p>\n<p>O post <a rel=\"nofollow noopener\" href=\"https:\/\/wscom.com.br\/homens-sao-presos-por-roubo-de-placas-de-formandos-da-universidade-federal-da-paraiba\/\" target=\"_blank\">Homens s\u00e3o presos por roubo de placas de formandos da Universidade Federal da Para\u00edba<\/a> apareceu primeiro em <a rel=\"nofollow noopener\" href=\"https:\/\/wscom.com.br\/\" target=\"_blank\">WSCOM<\/a>.<\/p>\n","protected":false},"excerpt":{"rendered":"<p>Duas pessoas foram presas, na tarde desta quinta-feira (28), suspeitas de furtar placas de formandos da Universidade Federal da Para\u00edba (UFPB). Ambos foram conduzidos para prestar depoimento na Superintend\u00eancia da Pol\u00edcia Federal da Para\u00edba. Os suspeitos, que seriam pessoas em situa\u00e7\u00e3o de rua, admitiram ter invadido a antiga Academia do Com\u00e9rcio, situada na Rua das [\u2026]<\/p>\n<p>O post <a rel=\"nofollow\" href=\"https:\/\/wscom.com.br\/homens-sao-presos-por-roubo-de-placas-de-formandos-da-universidade-federal-da-paraiba\/\">Homens s\u00e3o presos por roubo de placas de formandos da Universidade Federal da Para\u00edba<\/a> apareceu primeiro em <a rel=\"nofollow\" href=\"https:\/\/wscom.com.br\/\">WSCOM<\/a>.<\/p>\n","protected":false},"author":50,"featured_media":0,"comment_status":"closed","ping_status":"closed","sticky":false,"template":"","format":"standard","meta":{"advgb_blocks_editor_width":"","advgb_blocks_columns_visual_guide":"","footnotes":""},"categories":[34,518,9580,66,1451],"tags":[35],"class_list":["post-36575","post","type-post","status-publish","format-standard","hentry","category-g1","category-pf","category-placas","category-policial","category-presos","tag-g1"],"author_meta":{"display_name":"Wallyson","author_link":"https:\/\/sindaopcpb.org.br\/author\/wallyson\/"},"featured_img":null,"coauthors":[],"tax_additional":{"categories":{"linked":["<a href=\"https:\/\/sindaopcpb.org.br\/g1\/\" class=\"advgb-post-tax-term\">G1<\/a>","<a href=\"https:\/\/sindaopcpb.org.br\/pf\/\" class=\"advgb-post-tax-term\">pf<\/a>","<a href=\"https:\/\/sindaopcpb.org.br\/placas\/\" class=\"advgb-post-tax-term\">placas<\/a>","<a href=\"https:\/\/sindaopcpb.org.br\/policial\/\" class=\"advgb-post-tax-term\">Policial<\/a>","<a href=\"https:\/\/sindaopcpb.org.br\/presos\/\" class=\"advgb-post-tax-term\">Presos<\/a>"],"unlinked":["<span class=\"advgb-post-tax-term\">G1<\/span>","<span class=\"advgb-post-tax-term\">pf<\/span>","<span class=\"advgb-post-tax-term\">placas<\/span>","<span class=\"advgb-post-tax-term\">Policial<\/span>","<span class=\"advgb-post-tax-term\">Presos<\/span>"]},"tags":{"linked":["<a href=\"https:\/\/sindaopcpb.org.br\/presos\/\" class=\"advgb-post-tax-term\">g1<\/a>"],"unlinked":["<span class=\"advgb-post-tax-term\">g1<\/span>"]}},"comment_count":"0","relative_dates":{"created":"Publicado 3 anos atr\u00e1s","modified":"Atualizado 3 anos atr\u00e1s"},"absolute_dates":{"created":"Publicado em 28 de setembro de 2023","modified":"Atualizado em 28 de setembro de 2023"},"absolute_dates_time":{"created":"Publicado em 28 de setembro de 2023 19:40","modified":"Atualizado em 28 de setembro de 2023 19:40"},"featured_img_caption":"","series_order":"","_links":{"self":[{"href":"https:\/\/sindaopcpb.org.br\/index.php\/wp-json\/wp\/v2\/posts\/36575","targetHints":{"allow":["GET"]}}],"collection":[{"href":"https:\/\/sindaopcpb.org.br\/index.php\/wp-json\/wp\/v2\/posts"}],"about":[{"href":"https:\/\/sindaopcpb.org.br\/index.php\/wp-json\/wp\/v2\/types\/post"}],"author":[{"embeddable":true,"href":"https:\/\/sindaopcpb.org.br\/index.php\/wp-json\/wp\/v2\/users\/50"}],"replies":[{"embeddable":true,"href":"https:\/\/sindaopcpb.org.br\/index.php\/wp-json\/wp\/v2\/comments?post=36575"}],"version-history":[{"count":1,"href":"https:\/\/sindaopcpb.org.br\/index.php\/wp-json\/wp\/v2\/posts\/36575\/revisions"}],"predecessor-version":[{"id":36576,"href":"https:\/\/sindaopcpb.org.br\/index.php\/wp-json\/wp\/v2\/posts\/36575\/revisions\/36576"}],"wp:attachment":[{"href":"https:\/\/sindaopcpb.org.br\/index.php\/wp-json\/wp\/v2\/media?parent=36575"}],"wp:term":[{"taxonomy":"category","embeddable":true,"href":"https:\/\/sindaopcpb.org.br\/index.php\/wp-json\/wp\/v2\/categories?post=36575"},{"taxonomy":"post_tag","embeddable":true,"href":"https:\/\/sindaopcpb.org.br\/index.php\/wp-json\/wp\/v2\/tags?post=36575"}],"curies":[{"name":"wp","href":"https:\/\/api.w.org\/{rel}","templated":true}]}}