{"id":36562,"date":"2023-09-28T16:13:37","date_gmt":"2023-09-28T19:13:37","guid":{"rendered":"https:\/\/wpa.wscom.com.br\/?p=925003"},"modified":"2023-09-28T16:13:37","modified_gmt":"2023-09-28T19:13:37","slug":"sente-dor-nas-costas-especialistas-explicam-o-que-fazer","status":"publish","type":"post","link":"https:\/\/sindaopcpb.org.br\/index.php\/2023\/09\/28\/sente-dor-nas-costas-especialistas-explicam-o-que-fazer\/","title":{"rendered":"Sente dor nas costas? Especialistas explicam o que fazer"},"content":{"rendered":"<p style=\"font-weight: 400;\">Dor nas costas: se voc\u00ea ainda n\u00e3o teve, h\u00e1 85% de chances de isso vir a acontecer um dia. Al\u00e9m de afetar o bem-estar das pessoas, esse problema tem impactos na economia, pois \u00e9 uma das principais causas de afastamento do trabalho. As causas s\u00e3o variadas e \u00e9 preciso ficar atento \u00e0 intensidade, dura\u00e7\u00e3o da dor e se houve ou n\u00e3o algum epis\u00f3dio pontual que possa ter causado esse desconforto.<\/p>\n<p style=\"font-weight: 400;\">\n<p style=\"font-weight: 400;\">A lombalgia, termo m\u00e9dico utilizado para dor na regi\u00e3o lombar, \u00e9 o tema do epis\u00f3dio desta semana do videocast \u201cSem Contraindica\u00e7\u00e3o\u201d, que teve como convidados dois especialistas na \u00e1rea: o anestesiologista Gualter Lisboa Ramalho, presidente da Unimed Jo\u00e3o Pessoa, e o neurocirurgi\u00e3o Uss\u00e2nio Meira Moror\u00f3. O epis\u00f3dio est\u00e1 dispon\u00edvel neste link:\u00a0<a href=\"https:\/\/www.youtube.com\/watch?v=UtnJ9Kapxzo&amp;t=1s\" data-saferedirecturl=\"https:\/\/www.google.com\/url?q=https:\/\/www.youtube.com\/watch?v%3DUtnJ9Kapxzo%26t%3D1s&amp;source=gmail&amp;ust=1696007774623000&amp;usg=AOvVaw3bK70DKLwN836ay2bSpUOG\" rel=\"nofollow noopener\" target=\"_blank\">https:\/\/www.youtube.com\/watch?v=UtnJ9Kapxzo&amp;t=1s<\/a>\u00a0.<\/p>\n<p style=\"font-weight: 400;\">\n<p style=\"font-weight: 400;\"><strong>DIAGN\u00d3STICO<\/strong><\/p>\n<p style=\"font-weight: 400;\">\n<p style=\"font-weight: 400;\">Nem sempre a lombalgia significa um problema diretamente na coluna. De acordo com Gualter Ramalho, a dor nessa regi\u00e3o pode ter origem muscular ou ser consequ\u00eancia de c\u00e1lculos renais, problemas card\u00edacos, alcoolismo, tumores e at\u00e9 mesmo depress\u00e3o. \u201cA gente precisa entender qual doen\u00e7a est\u00e1 por tr\u00e1s, qual a raiz daquela dor. Quando a gente n\u00e3o encontra, porque \u00e0s vezes a dor representa a doen\u00e7a em si, tamb\u00e9m muda a estrat\u00e9gia de tratamento\u201d, explicou o anestesiologista.<\/p>\n<p style=\"font-weight: 400;\"><strong>\u00a0<\/strong><\/p>\n<p style=\"font-weight: 400;\">O neurocirurgi\u00e3o Uss\u00e2nio Moror\u00f3 refor\u00e7ou a import\u00e2ncia de buscar avalia\u00e7\u00e3o m\u00e9dica, principalmente quando o paciente n\u00e3o consegue identificar a origem da dor (algumas vezes, a pessoa sabe que ela foi causada por um movimento brusco). \u201cQuando o paciente sente dor \u00e0 movimenta\u00e7\u00e3o ou piora quando faz determinados tipos de postura, fica mais f\u00e1cil associar a lombalgia a uma patologia da coluna, da musculatura\u201d, explicou.<\/p>\n<p style=\"font-weight: 400;\"><strong>\u00a0<\/strong><\/p>\n<p style=\"font-weight: 400;\">Tanto para a preven\u00e7\u00e3o quanto para o tratamento da lombalgia, tr\u00eas atitudes s\u00e3o importantes: a pr\u00e1tica regular de exerc\u00edcio f\u00edsico (com pouco impacto) e que tonifiquem a musculatura, alimenta\u00e7\u00e3o saud\u00e1vel e atividades que promovam relaxamento e bem-estar mental, reduzindo o estresse, que \u00e9 outra causa relacionada \u00e0 doen\u00e7a.<\/p>\n<p style=\"font-weight: 400;\">\n<p style=\"font-weight: 400;\"><strong>CONGRESSO M\u00c9DICO<\/strong><\/p>\n<p style=\"font-weight: 400;\"><strong>\u00a0<\/strong><\/p>\n<p style=\"font-weight: 400;\">Durante o \u201cSem Contraindica\u00e7\u00e3o\u201d desta semana, Gualter Ramalho tamb\u00e9m trouxe informa\u00e7\u00f5es sobre o Congresso M\u00e9dico Paraibano, que ser\u00e1 realizado de 4 a 7 de outubro, em Jo\u00e3o Pessoa.<\/p>\n<p style=\"font-weight: 400;\">O anestesiologista \u00e9 presidente da Comiss\u00e3o Organizadora do evento, promovido pela Associa\u00e7\u00e3o M\u00e9dica da Para\u00edba com o apoio de diversas institui\u00e7\u00f5es da \u00e1rea da sa\u00fade, como a Unimed Jo\u00e3o Pessoa.<\/p>\n<p style=\"font-weight: 400;\">O congresso m\u00e9dico reunir\u00e1 especialistas de diversas \u00e1reas, al\u00e9m da apresenta\u00e7\u00e3o de trabalhos acad\u00eamicos. Mais informa\u00e7\u00f5es e inscri\u00e7\u00f5es no site\u00a0<a href=\"http:\/\/www.congressomedicopb.com.br\/\" data-saferedirecturl=\"https:\/\/www.google.com\/url?q=http:\/\/www.congressomedicopb.com.br&amp;source=gmail&amp;ust=1696007774623000&amp;usg=AOvVaw2z-xVODwkllGbghKCv09_G\" rel=\"nofollow noopener\" target=\"_blank\">www.congressomedicopb.com.br<\/a>.<\/p>\n<p style=\"font-weight: 400;\"><strong>\u00a0<\/strong><\/p>\n<p style=\"font-weight: 400;\"><strong>SA\u00daDE E BEM-ESTAR<\/strong><\/p>\n<p style=\"font-weight: 400;\"><strong>\u00a0<\/strong><\/p>\n<p style=\"font-weight: 400;\">O videocast \u201cSem Contraindica\u00e7\u00e3o\u201d \u00e9 produzido pela Unimed Jo\u00e3o Pessoa. Toda quinta-feira, ao meio-dia, \u00e9 publicado um novo epis\u00f3dio no YouTube e no Spotify com informa\u00e7\u00f5es sobre sa\u00fade, qualidade de vida e bem-estar.<\/p>\n<p style=\"font-weight: 400;\">Para conferir os canais ou obter mais informa\u00e7\u00f5es sobre o videocast, basta acessar o Portal Unimed JP:\u00a0<strong><a href=\"https:\/\/unimedjp.com.br\/semcontraindicacao\/\" data-saferedirecturl=\"https:\/\/www.google.com\/url?q=https:\/\/unimedjp.com.br\/semcontraindicacao\/&amp;source=gmail&amp;ust=1696007774623000&amp;usg=AOvVaw3J7yiL4NqofUXvMnIAdsno\" rel=\"nofollow noopener\" target=\"_blank\">www.unimedjp.com.br\/semcontraindicacao<\/a><\/strong>.<\/p>\n<p>O post <a rel=\"nofollow noopener\" href=\"https:\/\/wscom.com.br\/sente-dor-nas-costas-especialistas-explicam-o-que-fazer\/\" target=\"_blank\">Sente dor nas costas? Especialistas explicam o que fazer<\/a> apareceu primeiro em <a rel=\"nofollow noopener\" href=\"https:\/\/wscom.com.br\/\" target=\"_blank\">WSCOM<\/a>.<\/p>\n","protected":false},"excerpt":{"rendered":"<p>Dor nas costas: se voc\u00ea ainda n\u00e3o teve, h\u00e1 85% de chances de isso vir a acontecer um dia. Al\u00e9m de afetar o bem-estar das pessoas, esse problema tem impactos na economia, pois \u00e9 uma das principais causas de afastamento do trabalho. As causas s\u00e3o variadas e \u00e9 preciso ficar atento \u00e0 intensidade, dura\u00e7\u00e3o da [\u2026]<\/p>\n<p>O post <a rel=\"nofollow\" href=\"https:\/\/wscom.com.br\/sente-dor-nas-costas-especialistas-explicam-o-que-fazer\/\">Sente dor nas costas? Especialistas explicam o que fazer<\/a> apareceu primeiro em <a rel=\"nofollow\" href=\"https:\/\/wscom.com.br\/\">WSCOM<\/a>.<\/p>\n","protected":false},"author":49,"featured_media":0,"comment_status":"closed","ping_status":"closed","sticky":false,"template":"","format":"standard","meta":{"advgb_blocks_editor_width":"","advgb_blocks_columns_visual_guide":"","footnotes":""},"categories":[9575,34,90,1042,7586],"tags":[35],"class_list":["post-36562","post","type-post","status-publish","format-standard","hentry","category-dor-nas-costas","category-g1","category-saude","category-unimed-jp","category-videocast-da-unimed-jp","tag-g1"],"author_meta":{"display_name":"Cristiane Cavalcante","author_link":"https:\/\/sindaopcpb.org.br\/author\/cristiane-cavalcante\/"},"featured_img":null,"coauthors":[],"tax_additional":{"categories":{"linked":["<a href=\"https:\/\/sindaopcpb.org.br\/dor-nas-costas\/\" class=\"advgb-post-tax-term\">dor nas costas<\/a>","<a href=\"https:\/\/sindaopcpb.org.br\/g1\/\" class=\"advgb-post-tax-term\">G1<\/a>","<a href=\"https:\/\/sindaopcpb.org.br\/saude\/\" class=\"advgb-post-tax-term\">Sa\u00fade<\/a>","<a href=\"https:\/\/sindaopcpb.org.br\/unimed-jp\/\" class=\"advgb-post-tax-term\">unimed-jp<\/a>","<a href=\"https:\/\/sindaopcpb.org.br\/videocast-da-unimed-jp\/\" class=\"advgb-post-tax-term\">VIDEOCAST DA UNIMED JP<\/a>"],"unlinked":["<span class=\"advgb-post-tax-term\">dor nas costas<\/span>","<span class=\"advgb-post-tax-term\">G1<\/span>","<span class=\"advgb-post-tax-term\">Sa\u00fade<\/span>","<span class=\"advgb-post-tax-term\">unimed-jp<\/span>","<span class=\"advgb-post-tax-term\">VIDEOCAST DA UNIMED JP<\/span>"]},"tags":{"linked":["<a href=\"https:\/\/sindaopcpb.org.br\/videocast-da-unimed-jp\/\" class=\"advgb-post-tax-term\">g1<\/a>"],"unlinked":["<span class=\"advgb-post-tax-term\">g1<\/span>"]}},"comment_count":"0","relative_dates":{"created":"Publicado 3 anos atr\u00e1s","modified":"Atualizado 3 anos atr\u00e1s"},"absolute_dates":{"created":"Publicado em 28 de setembro de 2023","modified":"Atualizado em 28 de setembro de 2023"},"absolute_dates_time":{"created":"Publicado em 28 de setembro de 2023 16:13","modified":"Atualizado em 28 de setembro de 2023 16:13"},"featured_img_caption":"","series_order":"","_links":{"self":[{"href":"https:\/\/sindaopcpb.org.br\/index.php\/wp-json\/wp\/v2\/posts\/36562","targetHints":{"allow":["GET"]}}],"collection":[{"href":"https:\/\/sindaopcpb.org.br\/index.php\/wp-json\/wp\/v2\/posts"}],"about":[{"href":"https:\/\/sindaopcpb.org.br\/index.php\/wp-json\/wp\/v2\/types\/post"}],"author":[{"embeddable":true,"href":"https:\/\/sindaopcpb.org.br\/index.php\/wp-json\/wp\/v2\/users\/49"}],"replies":[{"embeddable":true,"href":"https:\/\/sindaopcpb.org.br\/index.php\/wp-json\/wp\/v2\/comments?post=36562"}],"version-history":[{"count":1,"href":"https:\/\/sindaopcpb.org.br\/index.php\/wp-json\/wp\/v2\/posts\/36562\/revisions"}],"predecessor-version":[{"id":36563,"href":"https:\/\/sindaopcpb.org.br\/index.php\/wp-json\/wp\/v2\/posts\/36562\/revisions\/36563"}],"wp:attachment":[{"href":"https:\/\/sindaopcpb.org.br\/index.php\/wp-json\/wp\/v2\/media?parent=36562"}],"wp:term":[{"taxonomy":"category","embeddable":true,"href":"https:\/\/sindaopcpb.org.br\/index.php\/wp-json\/wp\/v2\/categories?post=36562"},{"taxonomy":"post_tag","embeddable":true,"href":"https:\/\/sindaopcpb.org.br\/index.php\/wp-json\/wp\/v2\/tags?post=36562"}],"curies":[{"name":"wp","href":"https:\/\/api.w.org\/{rel}","templated":true}]}}