{"id":36560,"date":"2023-09-28T17:02:30","date_gmt":"2023-09-28T20:02:30","guid":{"rendered":"https:\/\/wpa.wscom.com.br\/?p=924987"},"modified":"2023-09-28T17:02:30","modified_gmt":"2023-09-28T20:02:30","slug":"lucas-diz-que-grupo-de-oposicao-em-cg-vem-trabalhando-para-2024-mas-que-aguarda-decisao-de-romero-para-reforcar-o-time","status":"publish","type":"post","link":"https:\/\/sindaopcpb.org.br\/index.php\/2023\/09\/28\/lucas-diz-que-grupo-de-oposicao-em-cg-vem-trabalhando-para-2024-mas-que-aguarda-decisao-de-romero-para-reforcar-o-time\/","title":{"rendered":"Lucas diz que grupo de oposi\u00e7\u00e3o em CG vem trabalhando para 2024, mas que aguarda decis\u00e3o de Romero para \u201crefor\u00e7ar o time\u201d"},"content":{"rendered":"<p>O vice-governador Lucas Ribeiro (PP) voltou a falar, nesta quinta-feira (28) sobre uma poss\u00edvel aproxima\u00e7\u00e3o do deputado federal Romero Rodrigues (Podemos) com os Ribeiro e o campo de oposi\u00e7\u00e3o ao atual prefeito, Bruno Cunha Lima (PSD). Segundo ele, o grupo pol\u00edtico continua aberto aos di\u00e1logos com o ex-prefeito de Campina Grande.<\/p>\n<p>\u201cN\u00e3o temos nenhum empecilho, nenhum problema, como o pr\u00f3prio Romero j\u00e1 falou. Pelo contr\u00e1rio, a rela\u00e7\u00e3o que n\u00f3s temos \u00e9 de respeito. Enivaldo [Ribeiro] foi vice de Romero, eu pude fazer parte da bancada de vereadores, fui secret\u00e1rio de Ci\u00eancia e Tecnologia na gest\u00e3o dele, ent\u00e3o n\u00e3o existe nenhuma dificuldade\u201d, declarou.<\/p>\n<p>Lucas destacou que o Grupo Ribeiro est\u00e1 \u00e0 disposi\u00e7\u00e3o para se reunir com o parlamentar e falar sobre as elei\u00e7\u00f5es de 2024, caso Romero realmente decida migrar para o campo da oposi\u00e7\u00e3o e ser candidato.<\/p>\n<p>\u201cEssa constru\u00e7\u00e3o de candidatura passa pelo primeiro passo do deputado Romero tomar uma decis\u00e3o pessoal de decidir se vai ser oposi\u00e7\u00e3o, e isso n\u00e3o foi publicizado ainda, para a partir disso, a gente fazer uma constru\u00e7\u00e3o\u201d, disse.<\/p>\n<p>Segundo o vice-governador, o grupo de partidos e pol\u00edticos de oposi\u00e7\u00e3o ao prefeito Bruno vem trabalhando e dialogando para fortalecer uma candidatura, mas que o refor\u00e7o de Romero no time ser\u00e1 bem-vindo.<\/p>\n<p>\u201cHoje as oposi\u00e7\u00f5es est\u00e3o trabalhando, dialogando, unidas. Claro que a gente sempre espera mais ades\u00f5es, espera que esse time seja refor\u00e7ado, mas isso ser\u00e1 uma decis\u00e3o pol\u00edtica e pessoal dele\u201d, concluiu.<\/p>\n<p>O post <a rel=\"nofollow noopener\" href=\"https:\/\/wscom.com.br\/lucas-diz-que-grupo-de-oposicao-em-cg-vem-trabalhando-para-2024-mas-que-aguarda-decisao-de-romero-para-reforcar-o-time\/\" target=\"_blank\">Lucas diz que grupo de oposi\u00e7\u00e3o em CG vem trabalhando para 2024, mas que aguarda decis\u00e3o de Romero para \u201crefor\u00e7ar o time\u201d<\/a> apareceu primeiro em <a rel=\"nofollow noopener\" href=\"https:\/\/wscom.com.br\/\" target=\"_blank\">WSCOM<\/a>.<\/p>\n","protected":false},"excerpt":{"rendered":"<p>O vice-governador Lucas Ribeiro (PP) voltou a falar, nesta quinta-feira (28) sobre uma poss\u00edvel aproxima\u00e7\u00e3o do deputado federal Romero Rodrigues (Podemos) com os Ribeiro e o campo de oposi\u00e7\u00e3o ao atual prefeito, Bruno Cunha Lima (PSD). Segundo ele, o grupo pol\u00edtico continua aberto aos di\u00e1logos com o ex-prefeito de Campina Grande. \u201cN\u00e3o temos nenhum empecilho, [\u2026]<\/p>\n<p>O post <a rel=\"nofollow\" href=\"https:\/\/wscom.com.br\/lucas-diz-que-grupo-de-oposicao-em-cg-vem-trabalhando-para-2024-mas-que-aguarda-decisao-de-romero-para-reforcar-o-time\/\">Lucas diz que grupo de oposi\u00e7\u00e3o em CG vem trabalhando para 2024, mas que aguarda decis\u00e3o de Romero para \u201crefor\u00e7ar o time\u201d<\/a> apareceu primeiro em <a rel=\"nofollow\" href=\"https:\/\/wscom.com.br\/\">WSCOM<\/a>.<\/p>\n","protected":false},"author":49,"featured_media":0,"comment_status":"closed","ping_status":"closed","sticky":false,"template":"","format":"standard","meta":{"advgb_blocks_editor_width":"","advgb_blocks_columns_visual_guide":"","footnotes":""},"categories":[321,333,34,336,47,393],"tags":[35],"class_list":["post-36560","post","type-post","status-publish","format-standard","hentry","category-campina-grande","category-eleicoes-2024","category-g1","category-lucas-ribeiro","category-politica","category-romero-rodrigues","tag-g1"],"author_meta":{"display_name":"Cristiane Cavalcante","author_link":"https:\/\/sindaopcpb.org.br\/author\/cristiane-cavalcante\/"},"featured_img":null,"coauthors":[],"tax_additional":{"categories":{"linked":["<a href=\"https:\/\/sindaopcpb.org.br\/campina-grande\/\" class=\"advgb-post-tax-term\">Campina Grande<\/a>","<a href=\"https:\/\/sindaopcpb.org.br\/eleicoes-2024\/\" class=\"advgb-post-tax-term\">elei\u00e7\u00f5es 2024<\/a>","<a href=\"https:\/\/sindaopcpb.org.br\/g1\/\" class=\"advgb-post-tax-term\">G1<\/a>","<a href=\"https:\/\/sindaopcpb.org.br\/lucas-ribeiro\/\" class=\"advgb-post-tax-term\">lucas ribeiro<\/a>","<a href=\"https:\/\/sindaopcpb.org.br\/politica\/\" class=\"advgb-post-tax-term\">POLITICA<\/a>","<a href=\"https:\/\/sindaopcpb.org.br\/romero-rodrigues\/\" class=\"advgb-post-tax-term\">romero rodrigues<\/a>"],"unlinked":["<span class=\"advgb-post-tax-term\">Campina Grande<\/span>","<span class=\"advgb-post-tax-term\">elei\u00e7\u00f5es 2024<\/span>","<span class=\"advgb-post-tax-term\">G1<\/span>","<span class=\"advgb-post-tax-term\">lucas ribeiro<\/span>","<span class=\"advgb-post-tax-term\">POLITICA<\/span>","<span class=\"advgb-post-tax-term\">romero rodrigues<\/span>"]},"tags":{"linked":["<a href=\"https:\/\/sindaopcpb.org.br\/romero-rodrigues\/\" class=\"advgb-post-tax-term\">g1<\/a>"],"unlinked":["<span class=\"advgb-post-tax-term\">g1<\/span>"]}},"comment_count":"0","relative_dates":{"created":"Publicado 3 anos atr\u00e1s","modified":"Atualizado 3 anos atr\u00e1s"},"absolute_dates":{"created":"Publicado em 28 de setembro de 2023","modified":"Atualizado em 28 de setembro de 2023"},"absolute_dates_time":{"created":"Publicado em 28 de setembro de 2023 17:02","modified":"Atualizado em 28 de setembro de 2023 17:02"},"featured_img_caption":"","series_order":"","_links":{"self":[{"href":"https:\/\/sindaopcpb.org.br\/index.php\/wp-json\/wp\/v2\/posts\/36560","targetHints":{"allow":["GET"]}}],"collection":[{"href":"https:\/\/sindaopcpb.org.br\/index.php\/wp-json\/wp\/v2\/posts"}],"about":[{"href":"https:\/\/sindaopcpb.org.br\/index.php\/wp-json\/wp\/v2\/types\/post"}],"author":[{"embeddable":true,"href":"https:\/\/sindaopcpb.org.br\/index.php\/wp-json\/wp\/v2\/users\/49"}],"replies":[{"embeddable":true,"href":"https:\/\/sindaopcpb.org.br\/index.php\/wp-json\/wp\/v2\/comments?post=36560"}],"version-history":[{"count":1,"href":"https:\/\/sindaopcpb.org.br\/index.php\/wp-json\/wp\/v2\/posts\/36560\/revisions"}],"predecessor-version":[{"id":36561,"href":"https:\/\/sindaopcpb.org.br\/index.php\/wp-json\/wp\/v2\/posts\/36560\/revisions\/36561"}],"wp:attachment":[{"href":"https:\/\/sindaopcpb.org.br\/index.php\/wp-json\/wp\/v2\/media?parent=36560"}],"wp:term":[{"taxonomy":"category","embeddable":true,"href":"https:\/\/sindaopcpb.org.br\/index.php\/wp-json\/wp\/v2\/categories?post=36560"},{"taxonomy":"post_tag","embeddable":true,"href":"https:\/\/sindaopcpb.org.br\/index.php\/wp-json\/wp\/v2\/tags?post=36560"}],"curies":[{"name":"wp","href":"https:\/\/api.w.org\/{rel}","templated":true}]}}