{"id":36536,"date":"2023-09-28T15:44:48","date_gmt":"2023-09-28T18:44:48","guid":{"rendered":"https:\/\/wpa.wscom.com.br\/?p=924973"},"modified":"2023-09-28T15:44:48","modified_gmt":"2023-09-28T18:44:48","slug":"funjope-realiza-1o-encontro-do-audiovisual-parahybano-neste-sabado","status":"publish","type":"post","link":"https:\/\/sindaopcpb.org.br\/index.php\/2023\/09\/28\/funjope-realiza-1o-encontro-do-audiovisual-parahybano-neste-sabado\/","title":{"rendered":"Funjope realiza 1\u00ba Encontro do Audiovisual Parahybano neste s\u00e1bado"},"content":{"rendered":"<p>A Funda\u00e7\u00e3o Cultural de Jo\u00e3o Pessoa (Funjope) realiza, neste s\u00e1bado (30), das 9h \u00e0s 12h, no Hotel Globo, o I Encontro do Audiovisual Parahybano. A iniciativa come\u00e7a em parceria com a TV Tamba\u00fa, afiliada do SBT, onde a Funjope faz a conex\u00e3o entre produtores executivos, realizadores audiovisuais e p\u00fablico interessado, para que possam firmar acordos e parcerias.<\/p>\n<p>O diretor executivo da Funjope, Marcus Alves, afirma que essa a\u00e7\u00e3o faz parte de um processo mais amplo, que aumenta a capacidade dos produtores locais de se inserirem no mercado. Tamb\u00e9m estimula que todos observem o cinema como parte de uma cadeia produtiva que envolve produ\u00e7\u00e3o, forma\u00e7\u00e3o e distribui\u00e7\u00e3o. Ele diz que n\u00e3o se pode pensar o cinema apenas como um elemento criativo de linguagem e que a Funjope tem estimulado, nos \u00faltimos anos, que o audiovisual de Jo\u00e3o Pessoa ganhe um formato de ind\u00fastria e que consiga se viabilizar, inclusive, num processo de exibi\u00e7\u00e3o.<\/p>\n<p>\u201cNesses encontros, vamos estimular que os sistemas locais de televis\u00e3o consigam absorver e gerar uma programa\u00e7\u00e3o com os nossos filmes e realiza\u00e7\u00f5es cinematogr\u00e1ficas. A ideia \u00e9 que os sistemas de televis\u00e3o de Jo\u00e3o Pessoa e da Para\u00edba possam criar um agendamento para absorver as nossas produ\u00e7\u00f5es de audiovisual e de cinema, colocando, inclusive, para um p\u00fablico mais amplo. \u00c9 parte fundamental do mercado do audiovisual o sistema de circula\u00e7\u00e3o\u201d, comenta.<\/p>\n<p>O chefe da Divis\u00e3o de Audiovisual da Funjope, Paulo Roberto, ressalta que essa a\u00e7\u00e3o marca a abertura de rela\u00e7\u00f5es entre os produtores independentes de Jo\u00e3o Pessoa com as TVs locais. \u201cA Funjope, atrav\u00e9s da sua Divis\u00e3o de Audiovisual, cumpre o seu papel de viabilizar melhores oportunidades para os trabalhadores e trabalhadoras do setor audiovisual de Jo\u00e3o Pessoa\u201d, diz.<\/p>\n<p>Seguindo a pol\u00edtica de desenvolvimento do setor audiovisual da Prefeitura de Jo\u00e3o Pessoa, a Funjope ser\u00e1 a ponte entre os produtores, realizadores e demais profissionais do audiovisual da cidade com as emissoras de TV em conson\u00e2ncia com o atual momento de oportunidades para o audiovisual nacional e, consequentemente, o pessoense, visando \u00e0s pol\u00edticas p\u00fablicas de licenciamento e produ\u00e7\u00e3o para o VOD (v\u00eddeo sob demanda ou tamb\u00e9m conhecido pelo termo ingl\u00eas video on demand).<\/p>\n<p>Nesse I Encontro do Audiovisual Parahybano com a TV Tamba\u00fa, a Ger\u00eancia de Programa\u00e7\u00e3o e Opera\u00e7\u00f5es da emissora vai apresentar seus interesses de conte\u00fados originais e licenciados e abertura para firmar parcerias entre o canal e o setor.<\/p>\n<p>O post <a rel=\"nofollow noopener\" href=\"https:\/\/wscom.com.br\/funjope-realiza-1o-encontro-do-audiovisual-parahybano-neste-sabado\/\" target=\"_blank\">Funjope realiza 1\u00ba Encontro do Audiovisual Parahybano neste s\u00e1bado<\/a> apareceu primeiro em <a rel=\"nofollow noopener\" href=\"https:\/\/wscom.com.br\/\" target=\"_blank\">WSCOM<\/a>.<\/p>\n","protected":false},"excerpt":{"rendered":"<p>A Funda\u00e7\u00e3o Cultural de Jo\u00e3o Pessoa (Funjope) realiza, neste s\u00e1bado (30), das 9h \u00e0s 12h, no Hotel Globo, o I Encontro do Audiovisual Parahybano. A iniciativa come\u00e7a em parceria com a TV Tamba\u00fa, afiliada do SBT, onde a Funjope faz a conex\u00e3o entre produtores executivos, realizadores audiovisuais e p\u00fablico interessado, para que possam firmar acordos [\u2026]<\/p>\n<p>O post <a rel=\"nofollow\" href=\"https:\/\/wscom.com.br\/funjope-realiza-1o-encontro-do-audiovisual-parahybano-neste-sabado\/\">Funjope realiza 1\u00ba Encontro do Audiovisual Parahybano neste s\u00e1bado<\/a> apareceu primeiro em <a rel=\"nofollow\" href=\"https:\/\/wscom.com.br\/\">WSCOM<\/a>.<\/p>\n","protected":false},"author":49,"featured_media":0,"comment_status":"closed","ping_status":"closed","sticky":false,"template":"","format":"standard","meta":{"advgb_blocks_editor_width":"","advgb_blocks_columns_visual_guide":"","footnotes":""},"categories":[940,170,3472,34,9567],"tags":[35],"class_list":["post-36536","post","type-post","status-publish","format-standard","hentry","category-cinema","category-cultura","category-funjope","category-g1","category-hotel-globo","tag-g1"],"author_meta":{"display_name":"Cristiane Cavalcante","author_link":"https:\/\/sindaopcpb.org.br\/author\/cristiane-cavalcante\/"},"featured_img":null,"coauthors":[],"tax_additional":{"categories":{"linked":["<a href=\"https:\/\/sindaopcpb.org.br\/cinema\/\" class=\"advgb-post-tax-term\">Cinema<\/a>","<a href=\"https:\/\/sindaopcpb.org.br\/cultura\/\" class=\"advgb-post-tax-term\">Cultura<\/a>","<a href=\"https:\/\/sindaopcpb.org.br\/funjope\/\" class=\"advgb-post-tax-term\">funjope<\/a>","<a href=\"https:\/\/sindaopcpb.org.br\/g1\/\" class=\"advgb-post-tax-term\">G1<\/a>","<a href=\"https:\/\/sindaopcpb.org.br\/hotel-globo\/\" class=\"advgb-post-tax-term\">hotel globo<\/a>"],"unlinked":["<span class=\"advgb-post-tax-term\">Cinema<\/span>","<span class=\"advgb-post-tax-term\">Cultura<\/span>","<span class=\"advgb-post-tax-term\">funjope<\/span>","<span class=\"advgb-post-tax-term\">G1<\/span>","<span class=\"advgb-post-tax-term\">hotel globo<\/span>"]},"tags":{"linked":["<a href=\"https:\/\/sindaopcpb.org.br\/hotel-globo\/\" class=\"advgb-post-tax-term\">g1<\/a>"],"unlinked":["<span class=\"advgb-post-tax-term\">g1<\/span>"]}},"comment_count":"0","relative_dates":{"created":"Publicado 3 anos atr\u00e1s","modified":"Atualizado 3 anos atr\u00e1s"},"absolute_dates":{"created":"Publicado em 28 de setembro de 2023","modified":"Atualizado em 28 de setembro de 2023"},"absolute_dates_time":{"created":"Publicado em 28 de setembro de 2023 15:44","modified":"Atualizado em 28 de setembro de 2023 15:44"},"featured_img_caption":"","series_order":"","_links":{"self":[{"href":"https:\/\/sindaopcpb.org.br\/index.php\/wp-json\/wp\/v2\/posts\/36536","targetHints":{"allow":["GET"]}}],"collection":[{"href":"https:\/\/sindaopcpb.org.br\/index.php\/wp-json\/wp\/v2\/posts"}],"about":[{"href":"https:\/\/sindaopcpb.org.br\/index.php\/wp-json\/wp\/v2\/types\/post"}],"author":[{"embeddable":true,"href":"https:\/\/sindaopcpb.org.br\/index.php\/wp-json\/wp\/v2\/users\/49"}],"replies":[{"embeddable":true,"href":"https:\/\/sindaopcpb.org.br\/index.php\/wp-json\/wp\/v2\/comments?post=36536"}],"version-history":[{"count":1,"href":"https:\/\/sindaopcpb.org.br\/index.php\/wp-json\/wp\/v2\/posts\/36536\/revisions"}],"predecessor-version":[{"id":36537,"href":"https:\/\/sindaopcpb.org.br\/index.php\/wp-json\/wp\/v2\/posts\/36536\/revisions\/36537"}],"wp:attachment":[{"href":"https:\/\/sindaopcpb.org.br\/index.php\/wp-json\/wp\/v2\/media?parent=36536"}],"wp:term":[{"taxonomy":"category","embeddable":true,"href":"https:\/\/sindaopcpb.org.br\/index.php\/wp-json\/wp\/v2\/categories?post=36536"},{"taxonomy":"post_tag","embeddable":true,"href":"https:\/\/sindaopcpb.org.br\/index.php\/wp-json\/wp\/v2\/tags?post=36536"}],"curies":[{"name":"wp","href":"https:\/\/api.w.org\/{rel}","templated":true}]}}