{"id":36519,"date":"2023-09-28T14:07:09","date_gmt":"2023-09-28T17:07:09","guid":{"rendered":"https:\/\/wpa.wscom.com.br\/?p=924972"},"modified":"2023-09-28T14:07:09","modified_gmt":"2023-09-28T17:07:09","slug":"video-motociclista-atingido-por-trem-tentava-dar-partida-na-moto-quando-sofreu-o-grave-acidente","status":"publish","type":"post","link":"https:\/\/sindaopcpb.org.br\/index.php\/2023\/09\/28\/video-motociclista-atingido-por-trem-tentava-dar-partida-na-moto-quando-sofreu-o-grave-acidente\/","title":{"rendered":"[V\u00cdDEO] Motociclista atingido por trem tentava dar partida na moto quando sofreu o grave acidente"},"content":{"rendered":"<p><a href=\"https:\/\/wscom.com.br\/motociclista-fica-gravemente-ferido-em-acidente-envolvendo-trem-em-joao-pessoa\/\" rel=\"nofollow noopener\" target=\"_blank\">Imagens de um grave acidente ocorrido no in\u00edcio da manh\u00e3 desta quinta-feira (28)<\/a> mostram o momento em que um\u00a0 motociclista \u00e9 atingido por um trem enquanto tentava dar partida na moto. O fato ocorreu em uma passagem clandestina que atravessa a via f\u00e9rrea, na avenida Reden\u00e7\u00e3o, no bairro Ilha do Bispo, em Jo\u00e3o Pessoa.<\/p>\n<p>No v\u00eddeo registrado por c\u00e2meras de seguran\u00e7a da localidade mostram o momento em que o homem empurrava a moto, utilizou uma passagem clandestina para atravessar a via f\u00e9rrea, sendo atingido pelo trem. Pessoas caminhavam paralelamente a via e presenciaram o choque entre a motocicleta e trem, que saiu arrastando o rapaz pelos trilhos.<\/p>\n<p>Confira as imagens:<\/p>\n<div style=\"width: 592px;\" class=\"wp-video\"><!--[if lt IE 9]><script>document.createElement('video');<\/script><![endif]--><br \/>\n<video class=\"wp-video-shortcode\" id=\"video-924972-1\" width=\"592\" height=\"416\" preload=\"metadata\" controls=\"controls\"><source type=\"video\/mp4\" src=\"https:\/\/wpa.wscom.com.br\/wp-content\/uploads\/2023\/09\/WhatsApp-Video-2023-09-28-at-13.28.15.mp4?_=1\" \/><a href=\"https:\/\/wpa.wscom.com.br\/wp-content\/uploads\/2023\/09\/WhatsApp-Video-2023-09-28-at-13.28.15.mp4\" rel=\"nofollow noopener\" target=\"_blank\">https:\/\/wpa.wscom.com.br\/wp-content\/uploads\/2023\/09\/WhatsApp-Video-2023-09-28-at-13.28.15.mp4<\/a><\/video><\/div>\n<p>&nbsp;<\/p>\n<p>A v\u00edtima, identificada por Francisco F\u00e1bio, de 36 anos, sofreu ferimentos graves, incluindo uma fratura exposta na perna e m\u00faltiplos ferimentos pelo corpo, conforme relatado pela equipe de resgate do SAMU e Corpo de Bombeiros. Ele foi prontamente socorrido e encaminhado ao Hospital de Emerg\u00eancia e Trauma Senador Humberto Lucena.<\/p>\n<p>Segundo informa\u00e7\u00f5es do dr. La\u00e9rcio Bragante, m\u00e9dico intensivista e Diretor Geral do Hospital Estadual de Emerg\u00eancia e Trauma, o motociclista est\u00e1 inconsciente e intubado na UTI do hospital e seu estado de sa\u00fade \u00e9 grav\u00edssimo.<\/p>\n<p>O Ve\u00edculo Leve sobre Trilhos (VLT) da Companhia Brasileira de Trens Urbanos (CBTU) seguiu viagem ap\u00f3s a assist\u00eancia \u00e0 v\u00edtima, sem afetar o esquema de viagens.<\/p>\n<p>O post <a rel=\"nofollow noopener\" href=\"https:\/\/wscom.com.br\/video-motociclista-atingido-por-trem-tentava-dar-partida-na-moto-quando-sofreu-o-grave-acidente\/\" target=\"_blank\">[V\u00cdDEO] Motociclista atingido por trem tentava dar partida na moto quando sofreu o grave acidente<\/a> apareceu primeiro em <a rel=\"nofollow noopener\" href=\"https:\/\/wscom.com.br\/\" target=\"_blank\">WSCOM<\/a>.<\/p>\n","protected":false},"excerpt":{"rendered":"<p>Imagens de um grave acidente ocorrido no in\u00edcio da manh\u00e3 desta quinta-feira (28) mostram o momento em que um\u00a0 motociclista \u00e9 atingido por um trem enquanto tentava dar partida na moto. O fato ocorreu em uma passagem clandestina que atravessa a via f\u00e9rrea, na avenida Reden\u00e7\u00e3o, no bairro Ilha do Bispo, em Jo\u00e3o Pessoa. No [\u2026]<\/p>\n<p>O post <a rel=\"nofollow\" href=\"https:\/\/wscom.com.br\/video-motociclista-atingido-por-trem-tentava-dar-partida-na-moto-quando-sofreu-o-grave-acidente\/\">[V\u00cdDEO] Motociclista atingido por trem tentava dar partida na moto quando sofreu o grave acidente<\/a> apareceu primeiro em <a rel=\"nofollow\" href=\"https:\/\/wscom.com.br\/\">WSCOM<\/a>.<\/p>\n","protected":false},"author":49,"featured_media":0,"comment_status":"closed","ping_status":"closed","sticky":false,"template":"","format":"standard","meta":{"advgb_blocks_editor_width":"","advgb_blocks_columns_visual_guide":"","footnotes":""},"categories":[34,66],"tags":[35],"class_list":["post-36519","post","type-post","status-publish","format-standard","hentry","category-g1","category-policial","tag-g1"],"author_meta":{"display_name":"Cristiane Cavalcante","author_link":"https:\/\/sindaopcpb.org.br\/author\/cristiane-cavalcante\/"},"featured_img":null,"coauthors":[],"tax_additional":{"categories":{"linked":["<a href=\"https:\/\/sindaopcpb.org.br\/g1\/\" class=\"advgb-post-tax-term\">G1<\/a>","<a href=\"https:\/\/sindaopcpb.org.br\/policial\/\" class=\"advgb-post-tax-term\">Policial<\/a>"],"unlinked":["<span class=\"advgb-post-tax-term\">G1<\/span>","<span class=\"advgb-post-tax-term\">Policial<\/span>"]},"tags":{"linked":["<a href=\"https:\/\/sindaopcpb.org.br\/policial\/\" class=\"advgb-post-tax-term\">g1<\/a>"],"unlinked":["<span class=\"advgb-post-tax-term\">g1<\/span>"]}},"comment_count":"0","relative_dates":{"created":"Publicado 3 anos atr\u00e1s","modified":"Atualizado 3 anos atr\u00e1s"},"absolute_dates":{"created":"Publicado em 28 de setembro de 2023","modified":"Atualizado em 28 de setembro de 2023"},"absolute_dates_time":{"created":"Publicado em 28 de setembro de 2023 14:07","modified":"Atualizado em 28 de setembro de 2023 14:07"},"featured_img_caption":"","series_order":"","_links":{"self":[{"href":"https:\/\/sindaopcpb.org.br\/index.php\/wp-json\/wp\/v2\/posts\/36519","targetHints":{"allow":["GET"]}}],"collection":[{"href":"https:\/\/sindaopcpb.org.br\/index.php\/wp-json\/wp\/v2\/posts"}],"about":[{"href":"https:\/\/sindaopcpb.org.br\/index.php\/wp-json\/wp\/v2\/types\/post"}],"author":[{"embeddable":true,"href":"https:\/\/sindaopcpb.org.br\/index.php\/wp-json\/wp\/v2\/users\/49"}],"replies":[{"embeddable":true,"href":"https:\/\/sindaopcpb.org.br\/index.php\/wp-json\/wp\/v2\/comments?post=36519"}],"version-history":[{"count":2,"href":"https:\/\/sindaopcpb.org.br\/index.php\/wp-json\/wp\/v2\/posts\/36519\/revisions"}],"predecessor-version":[{"id":36546,"href":"https:\/\/sindaopcpb.org.br\/index.php\/wp-json\/wp\/v2\/posts\/36519\/revisions\/36546"}],"wp:attachment":[{"href":"https:\/\/sindaopcpb.org.br\/index.php\/wp-json\/wp\/v2\/media?parent=36519"}],"wp:term":[{"taxonomy":"category","embeddable":true,"href":"https:\/\/sindaopcpb.org.br\/index.php\/wp-json\/wp\/v2\/categories?post=36519"},{"taxonomy":"post_tag","embeddable":true,"href":"https:\/\/sindaopcpb.org.br\/index.php\/wp-json\/wp\/v2\/tags?post=36519"}],"curies":[{"name":"wp","href":"https:\/\/api.w.org\/{rel}","templated":true}]}}