{"id":36494,"date":"2023-09-28T11:18:21","date_gmt":"2023-09-28T14:18:21","guid":{"rendered":"https:\/\/www.infomoney.com.br\/?p=2254886"},"modified":"2023-09-28T11:18:21","modified_gmt":"2023-09-28T14:18:21","slug":"comissao-adia-mais-uma-vez-votacao-de-proposta-que-proibe-uniao-homoafetiva","status":"publish","type":"post","link":"https:\/\/sindaopcpb.org.br\/index.php\/2023\/09\/28\/comissao-adia-mais-uma-vez-votacao-de-proposta-que-proibe-uniao-homoafetiva\/","title":{"rendered":"Comiss\u00e3o adia mais uma vez vota\u00e7\u00e3o de proposta que pro\u00edbe uni\u00e3o homoafetiva"},"content":{"rendered":"<p><img loading=\"lazy\" width=\"300\" height=\"200\" src=\"https:\/\/www.infomoney.com.br\/wp-content\/uploads\/2023\/05\/img20230523205237179MED.jpg?fit=300%2C200&amp;quality=70&amp;strip=all\" class=\"attachment-medium size-medium wp-post-image\" alt=\"\" decoding=\"async\" style=\"float:right; margin:0 0 10px 10px;\" srcset=\"https:\/\/www.infomoney.com.br\/wp-content\/uploads\/2023\/05\/img20230523205237179MED.jpg?w=1000&amp;quality=70&amp;strip=all 1000w, https:\/\/www.infomoney.com.br\/wp-content\/uploads\/2023\/05\/img20230523205237179MED.jpg?w=300&amp;quality=70&amp;strip=all 300w, https:\/\/www.infomoney.com.br\/wp-content\/uploads\/2023\/05\/img20230523205237179MED.jpg?w=768&amp;quality=70&amp;strip=all 768w, https:\/\/www.infomoney.com.br\/wp-content\/uploads\/2023\/05\/img20230523205237179MED.jpg?w=150&amp;quality=70&amp;strip=all 150w\" sizes=\"auto, (max-width: 300px) 100vw, 300px\" data-attachment-id=\"2146736\" data-permalink=\"https:\/\/www.infomoney.com.br\/politica\/apesar-de-vitoria-em-arcabouco-fiscal-lula-patina-em-articulacao-politica-no-congresso-e-enfrenta-riscos-com-medidas-provisorias\/attachment\/img20230523205237179med\/\" data-orig-file=\"https:\/\/www.infomoney.com.br\/wp-content\/uploads\/2023\/05\/img20230523205237179MED.jpg?fit=1000%2C667&amp;quality=70&amp;strip=all\" data-orig-size=\"1000,667\" data-comments-opened=\"0\" data-image-meta=\"{&quot;aperture&quot;:&quot;0&quot;,&quot;credit&quot;:&quot;&quot;,&quot;camera&quot;:&quot;&quot;,&quot;caption&quot;:&quot;&quot;,&quot;created_timestamp&quot;:&quot;0&quot;,&quot;copyright&quot;:&quot;&quot;,&quot;focal_length&quot;:&quot;0&quot;,&quot;iso&quot;:&quot;0&quot;,&quot;shutter_speed&quot;:&quot;0&quot;,&quot;title&quot;:&quot;&quot;,&quot;orientation&quot;:&quot;0&quot;}\" data-image-title=\"Plen\u00e1rio da C\u00e2mara dos Deputados\" data-image-description=\"\" data-image-caption=\"&lt;p&gt;O plen\u00e1rio da C\u00e2mara dos Deputados durante sess\u00e3o Deliberativa Extraordin\u00e1ria (Foto: Pablo Valadares\/C\u00e2mara dos Deputados)&lt;\/p&gt;\n\" data-medium-file=\"https:\/\/www.infomoney.com.br\/wp-content\/uploads\/2023\/05\/img20230523205237179MED.jpg?fit=300%2C200&amp;quality=70&amp;strip=all\" data-large-file=\"https:\/\/www.infomoney.com.br\/wp-content\/uploads\/2023\/05\/img20230523205237179MED.jpg?fit=1000%2C667&amp;quality=70&amp;strip=all\" title=\"\"><\/p>\n<p>Ap&oacute;s mais de cinco horas de discuss&atilde;o, foi adiada a vota&ccedil;&atilde;o da proposta que derruba o casamento civil homoafetivo pela Comiss&atilde;o de Previd&ecirc;ncia, Assist&ecirc;ncia Social, Inf&acirc;ncia, Adolesc&ecirc;ncia e Fam&iacute;lia da C&acirc;mara dos Deputados.<\/p>\n<p>O relator, deputado Pastor Eurico (PL-PE), pediu mais tempo para analisar sugest&otilde;es e votos dos colegas. &ldquo;Gostaria de pedir que nos desse mais um tempo, em respeito aos que honrosamente falaram aqui e at&eacute; aos que nos desrespeitaram, para provar que n&atilde;o h&aacute; retalia&ccedil;&atilde;o e n&atilde;o estamos aqui para impor nada&rdquo;, disse. O presidente da comiss&atilde;o, deputado Fernando Rodolfo (PL-PE), marcou a vota&ccedil;&atilde;o para o dia 10 de outubro.<\/p>\n<p>Em seu parecer, Eurico defende a aprova&ccedil;&atilde;o do Projeto de Lei 5167\/09, segundo o qual nenhuma rela&ccedil;&atilde;o entre pessoas do mesmo sexo pode ser equiparada ao casamento ou a entidade familiar.<\/p>\n<p>Isso impacta decis&otilde;es sobre depend&ecirc;ncia econ&ocirc;mica, pens&atilde;o, heran&ccedil;a, entre outros. Esses direitos s&atilde;o garantidos &agrave;s uni&otilde;es homoafetivas desde 2011 por decis&atilde;o do Supremo Tribunal Federal.<\/p>\n<h2><strong>Favor&aacute;veis &agrave; uni&atilde;o homoafetiva<\/strong><\/h2>\n<p>A proposta &eacute; alvo de diverg&ecirc;ncias h&aacute; diversas semanas. Os contr&aacute;rios ao texto afirmam se tratar de um projeto inconstitucional.<\/p>\n<p>A deputada Laura Carneiro (PSD-RJ) apontou que o texto muda uma lei (o C&oacute;digo Civil) com o objetivo de derrubar uma interpreta&ccedil;&atilde;o constitucional. &ldquo;Isso n&atilde;o existe, &eacute; uma proibi&ccedil;&atilde;o para o casamento&rdquo;, disse.<\/p>\n<p>Ela lembrou ainda que o mundo atual j&aacute; admite v&aacute;rias configura&ccedil;&otilde;es familiares heterossexuais e homoafetivas. &ldquo;Esta Casa foi feita para garantir direitos e n&atilde;o para retirar direitos&rdquo;, disse.<\/p>\n<p>A deputada Erika Kokay (PT-DF) afirmou que a popula&ccedil;&atilde;o LGBTQIA+ deve ter os mesmo direitos constitucionais garantidos. Ela destacou que a diversidade &eacute; caracter&iacute;stica da humanidade. &ldquo;H&aacute; varias formas de ser, v&aacute;rias formas de amar, v&aacute;rios corpos, v&aacute;rias etnias. &Eacute; a diversidade que nos faz humanos&rdquo;, defendeu.<\/p>\n<p>O deputado Pastor Henrique Vieira destacou que os argumentos morais usados para defender s&atilde;o os mesmos utilizados no passado para retirar direitos. &ldquo;O relator usa pressupostos que j&aacute; foram utilizados para proibir o voto de mulheres, para escravizar o povo negro e para perseguir judeus. &Eacute; um argumento moral abstrato que relega a um grupo o status de sub-humanidade&rdquo;, criticou.<\/p>\n<h2>Contr&aacute;rios &agrave; uni&atilde;o homoafetiva<\/h2>\n<p>Coordenador da bancada evang&eacute;lica, o deputado Eli Borges (PL-TO) afirmou que cabe ao Parlamento decidir sobre &ldquo;a quest&atilde;o da fam&iacute;lia&rdquo;.<\/p>\n<p>Para a deputada Priscila Costa (PL-CE), o STF legislou no lugar do Parlamento e isso &eacute; antidemocr&aacute;tico. Segundo ela, ao legislar sobre o assunto, o Parlamento est&aacute; protegendo direitos individuais. &ldquo;N&oacute;s estamos tratando de um assunto que foi de maneira arbitr&aacute;ria, legislado, de maneira irregular, por um poder que n&atilde;o tem o poder de legislar, que &eacute; o STF&rdquo;, alegou.<\/p>\n<p>O deputado Delegado &Eacute;der Mauro (PL-PA) argumenta que a Constitui&ccedil;&atilde;o reconhece apenas a uni&atilde;o est&aacute;vel entre o homem e a mulher como entidade familiar e, para isso ser mudado, o Congresso teria que alterar o texto constitucional. &ldquo;Qualquer lei ou norma que preveja uni&atilde;o est&aacute;vel ou casamento homoafetivo representa afronta direta &agrave; liberdade do texto constitucional&rdquo;, apontou.<\/p>\n<p>O deputado Nikolas Ferreira (PL-MG) disse que o casamento entre pessoas do mesmo sexo traz consequ&ecirc;ncias civilizat&oacute;rias e culturais, j&aacute; que, na vis&atilde;o dele, a finalidade do casamento &eacute; preservar a humanidade. &ldquo;Se n&atilde;o fosse o casamento h&eacute;tero, n&atilde;o haveria mais seres humanos. Isso &eacute; atestar a realidade&rdquo;, opinou.<\/p>\n<\/p>\n<div class=\"cta-end\">\n<div class=\"im-cta\" >\n<div class=\"im-shortcode-forms bg-light bg-opacity-25 border rounded-4 p-3 p-sm-4 p-md-3 p-lg-4 px-xxl-5 my-5\" data-configuration='{\"form_name\":false,\"form_hat\":\"Newsletter\",\"form_email\":true,\"form_icon\":\"newsletter\",\"form_phone\":false,\"form_campaign\":\"NIM\",\"form_thankyou\":\"\",\"form_journey\":\"APIEvent-26a5198d-8e09-06ef-5f80-cd9127757ad1\",\"form_button\":\"Quero receber\",\"form_context\":\"newsletter\",\"form_origin\":\"https:\\\/\\\/www.infomoney.com.br\\\/politica\\\/feed\\\/?utm_medium=materia&#038;utm_source=infomoney&#038;utm_campaign=NIM&#038;utm_term=politica&#038;utm_content=newsletter\",\"form_position\":\"final\",\"form_category\":\"cta_form\"}'>\n<div class=\"d-flex flex-column align-items-center align-items-lg-start mb-4 flex-lg-row\">\n<div class=\"rounded-circle mb-2 mb-lg-0 mr-lg-4 me-lg-4 p-3 p-lg-4 bg-blue-400\"><svg width=\"40\" height=\"40\" viewBox=\"0 0 40 40\" fill=\"none\" xmlns=\"http:\/\/www.w3.org\/2000\/svg\"><path d=\"M20 20.25 6.042 11.042v19.041c0 .167.048.299.146.396a.535.535 0 0 0 .395.146h15.792V32.5H6.583a2.328 2.328 0 0 1-1.708-.708 2.328 2.328 0 0 1-.708-1.709V9.917c0-.667.236-1.236.708-1.709A2.328 2.328 0 0 1 6.583 7.5h26.834c.666 0 1.236.236 1.708.708a2.33 2.33 0 0 1 .708 1.709v12.458h-1.875V11.042L20 20.25Zm0-2 13.667-8.875H6.333L20 18.25Zm11.75 18.958-1.292-1.333 3.334-3.375h-9v-1.875h9l-3.375-3.417 1.333-1.291 5.667 5.625-5.667 5.666ZM6.042 11.042v20.791-9.458.25-13.25 1.667Z\" fill=\"#fff\"\/><\/svg><\/div>\n<div class=\"flex-fill text-center text-lg-left\">\n<div class=\"h6 small text-orange-700 lh-base mb-1\">Newsletter<\/div>\n<div class=\"text-body h4 m-0\">Infomorning<\/div>\n<div class=\"text-body small lh-base mt-2\">Receba no seu e-mail logo pela manh&atilde; as not&iacute;cias que v&atilde;o mexer com os mercados, com os seus investimentos e o seu bolso durante o dia<\/div>\n<\/div>\n<\/div>\n<\/div>\n<\/div>\n<\/div>\n<p>The post <a rel=\"nofollow noopener\" href=\"https:\/\/www.infomoney.com.br\/politica\/comissao-adia-mais-uma-vez-votacao-de-proposta-que-proibe-uniao-homoafetiva\/\" target=\"_blank\">Comiss\u00e3o adia mais uma vez vota\u00e7\u00e3o de proposta que pro\u00edbe uni\u00e3o homoafetiva<\/a> appeared first on <a rel=\"nofollow noopener\" href=\"https:\/\/www.infomoney.com.br\/\" target=\"_blank\">InfoMoney<\/a>.<\/p>\n","protected":false},"excerpt":{"rendered":"<p><img loading=\"lazy\" decoding=\"async\" width=\"300\" height=\"200\" src=\"https:\/\/www.infomoney.com.br\/wp-content\/uploads\/2023\/05\/img20230523205237179MED.jpg?fit=300%2C200&amp;quality=70&amp;strip=all\" class=\"attachment-medium size-medium wp-post-image\" alt=\"\" data-attachment-id=\"2146736\" data-permalink=\"https:\/\/www.infomoney.com.br\/politica\/apesar-de-vitoria-em-arcabouco-fiscal-lula-patina-em-articulacao-politica-no-congresso-e-enfrenta-riscos-com-medidas-provisorias\/attachment\/img20230523205237179med\/\" data-orig-file=\"https:\/\/www.infomoney.com.br\/wp-content\/uploads\/2023\/05\/img20230523205237179MED.jpg?fit=1000%2C667&amp;quality=70&amp;strip=all\" data-orig-size=\"1000,667\" data-comments-opened=\"0\" data-image-meta='{\"aperture\":\"0\",\"credit\":\"\",\"camera\":\"\",\"caption\":\"\",\"created_timestamp\":\"0\",\"copyright\":\"\",\"focal_length\":\"0\",\"iso\":\"0\",\"shutter_speed\":\"0\",\"title\":\"\",\"orientation\":\"0\"}' data-image-title=\"Plen\u00e1rio da C\u00e2mara dos Deputados\" data-image-description=\"\" data-image-caption=\"&lt;p&gt;O plen\u00e1rio da C\u00e2mara dos Deputados durante sess\u00e3o Deliberativa Extraordin\u00e1ria (Foto: Pablo Valadares\/C\u00e2mara dos Deputados)&lt;\/p&gt;\n\" data-medium-file=\"https:\/\/www.infomoney.com.br\/wp-content\/uploads\/2023\/05\/img20230523205237179MED.jpg?fit=300%2C200&amp;quality=70&amp;strip=all\" data-large-file=\"https:\/\/www.infomoney.com.br\/wp-content\/uploads\/2023\/05\/img20230523205237179MED.jpg?fit=1000%2C667&amp;quality=70&amp;strip=all\">Relator da proposta pediu mais tempo para analisar sugest\u00f5es e votos dos colegas; vota\u00e7\u00e3o foi marcada para o dia 10 de outubro<\/p>\n<p>The post <a rel=\"nofollow\" href=\"https:\/\/www.infomoney.com.br\/politica\/comissao-adia-mais-uma-vez-votacao-de-proposta-que-proibe-uniao-homoafetiva\/\">Comiss\u00e3o adia mais uma vez vota\u00e7\u00e3o de proposta que pro\u00edbe uni\u00e3o homoafetiva<\/a> appeared first on <a rel=\"nofollow\" href=\"https:\/\/www.infomoney.com.br\/\">InfoMoney<\/a>.<\/p>\n","protected":false},"author":47,"featured_media":0,"comment_status":"closed","ping_status":"closed","sticky":false,"template":"","format":"standard","meta":{"advgb_blocks_editor_width":"","advgb_blocks_columns_visual_guide":"","footnotes":""},"categories":[276,2891,34,47],"tags":[35,50],"class_list":["post-36494","post","type-post","status-publish","format-standard","hentry","category-camara-dos-deputados","category-casamento","category-g1","category-politica","tag-g1","tag-projeto-de-lei"],"author_meta":{"display_name":"luispereira","author_link":"https:\/\/sindaopcpb.org.br\/author\/luispereira\/"},"featured_img":null,"coauthors":[],"tax_additional":{"categories":{"linked":["<a href=\"https:\/\/sindaopcpb.org.br\/camara-dos-deputados\/\" class=\"advgb-post-tax-term\">C\u00e2mara dos Deputados<\/a>","<a href=\"https:\/\/sindaopcpb.org.br\/casamento\/\" class=\"advgb-post-tax-term\">casamento<\/a>","<a href=\"https:\/\/sindaopcpb.org.br\/g1\/\" class=\"advgb-post-tax-term\">G1<\/a>","<a href=\"https:\/\/sindaopcpb.org.br\/politica\/\" class=\"advgb-post-tax-term\">POLITICA<\/a>"],"unlinked":["<span class=\"advgb-post-tax-term\">C\u00e2mara dos Deputados<\/span>","<span class=\"advgb-post-tax-term\">casamento<\/span>","<span class=\"advgb-post-tax-term\">G1<\/span>","<span class=\"advgb-post-tax-term\">POLITICA<\/span>"]},"tags":{"linked":["<a href=\"https:\/\/sindaopcpb.org.br\/politica\/\" class=\"advgb-post-tax-term\">g1<\/a>","<a href=\"https:\/\/sindaopcpb.org.br\/politica\/\" class=\"advgb-post-tax-term\">projeto de lei<\/a>"],"unlinked":["<span class=\"advgb-post-tax-term\">g1<\/span>","<span class=\"advgb-post-tax-term\">projeto de lei<\/span>"]}},"comment_count":"0","relative_dates":{"created":"Publicado 3 anos atr\u00e1s","modified":"Atualizado 3 anos atr\u00e1s"},"absolute_dates":{"created":"Publicado em 28 de setembro de 2023","modified":"Atualizado em 28 de setembro de 2023"},"absolute_dates_time":{"created":"Publicado em 28 de setembro de 2023 11:18","modified":"Atualizado em 28 de setembro de 2023 11:18"},"featured_img_caption":"","series_order":"","_links":{"self":[{"href":"https:\/\/sindaopcpb.org.br\/index.php\/wp-json\/wp\/v2\/posts\/36494","targetHints":{"allow":["GET"]}}],"collection":[{"href":"https:\/\/sindaopcpb.org.br\/index.php\/wp-json\/wp\/v2\/posts"}],"about":[{"href":"https:\/\/sindaopcpb.org.br\/index.php\/wp-json\/wp\/v2\/types\/post"}],"author":[{"embeddable":true,"href":"https:\/\/sindaopcpb.org.br\/index.php\/wp-json\/wp\/v2\/users\/47"}],"replies":[{"embeddable":true,"href":"https:\/\/sindaopcpb.org.br\/index.php\/wp-json\/wp\/v2\/comments?post=36494"}],"version-history":[{"count":1,"href":"https:\/\/sindaopcpb.org.br\/index.php\/wp-json\/wp\/v2\/posts\/36494\/revisions"}],"predecessor-version":[{"id":36495,"href":"https:\/\/sindaopcpb.org.br\/index.php\/wp-json\/wp\/v2\/posts\/36494\/revisions\/36495"}],"wp:attachment":[{"href":"https:\/\/sindaopcpb.org.br\/index.php\/wp-json\/wp\/v2\/media?parent=36494"}],"wp:term":[{"taxonomy":"category","embeddable":true,"href":"https:\/\/sindaopcpb.org.br\/index.php\/wp-json\/wp\/v2\/categories?post=36494"},{"taxonomy":"post_tag","embeddable":true,"href":"https:\/\/sindaopcpb.org.br\/index.php\/wp-json\/wp\/v2\/tags?post=36494"}],"curies":[{"name":"wp","href":"https:\/\/api.w.org\/{rel}","templated":true}]}}