{"id":36486,"date":"2023-09-28T11:27:37","date_gmt":"2023-09-28T14:27:37","guid":{"rendered":"https:\/\/g1.globo.com\/pb\/paraiba\/noticia\/2023\/09\/28\/mauricio-de-sousa-criador-da-turma-da-monica-e-homenageado-com-titulo-de-cidadao-paraibano.ghtml"},"modified":"2023-09-28T11:27:37","modified_gmt":"2023-09-28T14:27:37","slug":"mauricio-de-sousa-criador-da-turma-da-monica-e-homenageado-com-titulo-de-cidadao-paraibano","status":"publish","type":"post","link":"https:\/\/sindaopcpb.org.br\/index.php\/2023\/09\/28\/mauricio-de-sousa-criador-da-turma-da-monica-e-homenageado-com-titulo-de-cidadao-paraibano\/","title":{"rendered":"Maur\u00edcio de Sousa, criador da Turma da M\u00f4nica, \u00e9 homenageado com t\u00edtulo de cidad\u00e3o paraibano"},"content":{"rendered":"   <img src=\"https:\/\/s2.glbimg.com\/1xNaLyCAiA5-AycwyXvt1RYZBoE=\/i.s3.glbimg.com\/v1\/AUTH_59edd422c0c84a879bd37670ae4f538a\/internal_photos\/bs\/2023\/c\/J\/fEjJYeRWeVEHG3mrjScA\/whatsapp-image-2023-07-29-at-18.36.27.jpeg\" \/><br \/>     Proposta foi aprovada pela Assembleia Legislativa e sancionada pelo governador. Em julho, ele visitou o estado, conheceu familiares locais e se disse \"meio paraibano\". Maur\u00edcio de Sousa em sua \u00faltima passagem por Jo\u00e3o Pessoa, em julho\nMarcelo Lima\/Imagineland\nO cartutista Maur\u00edcio de Sousa, criador da Turma da M\u00f4nica, foi homenageado nesta quinta-feira (28) com o t\u00edtulo de cidad\u00e3o paraibano. A comenda foi aprovada pela Assembleia Legislativa da Para\u00edba e sancionada pelo governador Jo\u00e3o Azev\u00eado.\nO projeto \u00e9 de autoria do deputado estadual Eduardo Carneiro e o t\u00edtulo se transformou na Lei n\u00ba 12.785 de 27 de setembro de 2023, que foi publicada no Di\u00e1rio Oficial do Estado da Para\u00edba (DOE-PB).\nNa justificativa, consta que o t\u00edtulo \u00e9 concedido pelos \"relevantes servi\u00e7os prestados ao Estado da Para\u00edba\".\nA homenagem acontece alguns meses depois de uma visita do artista ao estado. Em julho deste ano, ele participou do Imagineland, evento de cultura geek que foi realizado em Jo\u00e3o Pessoa.\nNaquela oportunidade, inclusive, ele revelou que andara fazendo pesquisas para reencontrar parentes que possu\u00eda na Para\u00edba e deu detalhes sobre como um genealogista e a pesquisa de documentos de mais de cem anos o ajudaram na busca pelos parentes.\nMaur\u00edcio de Sousa tinha av\u00f3s paraibanos, mas quando eles deixaram o estado em 1910 os contatos acabaram sendo perdidos. Durante o evento, no entanto, ele se reencontrou com alguns desses familiares.\nAo desembarcar na Para\u00edba, em 29 de julho, Maur\u00edcio de Sousa chegou a se emocioanr e disse que se sentia \"meio paraibano\". Agora, ao menos por for\u00e7a de lei estadual, se torna mesmo paraibano.\nMauricio de Sousa encontra familiares paraibanos, em Jo\u00e3o Pessoa\nDivulga\u00e7\u00e3o\/Imagineland\nV\u00eddeos mais assistidos da Para\u00edba  ","protected":false},"excerpt":{"rendered":"<p>        Proposta foi aprovada pela Assembleia Legislativa e sancionada pelo governador. Em julho, ele visitou o estado, conheceu familiares locais e se disse &#8220;meio paraibano&#8221;. Maur\u00edcio de Sousa em sua \u00faltima passagem por Jo\u00e3o Pessoa, em julho<br \/>\nMarcelo L&#8230;<\/p>\n","protected":false},"author":2,"featured_media":0,"comment_status":"closed","ping_status":"closed","sticky":false,"template":"","format":"standard","meta":{"advgb_blocks_editor_width":"","advgb_blocks_columns_visual_guide":"","footnotes":""},"categories":[34],"tags":[35],"class_list":["post-36486","post","type-post","status-publish","format-standard","hentry","category-g1","tag-g1"],"author_meta":{"display_name":"g1 &gt; Para\u00edba","author_link":"https:\/\/sindaopcpb.org.br\/author\/g1-paraiba\/"},"featured_img":null,"coauthors":[],"tax_additional":{"categories":{"linked":["<a href=\"https:\/\/sindaopcpb.org.br\/g1\/\" class=\"advgb-post-tax-term\">G1<\/a>"],"unlinked":["<span class=\"advgb-post-tax-term\">G1<\/span>"]},"tags":{"linked":["<a href=\"https:\/\/sindaopcpb.org.br\/g1\/\" class=\"advgb-post-tax-term\">g1<\/a>"],"unlinked":["<span class=\"advgb-post-tax-term\">g1<\/span>"]}},"comment_count":"0","relative_dates":{"created":"Publicado 3 anos atr\u00e1s","modified":"Atualizado 3 anos atr\u00e1s"},"absolute_dates":{"created":"Publicado em 28 de setembro de 2023","modified":"Atualizado em 28 de setembro de 2023"},"absolute_dates_time":{"created":"Publicado em 28 de setembro de 2023 11:27","modified":"Atualizado em 28 de setembro de 2023 11:27"},"featured_img_caption":"","series_order":"","_links":{"self":[{"href":"https:\/\/sindaopcpb.org.br\/index.php\/wp-json\/wp\/v2\/posts\/36486","targetHints":{"allow":["GET"]}}],"collection":[{"href":"https:\/\/sindaopcpb.org.br\/index.php\/wp-json\/wp\/v2\/posts"}],"about":[{"href":"https:\/\/sindaopcpb.org.br\/index.php\/wp-json\/wp\/v2\/types\/post"}],"author":[{"embeddable":true,"href":"https:\/\/sindaopcpb.org.br\/index.php\/wp-json\/wp\/v2\/users\/2"}],"replies":[{"embeddable":true,"href":"https:\/\/sindaopcpb.org.br\/index.php\/wp-json\/wp\/v2\/comments?post=36486"}],"version-history":[{"count":1,"href":"https:\/\/sindaopcpb.org.br\/index.php\/wp-json\/wp\/v2\/posts\/36486\/revisions"}],"predecessor-version":[{"id":36487,"href":"https:\/\/sindaopcpb.org.br\/index.php\/wp-json\/wp\/v2\/posts\/36486\/revisions\/36487"}],"wp:attachment":[{"href":"https:\/\/sindaopcpb.org.br\/index.php\/wp-json\/wp\/v2\/media?parent=36486"}],"wp:term":[{"taxonomy":"category","embeddable":true,"href":"https:\/\/sindaopcpb.org.br\/index.php\/wp-json\/wp\/v2\/categories?post=36486"},{"taxonomy":"post_tag","embeddable":true,"href":"https:\/\/sindaopcpb.org.br\/index.php\/wp-json\/wp\/v2\/tags?post=36486"}],"curies":[{"name":"wp","href":"https:\/\/api.w.org\/{rel}","templated":true}]}}