{"id":36452,"date":"2023-09-28T10:09:02","date_gmt":"2023-09-28T13:09:02","guid":{"rendered":"https:\/\/wpa.wscom.com.br\/?p=924934"},"modified":"2023-09-28T10:09:02","modified_gmt":"2023-09-28T13:09:02","slug":"projeto-de-ruy-garante-materiais-especiais-destinados-para-pessoas-com-autismo","status":"publish","type":"post","link":"https:\/\/sindaopcpb.org.br\/index.php\/2023\/09\/28\/projeto-de-ruy-garante-materiais-especiais-destinados-para-pessoas-com-autismo\/","title":{"rendered":"Projeto de Ruy garante materiais especiais destinados para pessoas com autismo"},"content":{"rendered":"<p>A amplia\u00e7\u00e3o da Pol\u00edtica Nacional de Prote\u00e7\u00e3o da Pessoa com Transtorno do Espectro Autista est\u00e1 sendo defendida pelo deputado federal Ruy Carneiro atrav\u00e9s de um novo projeto de lei. A iniciativa do parlamentar prev\u00ea a inclus\u00e3o de abafadores auditivos, pasta de comunica\u00e7\u00e3o alternativa e colete sensorial entre os itens a serem assegurados pelo poder p\u00fablico para pacientes com TEA.<\/p>\n<p>Ruy acredita que \u00e9 obriga\u00e7\u00e3o da esfera p\u00fablica garantir o suporte necess\u00e1rio para ampliar a qualidade de vida dessas pessoas. \u201cTodos os mecanismos que assegurem melhorias no tratamento e na vida de pessoas com defici\u00eancia e com autismo precisam ser garantidos pelos servi\u00e7os p\u00fablicos. Esse projeto tem o objetivo de ampliar as a\u00e7\u00f5es de inclus\u00e3o e oferecer todas as condi\u00e7\u00f5es poss\u00edveis para pacientes e familiares, que j\u00e1 sofrem diariamente para superar tantos desafios\u201d, ressaltou.<\/p>\n<p>Os materiais inclu\u00eddos no projeto possuem resultados comprovados cientificamente e j\u00e1 s\u00e3o amplamente utilizados nos tratamentos particulares. \u201cEsses equipamentos t\u00eam transformado a realidade de milhares de pessoas que conseguem ter acesso de forma particular. Nossa miss\u00e3o \u00e9 lutar para que esse direito tamb\u00e9m chegue para aqueles que que n\u00e3o possuem condi\u00e7\u00f5es de comprar, principalmente para aqueles de baixa renda e que vivem em situa\u00e7\u00e3o de venerabilidade social\u201d, esclareceu.<\/p>\n<p>O PL 4675\/2023 tamb\u00e9m inclui o direito de acesso aos mat\u00e9rias especiais na Lei Brasileira de Inclus\u00e3o da Pessoa com Defici\u00eancia, mais conhecida como Estatuto da Pessoa com Defici\u00eancia.<\/p>\n<p>O post <a rel=\"nofollow noopener\" href=\"https:\/\/wscom.com.br\/projeto-de-ruy-garante-materiais-especiais-destinados-para-pessoas-com-autismo\/\" target=\"_blank\">Projeto de Ruy garante materiais especiais destinados para pessoas com autismo<\/a> apareceu primeiro em <a rel=\"nofollow noopener\" href=\"https:\/\/wscom.com.br\/\" target=\"_blank\">WSCOM<\/a>.<\/p>\n","protected":false},"excerpt":{"rendered":"<p>A amplia\u00e7\u00e3o da Pol\u00edtica Nacional de Prote\u00e7\u00e3o da Pessoa com Transtorno do Espectro Autista est\u00e1 sendo defendida pelo deputado federal Ruy Carneiro atrav\u00e9s de um novo projeto de lei. A iniciativa do parlamentar prev\u00ea a inclus\u00e3o de abafadores auditivos, pasta de comunica\u00e7\u00e3o alternativa e colete sensorial entre os itens a serem assegurados pelo poder p\u00fablico [\u2026]<\/p>\n<p>O post <a rel=\"nofollow\" href=\"https:\/\/wscom.com.br\/projeto-de-ruy-garante-materiais-especiais-destinados-para-pessoas-com-autismo\/\">Projeto de Ruy garante materiais especiais destinados para pessoas com autismo<\/a> apareceu primeiro em <a rel=\"nofollow\" href=\"https:\/\/wscom.com.br\/\">WSCOM<\/a>.<\/p>\n","protected":false},"author":50,"featured_media":0,"comment_status":"closed","ping_status":"closed","sticky":false,"template":"","format":"standard","meta":{"advgb_blocks_editor_width":"","advgb_blocks_columns_visual_guide":"","footnotes":""},"categories":[34,47,6745,431],"tags":[35],"class_list":["post-36452","post","type-post","status-publish","format-standard","hentry","category-g1","category-politica","category-projeto","category-ruy","tag-g1"],"author_meta":{"display_name":"Wallyson","author_link":"https:\/\/sindaopcpb.org.br\/author\/wallyson\/"},"featured_img":null,"coauthors":[],"tax_additional":{"categories":{"linked":["<a href=\"https:\/\/sindaopcpb.org.br\/g1\/\" class=\"advgb-post-tax-term\">G1<\/a>","<a href=\"https:\/\/sindaopcpb.org.br\/politica\/\" class=\"advgb-post-tax-term\">POLITICA<\/a>","<a href=\"https:\/\/sindaopcpb.org.br\/projeto\/\" class=\"advgb-post-tax-term\">Projeto<\/a>","<a href=\"https:\/\/sindaopcpb.org.br\/ruy\/\" class=\"advgb-post-tax-term\">Ruy<\/a>"],"unlinked":["<span class=\"advgb-post-tax-term\">G1<\/span>","<span class=\"advgb-post-tax-term\">POLITICA<\/span>","<span class=\"advgb-post-tax-term\">Projeto<\/span>","<span class=\"advgb-post-tax-term\">Ruy<\/span>"]},"tags":{"linked":["<a href=\"https:\/\/sindaopcpb.org.br\/ruy\/\" class=\"advgb-post-tax-term\">g1<\/a>"],"unlinked":["<span class=\"advgb-post-tax-term\">g1<\/span>"]}},"comment_count":"0","relative_dates":{"created":"Publicado 3 anos atr\u00e1s","modified":"Atualizado 3 anos atr\u00e1s"},"absolute_dates":{"created":"Publicado em 28 de setembro de 2023","modified":"Atualizado em 28 de setembro de 2023"},"absolute_dates_time":{"created":"Publicado em 28 de setembro de 2023 10:09","modified":"Atualizado em 28 de setembro de 2023 10:09"},"featured_img_caption":"","series_order":"","_links":{"self":[{"href":"https:\/\/sindaopcpb.org.br\/index.php\/wp-json\/wp\/v2\/posts\/36452","targetHints":{"allow":["GET"]}}],"collection":[{"href":"https:\/\/sindaopcpb.org.br\/index.php\/wp-json\/wp\/v2\/posts"}],"about":[{"href":"https:\/\/sindaopcpb.org.br\/index.php\/wp-json\/wp\/v2\/types\/post"}],"author":[{"embeddable":true,"href":"https:\/\/sindaopcpb.org.br\/index.php\/wp-json\/wp\/v2\/users\/50"}],"replies":[{"embeddable":true,"href":"https:\/\/sindaopcpb.org.br\/index.php\/wp-json\/wp\/v2\/comments?post=36452"}],"version-history":[{"count":1,"href":"https:\/\/sindaopcpb.org.br\/index.php\/wp-json\/wp\/v2\/posts\/36452\/revisions"}],"predecessor-version":[{"id":36453,"href":"https:\/\/sindaopcpb.org.br\/index.php\/wp-json\/wp\/v2\/posts\/36452\/revisions\/36453"}],"wp:attachment":[{"href":"https:\/\/sindaopcpb.org.br\/index.php\/wp-json\/wp\/v2\/media?parent=36452"}],"wp:term":[{"taxonomy":"category","embeddable":true,"href":"https:\/\/sindaopcpb.org.br\/index.php\/wp-json\/wp\/v2\/categories?post=36452"},{"taxonomy":"post_tag","embeddable":true,"href":"https:\/\/sindaopcpb.org.br\/index.php\/wp-json\/wp\/v2\/tags?post=36452"}],"curies":[{"name":"wp","href":"https:\/\/api.w.org\/{rel}","templated":true}]}}