{"id":36436,"date":"2023-09-28T09:15:34","date_gmt":"2023-09-28T12:15:34","guid":{"rendered":"https:\/\/g1.globo.com\/pb\/paraiba\/noticia\/2023\/09\/28\/tributo-com-lancamento-de-biografia-marca-comemoracoes-de-centenario-de-otacilio-batista.ghtml"},"modified":"2023-09-28T09:15:34","modified_gmt":"2023-09-28T12:15:34","slug":"tributo-com-lancamento-de-biografia-marca-comemoracoes-de-centenario-de-otacilio-batista","status":"publish","type":"post","link":"https:\/\/sindaopcpb.org.br\/index.php\/2023\/09\/28\/tributo-com-lancamento-de-biografia-marca-comemoracoes-de-centenario-de-otacilio-batista\/","title":{"rendered":"Tributo com lan\u00e7amento de biografia marca comemora\u00e7\u00f5es de centen\u00e1rio de Otac\u00edlio Batista"},"content":{"rendered":"   <img src=\"https:\/\/s2.glbimg.com\/aEbaKCsOBFWBsbm5vS3oL5oSzvQ=\/i.s3.glbimg.com\/v1\/AUTH_59edd422c0c84a879bd37670ae4f538a\/internal_photos\/bs\/2021\/5\/1\/GreyYpQQGj9GfcYOBZCQ\/whatsapp-image-2021-01-21-at-11.19.50.jpeg\" \/><br \/>     Evento vai acontecer no Bessa Grill, em Jo\u00e3o Pessoa, \u00e0s 19h desta quinta-feira (28). Otac\u00edlio Batista, um dos mais respeitados cantadores do pa\u00eds\nFernando Patriota\/Arquivo Pessoal\nO centen\u00e1rio de um dos principais nomes do repente e cantoria do Nordeste, Otac\u00edlio Batista, ser\u00e1 comemorado nesta quinta-feira (28) em um tributo, na capital paraibana Jo\u00e3o Pessoa. O evento vai contar com m\u00fasica, repente e com o lan\u00e7amento da biografia de Otac\u00edlio.\nAcesse o Guia Qual \u00e9 a Boa\nO livro \u201cOtac\u00edlio Batista: uma hist\u00f3ria do repente brasileiro\u201c, \u00e9 de autoria de Sandino Patriota. Ele explicou que a leitura do livro \u00e9 uma oportunidade para conhecer o legado po\u00e9tico de Otac\u00edlio e sua contribui\u00e7\u00e3o para a cultura nordestina, al\u00e9m das t\u00e9cnicas que envolvem o repente.\n\"Para quem conhece a poesia de repente, o livro \u00e9 uma \u00f3tima oportunidade para compreender mais profundamente o legado po\u00e9tico de Otac\u00edlio, sua participa\u00e7\u00e3o fundamental nos mais importantes momentos da cantoria do nordeste brasileiro e o contexto no qual foram escritos seus principais registros po\u00e9ticos\", escreveu Sandino Patriota.\nCapa de biografia de Otac\u00edlio Batista, que ser\u00e1 lan\u00e7ada nesta quinta-feira (28)\nReprodu\u00e7\u00e3o\nO tributo ter\u00e1 v\u00e1rias atra\u00e7\u00f5es, com m\u00fasica, cantorias e declama\u00e7\u00f5es. A m\u00fasica ser\u00e1 com Sivia Patriota, Jos\u00e9 Patriota Ludimila (vozes), Naldinho Freire e Luiz Carlos Ot\u00e1vio (viol\u00e3o), Rodolfo Lopes (viola), Corn\u00e9tio Santana (flauta), Ela Virg\u00ednia (bailo), Marc\u00edlio Ot\u00e1vio (percuss\u00e3o) e Grupo Voz Ativa.\nOliveira de Panelas, Ant\u00f4nio Costa e Edimilson Ferreira far\u00e3o a cantoria, e a declama\u00e7\u00e3o ser\u00e1 com Cleudon Chaves Jr., Lucille Patriota e Bianca Rufino.\nA organiza\u00e7\u00e3o do evento \u00e9 de Fernando Patriota, jornalista e respons\u00e1vel pelo acervo do cantador. O tributo acontece nesta quinta-feira (28), no Bessa Grill, em Jo\u00e3o Pessoa, \u00e0s 19h.\nV\u00eddeos mais assistidos do g1 Para\u00edba  ","protected":false},"excerpt":{"rendered":"<p>        Evento vai acontecer no Bessa Grill, em Jo\u00e3o Pessoa, \u00e0s 19h desta quinta-feira (28). Otac\u00edlio Batista, um dos mais respeitados cantadores do pa\u00eds<br \/>\nFernando Patriota\/Arquivo Pessoal<br \/>\nO centen\u00e1rio de um dos principais nomes do repente e cantoria do&#8230;<\/p>\n","protected":false},"author":2,"featured_media":0,"comment_status":"closed","ping_status":"closed","sticky":false,"template":"","format":"standard","meta":{"advgb_blocks_editor_width":"","advgb_blocks_columns_visual_guide":"","footnotes":""},"categories":[34],"tags":[35],"class_list":["post-36436","post","type-post","status-publish","format-standard","hentry","category-g1","tag-g1"],"author_meta":{"display_name":"g1 &gt; Para\u00edba","author_link":"https:\/\/sindaopcpb.org.br\/author\/g1-paraiba\/"},"featured_img":null,"coauthors":[],"tax_additional":{"categories":{"linked":["<a href=\"https:\/\/sindaopcpb.org.br\/g1\/\" class=\"advgb-post-tax-term\">G1<\/a>"],"unlinked":["<span class=\"advgb-post-tax-term\">G1<\/span>"]},"tags":{"linked":["<a href=\"https:\/\/sindaopcpb.org.br\/g1\/\" class=\"advgb-post-tax-term\">g1<\/a>"],"unlinked":["<span class=\"advgb-post-tax-term\">g1<\/span>"]}},"comment_count":"0","relative_dates":{"created":"Publicado 3 anos atr\u00e1s","modified":"Atualizado 3 anos atr\u00e1s"},"absolute_dates":{"created":"Publicado em 28 de setembro de 2023","modified":"Atualizado em 28 de setembro de 2023"},"absolute_dates_time":{"created":"Publicado em 28 de setembro de 2023 09:15","modified":"Atualizado em 28 de setembro de 2023 09:15"},"featured_img_caption":"","series_order":"","_links":{"self":[{"href":"https:\/\/sindaopcpb.org.br\/index.php\/wp-json\/wp\/v2\/posts\/36436","targetHints":{"allow":["GET"]}}],"collection":[{"href":"https:\/\/sindaopcpb.org.br\/index.php\/wp-json\/wp\/v2\/posts"}],"about":[{"href":"https:\/\/sindaopcpb.org.br\/index.php\/wp-json\/wp\/v2\/types\/post"}],"author":[{"embeddable":true,"href":"https:\/\/sindaopcpb.org.br\/index.php\/wp-json\/wp\/v2\/users\/2"}],"replies":[{"embeddable":true,"href":"https:\/\/sindaopcpb.org.br\/index.php\/wp-json\/wp\/v2\/comments?post=36436"}],"version-history":[{"count":1,"href":"https:\/\/sindaopcpb.org.br\/index.php\/wp-json\/wp\/v2\/posts\/36436\/revisions"}],"predecessor-version":[{"id":36437,"href":"https:\/\/sindaopcpb.org.br\/index.php\/wp-json\/wp\/v2\/posts\/36436\/revisions\/36437"}],"wp:attachment":[{"href":"https:\/\/sindaopcpb.org.br\/index.php\/wp-json\/wp\/v2\/media?parent=36436"}],"wp:term":[{"taxonomy":"category","embeddable":true,"href":"https:\/\/sindaopcpb.org.br\/index.php\/wp-json\/wp\/v2\/categories?post=36436"},{"taxonomy":"post_tag","embeddable":true,"href":"https:\/\/sindaopcpb.org.br\/index.php\/wp-json\/wp\/v2\/tags?post=36436"}],"curies":[{"name":"wp","href":"https:\/\/api.w.org\/{rel}","templated":true}]}}