{"id":36368,"date":"2023-09-27T20:42:31","date_gmt":"2023-09-27T23:42:31","guid":{"rendered":"https:\/\/www.infomoney.com.br\/?p=2254398"},"modified":"2023-09-27T20:42:31","modified_gmt":"2023-09-27T23:42:31","slug":"ainda-sem-relator-definido-camara-quer-votar-pl-das-offshores-na-proxima-semana","status":"publish","type":"post","link":"https:\/\/sindaopcpb.org.br\/index.php\/2023\/09\/27\/ainda-sem-relator-definido-camara-quer-votar-pl-das-offshores-na-proxima-semana\/","title":{"rendered":"Ainda sem relator definido, C\u00e2mara quer votar PL das \u201coffshores\u201d na pr\u00f3xima semana"},"content":{"rendered":"<p><img loading=\"lazy\" width=\"300\" height=\"185\" src=\"https:\/\/www.infomoney.com.br\/wp-content\/uploads\/2023\/07\/img20230707133532985MED.jpg?fit=300%2C185&amp;quality=70&amp;strip=all\" class=\"attachment-medium size-medium wp-post-image\" alt=\"\" decoding=\"async\" style=\"float:right; margin:0 0 10px 10px;\" srcset=\"https:\/\/www.infomoney.com.br\/wp-content\/uploads\/2023\/07\/img20230707133532985MED.jpg?w=1000&amp;quality=70&amp;strip=all 1000w, https:\/\/www.infomoney.com.br\/wp-content\/uploads\/2023\/07\/img20230707133532985MED.jpg?w=300&amp;quality=70&amp;strip=all 300w, https:\/\/www.infomoney.com.br\/wp-content\/uploads\/2023\/07\/img20230707133532985MED.jpg?w=768&amp;quality=70&amp;strip=all 768w, https:\/\/www.infomoney.com.br\/wp-content\/uploads\/2023\/07\/img20230707133532985MED.jpg?w=150&amp;quality=70&amp;strip=all 150w\" sizes=\"auto, (max-width: 300px) 100vw, 300px\" data-attachment-id=\"2182298\" data-permalink=\"https:\/\/www.infomoney.com.br\/politica\/camara-conclui-votacao-de-texto-base-da-reforma-tributaria-materia-segue-para-o-senado\/attachment\/img20230707133532985med\/\" data-orig-file=\"https:\/\/www.infomoney.com.br\/wp-content\/uploads\/2023\/07\/img20230707133532985MED.jpg?fit=1000%2C616&amp;quality=70&amp;strip=all\" data-orig-size=\"1000,616\" data-comments-opened=\"0\" data-image-meta=\"{&quot;aperture&quot;:&quot;0&quot;,&quot;credit&quot;:&quot;&quot;,&quot;camera&quot;:&quot;&quot;,&quot;caption&quot;:&quot;&quot;,&quot;created_timestamp&quot;:&quot;0&quot;,&quot;copyright&quot;:&quot;&quot;,&quot;focal_length&quot;:&quot;0&quot;,&quot;iso&quot;:&quot;0&quot;,&quot;shutter_speed&quot;:&quot;0&quot;,&quot;title&quot;:&quot;&quot;,&quot;orientation&quot;:&quot;0&quot;}\" data-image-title=\"Plen\u00e1rio da C\u00e2mara dos Deputados\" data-image-description=\"\" data-image-caption=\"&lt;p&gt;O plen\u00e1rio da C\u00e2mara dos Deputados (Fotos: Zeca Ribeiro \/ C\u00e2mara dos Deputados)&lt;\/p&gt;\n\" data-medium-file=\"https:\/\/www.infomoney.com.br\/wp-content\/uploads\/2023\/07\/img20230707133532985MED.jpg?fit=300%2C185&amp;quality=70&amp;strip=all\" data-large-file=\"https:\/\/www.infomoney.com.br\/wp-content\/uploads\/2023\/07\/img20230707133532985MED.jpg?fit=1000%2C616&amp;quality=70&amp;strip=all\" title=\"\"><\/p>\n<p>A C&acirc;mara dos Deputados deve votar, na ter&ccedil;a-feira (3), em plen&aacute;rio, o projeto de lei que muda regras de tributa&ccedil;&atilde;o de aplica&ccedil;&otilde;es financeiras mantidas por brasileiros no exterior (PL 4173\/2023) &minus; especialmente por meio das chamadas &ldquo;offshores&rdquo;. A informa&ccedil;&atilde;o foi confirmada por parlamentares governistas ap&oacute;s reuni&atilde;o de l&iacute;deres realizada nesta quarta-feira (27).<\/p>\n<p>O texto ainda n&atilde;o tem relator, que deve ser definido em reuni&atilde;o entre o ministro da Fazenda, Fernando Haddad (PT), e o presidente da casa legislativa, Arthur Lira (PP-AL). Conforme o <strong>InfoMoney<\/strong> antecipou, o nome mais cotado &eacute; o do deputado Pedro Paulo (PSD-RJ), j&aacute; conhecido por maior envolvimento em pautas econ&ocirc;micas.<\/p>\n<p>&ldquo;O que ficou certo, e pode ser acrescido de outras coisas, na semana que vem, &eacute; o PL das offshores&rdquo;, disse o l&iacute;der do PT, o deputado Zeca Dirceu (PR), em conversa com jornalistas.<\/p>\n<p>Segundo o parlamentar, a tend&ecirc;ncia &eacute; que ainda nesta semana tamb&eacute;m seja designado o relator do projeto de lei (PL 4258\/2023) que acaba com a dedu&ccedil;&atilde;o dos juros sobre capital pr&oacute;prio (JCP) da base de c&aacute;lculo do Imposto de Renda da Pessoa Jur&iacute;dica (IRPJ) e da Contribui&ccedil;&atilde;o Social sobre o Lucro L&iacute;quido (CSLL). A lista tamb&eacute;m inclui proposi&ccedil;&atilde;o que trata da subven&ccedil;&otilde;es de entes subnacionais da base de c&aacute;lculo de tributos federais (MPV 1185\/2023).<\/p>\n<p>O projeto de lei, que tramita em regime de urg&ecirc;ncia no Congresso Nacional e &eacute; uma das prioridades da agenda da equipe econ&ocirc;mica do governo, cria uma tabela unificada para a cobran&ccedil;a de imposto sobre rendimentos de aplica&ccedil;&otilde;es financeiras de pessoas f&iacute;sicas no exterior e os lucros gerados por controladas (&ldquo;offshores&rdquo;), com al&iacute;quotas que v&atilde;o de 0% (ganhos anuais at&eacute; R$ 6 mil) a 22,5% (ganhos anuais que superarem R$ 50 mil).<\/p>\n<p>No caso de investimentos diretos, o texto mant&eacute;m o chamado regime de caixa (em que o imposto &eacute; recolhido apenas no momento do resgate, amortiza&ccedil;&atilde;o, aliena&ccedil;&atilde;o, vencimento ou liquida&ccedil;&atilde;o das aplica&ccedil;&otilde;es), mas a declara&ccedil;&atilde;o passa a ser anual.<\/p>\n<p>As &ldquo;offshores&rdquo; s&atilde;o o ponto central da proposta, tanto do ponto de vista regulat&oacute;rio quanto como fonte de arrecada&ccedil;&atilde;o. Para contribuintes que usam essas estruturas, o texto prev&ecirc; substitui&ccedil;&atilde;o do regime de caixa para o chamado regime de compet&ecirc;ncia (em que os lucros passam a ser tributados anualmente, mesmo se mantidos pela controlada no exterior).<\/p>\n<p>O texto tamb&eacute;m regulamenta os &ldquo;trusts&rdquo;, que s&atilde;o uma ferramenta contratual sofisticada muito usada no exterior para a organiza&ccedil;&atilde;o do patrim&ocirc;nio e da sucess&atilde;o por fam&iacute;lias de alta renda. Pelo dispositivo, eles passam a ser considerados entidades transparentes, com necessidade de declara&ccedil;&atilde;o pelos titulares.<\/p>\n<p>A mat&eacute;ria ainda traz a op&ccedil;&atilde;o para o contribuinte atualizar o valor dos seus bens e direitos no exterior para o valor de mercado em 31 de dezembro de 2023 (na medida provis&oacute;ria original, a atualiza&ccedil;&atilde;o ia apenas at&eacute; dezembro de 2022), tributando a diferen&ccedil;a por uma al&iacute;quota favorecida de 10%. Neste caso, o imposto dever&aacute; ser pago at&eacute; 31 de maio de 2024.<\/p>\n<p>Aqueles que decidirem n&atilde;o aderir permanecer&atilde;o nas regras antigas, mas sujeitos &agrave; nova tabela de al&iacute;quotas do IRPF, caso o projeto de lei seja aprovado pelo Congresso Nacional.<\/p>\n<p>Um vice-l&iacute;der aliado ao governo e com conhecimento no assunto confirmou ao <strong>InfoMoney<\/strong> que a tend&ecirc;ncia &eacute; que o projeto de lei das &ldquo;offshores&rdquo; incorpore a tributa&ccedil;&atilde;o dos fundos exclusivos (ou fundos fechados, tamb&eacute;m conhecido como &ldquo;onshore&rdquo;), prevista na Medida Provis&oacute;ria 1184\/2023.<\/p>\n<p><strong>Leia tamb&eacute;m:<\/strong> <a href=\"https:\/\/www.infomoney.com.br\/politica\/tributacao-das-offshores-o-que-o-governo-mudou-no-novo-projeto-sobre-o-assunto\/\" rel=\"nofollow noopener\" target=\"_blank\">Tributa&ccedil;&atilde;o das &ldquo;offshores&rdquo;: o que o governo mudou no novo projeto sobre o assunto?<\/a><\/p>\n<p>Pela pauta definida pelos l&iacute;deres partid&aacute;rios, tamb&eacute;m deve ser votado em plen&aacute;rio na pr&oacute;xima semana o marco das garantias e o projeto de lei que trata da securitiza&ccedil;&atilde;o.<\/p>\n<h2><strong>Obstru&ccedil;&atilde;o da oposi&ccedil;&atilde;o<\/strong><\/h2>\n<p>O encaminhamento ocorre em uma semana marcada pela pauta esvaziada do plen&aacute;rio da casa legislativa, em raz&atilde;o de obstru&ccedil;&atilde;o promovida pelas bancadas ruralista, evang&eacute;lica e cat&oacute;lica e principalmente por um desentendimento entre integrantes do &ldquo;centr&atilde;o&rdquo; e o governo do presidente Luiz In&aacute;cio Lula da Silva (PT).<\/p>\n<p>Parlamentares afirmam que o presidente da C&acirc;mara dos Deputados, Arthur Lira (PP-AL), estaria incomodado com o mandat&aacute;rio por n&atilde;o honrar suposto acordo para a indica&ccedil;&atilde;o de cargos para o comando e vice-presid&ecirc;ncias da Caixa Econ&ocirc;mica Federal, al&eacute;m da Funda&ccedil;&atilde;o Nacional de Sa&uacute;de (Funasa) e da Companhia de Desenvolvimento dos Vales do S&atilde;o Francisco e do Parna&iacute;ba (Codevasf).<\/p>\n<p>Conforme Lira disse em entrevista ao jornal <em>Folha de S.Paulo<\/em>, o acordo celebrado com a minirreforma ministerial do governo envolvia, al&eacute;m da nomea&ccedil;&atilde;o de Andr&eacute; Fufuca (PP-MA) e Silvio Costa Filho (Republicanos-PE) respectivamente para as pastas do Esporte e dos Portos e Aeroportos, a concess&atilde;o dos cargos no segundo escal&atilde;o para o &ldquo;centr&atilde;o&rdquo;.<\/p>\n<p>Mas nesta semana, por&eacute;m, Lula declarou n&atilde;o estar disposto a &ldquo;mexer com nada&rdquo;. &ldquo;N&atilde;o adianta ficar torcendo para a &aacute;gua que voc&ecirc; quer que passe embaixo da ponte chegue logo, elas v&atilde;o chegar no momento certo. Na hora em que eu tiver que mexer em alguma coisa, eu vou mexer&rdquo;, afirmou.<\/p>\n<p>Ao inc&ocirc;modo de Lira somou-se a insatisfa&ccedil;&atilde;o das bancadas ruralista, evang&eacute;lica e cat&oacute;lica com julgamentos do Supremo Tribunal Federal (STF), que, na avalia&ccedil;&atilde;o de seus integrantes, teria invadido compet&ecirc;ncias do pr&oacute;prio parlamento ao analisar pautas relacionadas &agrave; descriminaliza&ccedil;&atilde;o do porte de drogas, o marco temporal das terras ind&iacute;genas o aborto.<\/p>\n<p>Ap&oacute;s indicar que a semana poderia passar em branco, l&iacute;deres partid&aacute;rios da C&acirc;mara dos Deputados chegaram a um entendimento para votar proposi&ccedil;&otilde;es na noite desta quarta-feira (27).<\/p>\n<p>Com exce&ccedil;&atilde;o do PL, sigla do ex-presidente Jair Bolsonaro, que seguir&aacute; em obstru&ccedil;&atilde;o, as outras bancadas concordaram em votar uma medida provis&oacute;ria que abre cr&eacute;dito extraordin&aacute;rio de R$ 200 milh&otilde;es para o Minist&eacute;rio da Agricultura e Pecu&aacute;ria Tamb&eacute;m entrou na pauta projeto de lei que prorroga o prazo para a obrigatoriedade de exibi&ccedil;&atilde;o comercial de obras cinematogr&aacute;ficas brasileiras at&eacute; 2031. E o outro prorroga o prazo de obrigatoriedade de exibi&ccedil;&atilde;o comercial de obras cinematogr&aacute;ficas brasileiras at&eacute; 2031.<\/p>\n<p>Apesar do entendimento, h&aacute; expectativa de que a obstru&ccedil;&atilde;o promovida por bancadas da oposi&ccedil;&atilde;o e a m&aacute; vontade de alguns integrantes do &ldquo;centr&atilde;o&rdquo; com pautas com menor n&iacute;vel de consenso se estenda pela pr&oacute;xima semana, afetando a discuss&atilde;o de temas de interesse do governo na casa legislativa.<\/p>\n<p>&ldquo;As coisas se reorganizaram novamente. Pelo que percebi, vai continuar havendo obstru&ccedil;&atilde;o, mas n&oacute;s vamos super&aacute;-la. Acho que as coisas voltaram a acontecer&rdquo;, salientou Zeca Dirceu.<\/p>\n<\/p>\n<div class=\"cta-end\">\n<div class=\"im-cta\" >\n<div class=\"im-shortcode-forms bg-light bg-opacity-25 border rounded-4 p-3 p-sm-4 p-md-3 p-lg-4 px-xxl-5 my-5\" data-configuration='{\"form_name\":false,\"form_hat\":\"Newsletter\",\"form_email\":true,\"form_icon\":\"newsletter\",\"form_phone\":false,\"form_campaign\":\"NIM\",\"form_thankyou\":\"\",\"form_journey\":\"APIEvent-26a5198d-8e09-06ef-5f80-cd9127757ad1\",\"form_button\":\"Quero receber\",\"form_context\":\"newsletter\",\"form_origin\":\"https:\\\/\\\/www.infomoney.com.br\\\/politica\\\/feed\\\/?utm_medium=materia&#038;utm_source=infomoney&#038;utm_campaign=NIM&#038;utm_term=politica&#038;utm_content=newsletter\",\"form_position\":\"final\",\"form_category\":\"cta_form\"}'>\n<div class=\"d-flex flex-column align-items-center align-items-lg-start mb-4 flex-lg-row\">\n<div class=\"rounded-circle mb-2 mb-lg-0 mr-lg-4 me-lg-4 p-3 p-lg-4 bg-blue-400\"><svg width=\"40\" height=\"40\" viewBox=\"0 0 40 40\" fill=\"none\" xmlns=\"http:\/\/www.w3.org\/2000\/svg\"><path d=\"M20 20.25 6.042 11.042v19.041c0 .167.048.299.146.396a.535.535 0 0 0 .395.146h15.792V32.5H6.583a2.328 2.328 0 0 1-1.708-.708 2.328 2.328 0 0 1-.708-1.709V9.917c0-.667.236-1.236.708-1.709A2.328 2.328 0 0 1 6.583 7.5h26.834c.666 0 1.236.236 1.708.708a2.33 2.33 0 0 1 .708 1.709v12.458h-1.875V11.042L20 20.25Zm0-2 13.667-8.875H6.333L20 18.25Zm11.75 18.958-1.292-1.333 3.334-3.375h-9v-1.875h9l-3.375-3.417 1.333-1.291 5.667 5.625-5.667 5.666ZM6.042 11.042v20.791-9.458.25-13.25 1.667Z\" fill=\"#fff\"\/><\/svg><\/div>\n<div class=\"flex-fill text-center text-lg-left\">\n<div class=\"h6 small text-orange-700 lh-base mb-1\">Newsletter<\/div>\n<div class=\"text-body h4 m-0\">Infomorning<\/div>\n<div class=\"text-body small lh-base mt-2\">Receba no seu e-mail logo pela manh&atilde; as not&iacute;cias que v&atilde;o mexer com os mercados, com os seus investimentos e o seu bolso durante o dia<\/div>\n<\/div>\n<\/div>\n<\/div>\n<\/div>\n<\/div>\n<p>The post <a rel=\"nofollow noopener\" href=\"https:\/\/www.infomoney.com.br\/politica\/ainda-sem-relator-definido-camara-quer-votar-pl-das-offshores-na-proxima-semana\/\" target=\"_blank\">Ainda sem relator definido, C\u00e2mara quer votar PL das &#8220;offshores&#8221; na pr\u00f3xima semana<\/a> appeared first on <a rel=\"nofollow noopener\" href=\"https:\/\/www.infomoney.com.br\/\" target=\"_blank\">InfoMoney<\/a>.<\/p>\n","protected":false},"excerpt":{"rendered":"<p><img loading=\"lazy\" decoding=\"async\" width=\"300\" height=\"185\" src=\"https:\/\/www.infomoney.com.br\/wp-content\/uploads\/2023\/07\/img20230707133532985MED.jpg?fit=300%2C185&amp;quality=70&amp;strip=all\" class=\"attachment-medium size-medium wp-post-image\" alt=\"\" data-attachment-id=\"2182298\" data-permalink=\"https:\/\/www.infomoney.com.br\/politica\/camara-conclui-votacao-de-texto-base-da-reforma-tributaria-materia-segue-para-o-senado\/attachment\/img20230707133532985med\/\" data-orig-file=\"https:\/\/www.infomoney.com.br\/wp-content\/uploads\/2023\/07\/img20230707133532985MED.jpg?fit=1000%2C616&amp;quality=70&amp;strip=all\" data-orig-size=\"1000,616\" data-comments-opened=\"0\" data-image-meta='{\"aperture\":\"0\",\"credit\":\"\",\"camera\":\"\",\"caption\":\"\",\"created_timestamp\":\"0\",\"copyright\":\"\",\"focal_length\":\"0\",\"iso\":\"0\",\"shutter_speed\":\"0\",\"title\":\"\",\"orientation\":\"0\"}' data-image-title=\"Plen\u00e1rio da C\u00e2mara dos Deputados\" data-image-description=\"\" data-image-caption=\"&lt;p&gt;O plen\u00e1rio da C\u00e2mara dos Deputados (Fotos: Zeca Ribeiro \/ C\u00e2mara dos Deputados)&lt;\/p&gt;\n\" data-medium-file=\"https:\/\/www.infomoney.com.br\/wp-content\/uploads\/2023\/07\/img20230707133532985MED.jpg?fit=300%2C185&amp;quality=70&amp;strip=all\" data-large-file=\"https:\/\/www.infomoney.com.br\/wp-content\/uploads\/2023\/07\/img20230707133532985MED.jpg?fit=1000%2C616&amp;quality=70&amp;strip=all\">Governo tenta superar obstru\u00e7\u00e3o de parte da oposi\u00e7\u00e3o e inc\u00f4modo de integrantes do &#8220;centr\u00e3o&#8221; para avan\u00e7ar com agenda de interesse da equipe econ\u00f4mica<\/p>\n<p>The post <a rel=\"nofollow\" href=\"https:\/\/www.infomoney.com.br\/politica\/ainda-sem-relator-definido-camara-quer-votar-pl-das-offshores-na-proxima-semana\/\">Ainda sem relator definido, C\u00e2mara quer votar PL das \u201coffshores\u201d na pr\u00f3xima semana<\/a> appeared first on <a rel=\"nofollow\" href=\"https:\/\/www.infomoney.com.br\/\">InfoMoney<\/a>.<\/p>\n","protected":false},"author":52,"featured_media":0,"comment_status":"closed","ping_status":"closed","sticky":false,"template":"","format":"standard","meta":{"advgb_blocks_editor_width":"","advgb_blocks_columns_visual_guide":"","footnotes":""},"categories":[276,6661,34,260,130,3419,47],"tags":[35],"class_list":["post-36368","post","type-post","status-publish","format-standard","hentry","category-camara-dos-deputados","category-fundos-exclusivos","category-g1","category-governo","category-ministerio-da-fazenda","category-offshore","category-politica","tag-g1"],"author_meta":{"display_name":"Marcos Mortari","author_link":"https:\/\/sindaopcpb.org.br\/author\/marcos-mortari\/"},"featured_img":null,"coauthors":[],"tax_additional":{"categories":{"linked":["<a href=\"https:\/\/sindaopcpb.org.br\/camara-dos-deputados\/\" class=\"advgb-post-tax-term\">C\u00e2mara dos Deputados<\/a>","<a href=\"https:\/\/sindaopcpb.org.br\/fundos-exclusivos\/\" class=\"advgb-post-tax-term\">Fundos Exclusivos<\/a>","<a href=\"https:\/\/sindaopcpb.org.br\/g1\/\" class=\"advgb-post-tax-term\">G1<\/a>","<a href=\"https:\/\/sindaopcpb.org.br\/governo\/\" class=\"advgb-post-tax-term\">Governo<\/a>","<a href=\"https:\/\/sindaopcpb.org.br\/ministerio-da-fazenda\/\" class=\"advgb-post-tax-term\">Minist\u00e9rio da Fazenda<\/a>","<a href=\"https:\/\/sindaopcpb.org.br\/offshore\/\" class=\"advgb-post-tax-term\">Offshore<\/a>","<a href=\"https:\/\/sindaopcpb.org.br\/politica\/\" class=\"advgb-post-tax-term\">POLITICA<\/a>"],"unlinked":["<span class=\"advgb-post-tax-term\">C\u00e2mara dos Deputados<\/span>","<span class=\"advgb-post-tax-term\">Fundos Exclusivos<\/span>","<span class=\"advgb-post-tax-term\">G1<\/span>","<span class=\"advgb-post-tax-term\">Governo<\/span>","<span class=\"advgb-post-tax-term\">Minist\u00e9rio da Fazenda<\/span>","<span class=\"advgb-post-tax-term\">Offshore<\/span>","<span class=\"advgb-post-tax-term\">POLITICA<\/span>"]},"tags":{"linked":["<a href=\"https:\/\/sindaopcpb.org.br\/politica\/\" class=\"advgb-post-tax-term\">g1<\/a>"],"unlinked":["<span class=\"advgb-post-tax-term\">g1<\/span>"]}},"comment_count":"0","relative_dates":{"created":"Publicado 3 anos atr\u00e1s","modified":"Atualizado 3 anos atr\u00e1s"},"absolute_dates":{"created":"Publicado em 27 de setembro de 2023","modified":"Atualizado em 27 de setembro de 2023"},"absolute_dates_time":{"created":"Publicado em 27 de setembro de 2023 20:42","modified":"Atualizado em 27 de setembro de 2023 20:42"},"featured_img_caption":"","series_order":"","_links":{"self":[{"href":"https:\/\/sindaopcpb.org.br\/index.php\/wp-json\/wp\/v2\/posts\/36368","targetHints":{"allow":["GET"]}}],"collection":[{"href":"https:\/\/sindaopcpb.org.br\/index.php\/wp-json\/wp\/v2\/posts"}],"about":[{"href":"https:\/\/sindaopcpb.org.br\/index.php\/wp-json\/wp\/v2\/types\/post"}],"author":[{"embeddable":true,"href":"https:\/\/sindaopcpb.org.br\/index.php\/wp-json\/wp\/v2\/users\/52"}],"replies":[{"embeddable":true,"href":"https:\/\/sindaopcpb.org.br\/index.php\/wp-json\/wp\/v2\/comments?post=36368"}],"version-history":[{"count":1,"href":"https:\/\/sindaopcpb.org.br\/index.php\/wp-json\/wp\/v2\/posts\/36368\/revisions"}],"predecessor-version":[{"id":36369,"href":"https:\/\/sindaopcpb.org.br\/index.php\/wp-json\/wp\/v2\/posts\/36368\/revisions\/36369"}],"wp:attachment":[{"href":"https:\/\/sindaopcpb.org.br\/index.php\/wp-json\/wp\/v2\/media?parent=36368"}],"wp:term":[{"taxonomy":"category","embeddable":true,"href":"https:\/\/sindaopcpb.org.br\/index.php\/wp-json\/wp\/v2\/categories?post=36368"},{"taxonomy":"post_tag","embeddable":true,"href":"https:\/\/sindaopcpb.org.br\/index.php\/wp-json\/wp\/v2\/tags?post=36368"}],"curies":[{"name":"wp","href":"https:\/\/api.w.org\/{rel}","templated":true}]}}