{"id":36362,"date":"2023-09-27T18:50:25","date_gmt":"2023-09-27T21:50:25","guid":{"rendered":"https:\/\/wpa.wscom.com.br\/?p=924849"},"modified":"2023-09-27T18:50:25","modified_gmt":"2023-09-27T21:50:25","slug":"prefeitura-de-joao-pessoa-paga-salarios-de-setembro-nesta-quinta-e-sexta-feira","status":"publish","type":"post","link":"https:\/\/sindaopcpb.org.br\/index.php\/2023\/09\/27\/prefeitura-de-joao-pessoa-paga-salarios-de-setembro-nesta-quinta-e-sexta-feira\/","title":{"rendered":"Prefeitura de Jo\u00e3o Pessoa paga sal\u00e1rios de setembro nesta quinta e sexta-feira"},"content":{"rendered":"<p>A Prefeitura de Jo\u00e3o Pessoa paga os sal\u00e1rios dos servidores p\u00fablicos municipais, referentes ao m\u00eas de setembro, nesta quinta (28) e sexta-feira (29). O calend\u00e1rio de pagamentos foi definido pelas Secretarias de Administra\u00e7\u00e3o (Sead) e de Finan\u00e7as (Sefin) e acontece dentro do m\u00eas trabalhado, assim como \u00e9 realizado desde o in\u00edcio da gest\u00e3o do prefeito C\u00edcero Lucena.<\/p>\n<p>De acordo com a equipe econ\u00f4mica da gest\u00e3o municipal, o pagamento acontece na quinta-feira para os servidores aposentados e pensionistas do Instituto de Previd\u00eancia do Munic\u00edpio (IPM).<\/p>\n<p>J\u00e1 na sexta-feira, recebem seus proventos os servidores da ativa, entre efetivos, comissionados e prestadores de servi\u00e7o.<\/p>\n<p>O post <a rel=\"nofollow noopener\" href=\"https:\/\/wscom.com.br\/prefeitura-de-joao-pessoa-paga-salarios-de-setembro-nesta-quinta-e-sexta-feira\/\" target=\"_blank\">Prefeitura de Jo\u00e3o Pessoa paga sal\u00e1rios de setembro nesta quinta e sexta-feira<\/a> apareceu primeiro em <a rel=\"nofollow noopener\" href=\"https:\/\/wscom.com.br\/\" target=\"_blank\">WSCOM<\/a>.<\/p>\n","protected":false},"excerpt":{"rendered":"<p>A Prefeitura de Jo\u00e3o Pessoa paga os sal\u00e1rios dos servidores p\u00fablicos municipais, referentes ao m\u00eas de setembro, nesta quinta (28) e sexta-feira (29). O calend\u00e1rio de pagamentos foi definido pelas Secretarias de Administra\u00e7\u00e3o (Sead) e de Finan\u00e7as (Sefin) e acontece dentro do m\u00eas trabalhado, assim como \u00e9 realizado desde o in\u00edcio da gest\u00e3o do prefeito [\u2026]<\/p>\n<p>O post <a rel=\"nofollow\" href=\"https:\/\/wscom.com.br\/prefeitura-de-joao-pessoa-paga-salarios-de-setembro-nesta-quinta-e-sexta-feira\/\">Prefeitura de Jo\u00e3o Pessoa paga sal\u00e1rios de setembro nesta quinta e sexta-feira<\/a> apareceu primeiro em <a rel=\"nofollow\" href=\"https:\/\/wscom.com.br\/\">WSCOM<\/a>.<\/p>\n","protected":false},"author":49,"featured_media":0,"comment_status":"closed","ping_status":"closed","sticky":false,"template":"","format":"standard","meta":{"advgb_blocks_editor_width":"","advgb_blocks_columns_visual_guide":"","footnotes":""},"categories":[69,9535,34,2017,6743],"tags":[35],"class_list":["post-36362","post","type-post","status-publish","format-standard","hentry","category-economia","category-funcionalismo","category-g1","category-prefeitura-de-joao-pessoa","category-servidores-municipais","tag-g1"],"author_meta":{"display_name":"Cristiane Cavalcante","author_link":"https:\/\/sindaopcpb.org.br\/author\/cristiane-cavalcante\/"},"featured_img":null,"coauthors":[],"tax_additional":{"categories":{"linked":["<a href=\"https:\/\/sindaopcpb.org.br\/economia\/\" class=\"advgb-post-tax-term\">Economia<\/a>","<a href=\"https:\/\/sindaopcpb.org.br\/funcionalismo\/\" class=\"advgb-post-tax-term\">funcionalismo<\/a>","<a href=\"https:\/\/sindaopcpb.org.br\/g1\/\" class=\"advgb-post-tax-term\">G1<\/a>","<a href=\"https:\/\/sindaopcpb.org.br\/prefeitura-de-joao-pessoa\/\" class=\"advgb-post-tax-term\">Prefeitura de Jo\u00e3o Pessoa<\/a>","<a href=\"https:\/\/sindaopcpb.org.br\/servidores-municipais\/\" class=\"advgb-post-tax-term\">servidores municipais<\/a>"],"unlinked":["<span class=\"advgb-post-tax-term\">Economia<\/span>","<span class=\"advgb-post-tax-term\">funcionalismo<\/span>","<span class=\"advgb-post-tax-term\">G1<\/span>","<span class=\"advgb-post-tax-term\">Prefeitura de Jo\u00e3o Pessoa<\/span>","<span class=\"advgb-post-tax-term\">servidores municipais<\/span>"]},"tags":{"linked":["<a href=\"https:\/\/sindaopcpb.org.br\/servidores-municipais\/\" class=\"advgb-post-tax-term\">g1<\/a>"],"unlinked":["<span class=\"advgb-post-tax-term\">g1<\/span>"]}},"comment_count":"0","relative_dates":{"created":"Publicado 3 anos atr\u00e1s","modified":"Atualizado 3 anos atr\u00e1s"},"absolute_dates":{"created":"Publicado em 27 de setembro de 2023","modified":"Atualizado em 27 de setembro de 2023"},"absolute_dates_time":{"created":"Publicado em 27 de setembro de 2023 18:50","modified":"Atualizado em 27 de setembro de 2023 18:50"},"featured_img_caption":"","series_order":"","_links":{"self":[{"href":"https:\/\/sindaopcpb.org.br\/index.php\/wp-json\/wp\/v2\/posts\/36362","targetHints":{"allow":["GET"]}}],"collection":[{"href":"https:\/\/sindaopcpb.org.br\/index.php\/wp-json\/wp\/v2\/posts"}],"about":[{"href":"https:\/\/sindaopcpb.org.br\/index.php\/wp-json\/wp\/v2\/types\/post"}],"author":[{"embeddable":true,"href":"https:\/\/sindaopcpb.org.br\/index.php\/wp-json\/wp\/v2\/users\/49"}],"replies":[{"embeddable":true,"href":"https:\/\/sindaopcpb.org.br\/index.php\/wp-json\/wp\/v2\/comments?post=36362"}],"version-history":[{"count":1,"href":"https:\/\/sindaopcpb.org.br\/index.php\/wp-json\/wp\/v2\/posts\/36362\/revisions"}],"predecessor-version":[{"id":36363,"href":"https:\/\/sindaopcpb.org.br\/index.php\/wp-json\/wp\/v2\/posts\/36362\/revisions\/36363"}],"wp:attachment":[{"href":"https:\/\/sindaopcpb.org.br\/index.php\/wp-json\/wp\/v2\/media?parent=36362"}],"wp:term":[{"taxonomy":"category","embeddable":true,"href":"https:\/\/sindaopcpb.org.br\/index.php\/wp-json\/wp\/v2\/categories?post=36362"},{"taxonomy":"post_tag","embeddable":true,"href":"https:\/\/sindaopcpb.org.br\/index.php\/wp-json\/wp\/v2\/tags?post=36362"}],"curies":[{"name":"wp","href":"https:\/\/api.w.org\/{rel}","templated":true}]}}