{"id":36350,"date":"2023-09-27T18:23:26","date_gmt":"2023-09-27T21:23:26","guid":{"rendered":"https:\/\/wpa.wscom.com.br\/?p=924837"},"modified":"2023-09-27T18:23:26","modified_gmt":"2023-09-27T21:23:26","slug":"consuper-2023-nordeste-se-prepara-para-o-maior-encontro-do-varejo-regional-em-joao-pessoa","status":"publish","type":"post","link":"https:\/\/sindaopcpb.org.br\/index.php\/2023\/09\/27\/consuper-2023-nordeste-se-prepara-para-o-maior-encontro-do-varejo-regional-em-joao-pessoa\/","title":{"rendered":"Consuper 2023: Nordeste se prepara para o maior encontro do varejo regional, em Jo\u00e3o Pessoa"},"content":{"rendered":"<p>A aguardada 17\u00aa edi\u00e7\u00e3o da Conven\u00e7\u00e3o Paraibana de Supermercados, a Consuper 2023, j\u00e1 tem data marcada: de 9 a 11 de outubro no Centro de Conven\u00e7\u00f5es de Jo\u00e3o Pessoa. A conven\u00e7\u00e3o deste ano traz como tema principal o bom atendimento como diferencial para os varejistas do Nordeste se posicionarem e conquistarem o mercado.<\/p>\n<p>O maior e mais impactante evento profissional do calend\u00e1rio de varejo da regi\u00e3o deve trazer uma m\u00e9dia de 8 mil participantes, incluindo empres\u00e1rios, l\u00edderes da ind\u00fastria, distribuidores e representantes do setor de varejo regional. S\u00e3o micro, pequenos, m\u00e9dios e grandes empres\u00e1rios, que utilizam a conven\u00e7\u00e3o para garantir contratos lucrativos, especialmente em prepara\u00e7\u00e3o para as vendas de final de ano e a temporada de ver\u00e3o ao longo da costa do Nordeste.<\/p>\n<p>A Consuper 2023 se concentra nos temas cruciais de gest\u00e3o e constru\u00e7\u00e3o de relacionamentos para empreendimentos de varejo bem-sucedidos. A conven\u00e7\u00e3o oferece uma plataforma para a troca de ideias e a gera\u00e7\u00e3o de oportunidades de neg\u00f3cios lucrativas, proporcionando insights valiosos sobre o futuro do setor de varejo.<\/p>\n<p>E esse ano, o evento promete ser ainda maior, com a presen\u00e7a de 68 estandes de ind\u00fastria, distribuidores, servi\u00e7os, equipamentos e institui\u00e7\u00f5es. Empresas de todo o Brasil participam da Consuper, exibindo mais de 300 marcas e lan\u00e7amentos de novos produtos no mercado varejista. Notavelmente, 70% desses expositores representam o setor industrial, aproveitando a oportunidade de se conectar diretamente com os varejistas nordestinos.<\/p>\n<p>C\u00edcero Bernardo da Silva, presidente da Associa\u00e7\u00e3o de Supermercados da Para\u00edba (ASPB), entidade que organiza o evento, enfatiza o foco principal na facilita\u00e7\u00e3o das vendas e parcerias de neg\u00f3cios. &#8220;Desde sua primeira edi\u00e7\u00e3o, a Consuper percorreu um longo caminho, mas sempre esteve ao lado e entendendo as &#8216;dores&#8217; e demandas dos varejistas paraibanos e nordestinos. Por isso, atrai empres\u00e1rios de toda a Para\u00edba e de estados vizinhos, como Pernambuco, Rio Grande do Norte, Alagoas e Cear\u00e1, porque permite um relacionamento mais estreito entre os empres\u00e1rios do setor e seus fornecedores, gerando vantagens na negocia\u00e7\u00e3o e que ser\u00e3o repassadas aos consumidores&#8221;, explica C\u00edcero Bernardo.<\/p>\n<p>Por ser um evento de prest\u00edgio na ind\u00fastria de varejo que re\u00fane empres\u00e1rios, l\u00edderes do setor e representantes do varejo para discutir tend\u00eancias-chave, fazer networking e promover relacionamentos de neg\u00f3cios, a Consuper conta com o apoio institucional do Sebrae\/PB, Fecom\u00e9rcio\/PB, Abras (Associa\u00e7\u00e3o Brasileira de Supermercados) e Gr\u00e1fica JB. E o patroc\u00ednio de grandes marcas, como Ster Bom, Isis Latic\u00ednios, Ind\u00fastria S\u00e3o Braz, GS1 Brasil, Enel Brasil e Mais Descart\u00e1veis.<\/p>\n<p>Servi\u00e7o: CONSUPER 2023 &#8211; Conven\u00e7\u00e3o Paraibana de Supermercados<br \/>\nData: de 09 a 11 de outubro<br \/>\nHor\u00e1rio: das 17 \u00e0s 22 horas<br \/>\nLocal: Centro de Conven\u00e7\u00f5es de Jo\u00e3o Pessoa &#8211; Rodovia PB-008, Km 5 s\/n Polo Tur\u00edstico &#8211; Cabo Branco.<br \/>\nInscri\u00e7\u00f5es Profissionais: <a href=\"https:\/\/www.aspb.com.br\/\" rel=\"nofollow noopener\" target=\"_blank\">https:\/\/www.aspb.com.br\/<\/a><br \/>\nRealiza\u00e7\u00e3o: Associa\u00e7\u00e3o de Supermercados da Para\u00edba (ASPB)<\/p>\n<p>O post <a rel=\"nofollow noopener\" href=\"https:\/\/wscom.com.br\/consuper-2023-nordeste-se-prepara-para-o-maior-encontro-do-varejo-regional-em-joao-pessoa\/\" target=\"_blank\">Consuper 2023: Nordeste se prepara para o maior encontro do varejo regional, em Jo\u00e3o Pessoa<\/a> apareceu primeiro em <a rel=\"nofollow noopener\" href=\"https:\/\/wscom.com.br\/\" target=\"_blank\">WSCOM<\/a>.<\/p>\n","protected":false},"excerpt":{"rendered":"<p>A aguardada 17\u00aa edi\u00e7\u00e3o da Conven\u00e7\u00e3o Paraibana de Supermercados, a Consuper 2023, j\u00e1 tem data marcada: de 9 a 11 de outubro no Centro de Conven\u00e7\u00f5es de Jo\u00e3o Pessoa. A conven\u00e7\u00e3o deste ano traz como tema principal o bom atendimento como diferencial para os varejistas do Nordeste se posicionarem e conquistarem o mercado. O maior [\u2026]<\/p>\n<p>O post <a rel=\"nofollow\" href=\"https:\/\/wscom.com.br\/consuper-2023-nordeste-se-prepara-para-o-maior-encontro-do-varejo-regional-em-joao-pessoa\/\">Consuper 2023: Nordeste se prepara para o maior encontro do varejo regional, em Jo\u00e3o Pessoa<\/a> apareceu primeiro em <a rel=\"nofollow\" href=\"https:\/\/wscom.com.br\/\">WSCOM<\/a>.<\/p>\n","protected":false},"author":49,"featured_media":0,"comment_status":"closed","ping_status":"closed","sticky":false,"template":"","format":"standard","meta":{"advgb_blocks_editor_width":"","advgb_blocks_columns_visual_guide":"","footnotes":""},"categories":[9532,9533,69,425,34,71,54],"tags":[35],"class_list":["post-36350","post","type-post","status-publish","format-standard","hentry","category-consuper-2023","category-convencao-paraibana-de-supermercados","category-economia","category-economia-negocios","category-g1","category-joao-pessoa","category-paraiba","tag-g1"],"author_meta":{"display_name":"Cristiane Cavalcante","author_link":"https:\/\/sindaopcpb.org.br\/author\/cristiane-cavalcante\/"},"featured_img":null,"coauthors":[],"tax_additional":{"categories":{"linked":["<a href=\"https:\/\/sindaopcpb.org.br\/consuper-2023\/\" class=\"advgb-post-tax-term\">consuper 2023<\/a>","<a href=\"https:\/\/sindaopcpb.org.br\/convencao-paraibana-de-supermercados\/\" class=\"advgb-post-tax-term\">Conven\u00e7\u00e3o Paraibana de Supermercados<\/a>","<a href=\"https:\/\/sindaopcpb.org.br\/economia\/\" class=\"advgb-post-tax-term\">Economia<\/a>","<a href=\"https:\/\/sindaopcpb.org.br\/economia-negocios\/\" class=\"advgb-post-tax-term\">Economia &amp; Neg\u00f3cios<\/a>","<a href=\"https:\/\/sindaopcpb.org.br\/g1\/\" class=\"advgb-post-tax-term\">G1<\/a>","<a href=\"https:\/\/sindaopcpb.org.br\/joao-pessoa\/\" class=\"advgb-post-tax-term\">Jo\u00e3o Pessoa<\/a>","<a href=\"https:\/\/sindaopcpb.org.br\/paraiba\/\" class=\"advgb-post-tax-term\">Para\u00edba<\/a>"],"unlinked":["<span class=\"advgb-post-tax-term\">consuper 2023<\/span>","<span class=\"advgb-post-tax-term\">Conven\u00e7\u00e3o Paraibana de Supermercados<\/span>","<span class=\"advgb-post-tax-term\">Economia<\/span>","<span class=\"advgb-post-tax-term\">Economia &amp; Neg\u00f3cios<\/span>","<span class=\"advgb-post-tax-term\">G1<\/span>","<span class=\"advgb-post-tax-term\">Jo\u00e3o Pessoa<\/span>","<span class=\"advgb-post-tax-term\">Para\u00edba<\/span>"]},"tags":{"linked":["<a href=\"https:\/\/sindaopcpb.org.br\/paraiba\/\" class=\"advgb-post-tax-term\">g1<\/a>"],"unlinked":["<span class=\"advgb-post-tax-term\">g1<\/span>"]}},"comment_count":"0","relative_dates":{"created":"Publicado 3 anos atr\u00e1s","modified":"Atualizado 3 anos atr\u00e1s"},"absolute_dates":{"created":"Publicado em 27 de setembro de 2023","modified":"Atualizado em 27 de setembro de 2023"},"absolute_dates_time":{"created":"Publicado em 27 de setembro de 2023 18:23","modified":"Atualizado em 27 de setembro de 2023 18:23"},"featured_img_caption":"","series_order":"","_links":{"self":[{"href":"https:\/\/sindaopcpb.org.br\/index.php\/wp-json\/wp\/v2\/posts\/36350","targetHints":{"allow":["GET"]}}],"collection":[{"href":"https:\/\/sindaopcpb.org.br\/index.php\/wp-json\/wp\/v2\/posts"}],"about":[{"href":"https:\/\/sindaopcpb.org.br\/index.php\/wp-json\/wp\/v2\/types\/post"}],"author":[{"embeddable":true,"href":"https:\/\/sindaopcpb.org.br\/index.php\/wp-json\/wp\/v2\/users\/49"}],"replies":[{"embeddable":true,"href":"https:\/\/sindaopcpb.org.br\/index.php\/wp-json\/wp\/v2\/comments?post=36350"}],"version-history":[{"count":1,"href":"https:\/\/sindaopcpb.org.br\/index.php\/wp-json\/wp\/v2\/posts\/36350\/revisions"}],"predecessor-version":[{"id":36351,"href":"https:\/\/sindaopcpb.org.br\/index.php\/wp-json\/wp\/v2\/posts\/36350\/revisions\/36351"}],"wp:attachment":[{"href":"https:\/\/sindaopcpb.org.br\/index.php\/wp-json\/wp\/v2\/media?parent=36350"}],"wp:term":[{"taxonomy":"category","embeddable":true,"href":"https:\/\/sindaopcpb.org.br\/index.php\/wp-json\/wp\/v2\/categories?post=36350"},{"taxonomy":"post_tag","embeddable":true,"href":"https:\/\/sindaopcpb.org.br\/index.php\/wp-json\/wp\/v2\/tags?post=36350"}],"curies":[{"name":"wp","href":"https:\/\/api.w.org\/{rel}","templated":true}]}}