{"id":36267,"date":"2023-09-27T12:55:37","date_gmt":"2023-09-27T15:55:37","guid":{"rendered":"https:\/\/wpa.wscom.com.br\/?p=924804"},"modified":"2023-09-27T12:55:37","modified_gmt":"2023-09-27T15:55:37","slug":"junior-araujo-rebate-criticas-de-pressa-para-aprovacao-do-aumento-de-icms-na-paraiba-necessario","status":"publish","type":"post","link":"https:\/\/sindaopcpb.org.br\/index.php\/2023\/09\/27\/junior-araujo-rebate-criticas-de-pressa-para-aprovacao-do-aumento-de-icms-na-paraiba-necessario\/","title":{"rendered":"J\u00fanior Ara\u00fajo rebate cr\u00edticas de pressa para aprova\u00e7\u00e3o do aumento de ICMS na Para\u00edba: \u201cNecess\u00e1rio\u201d"},"content":{"rendered":"<p>O deputado Junior Ara\u00fajo declarou nesta quarta-feira que a aprova\u00e7\u00e3o r\u00e1pida do projeto de aumento do ICMS na Para\u00edba para 20% se deu pela urg\u00eancia da mat\u00e9ria. A oposi\u00e7\u00e3o reclamou e apontou a\u00e7odamento na discuss\u00e3o, mas Junior disse que o Estado precisaria da aprova\u00e7\u00e3o at\u00e9 o dia 30 deste m\u00eas, para que a validade fosse efetiva a partir do pr\u00f3ximo ano.<\/p>\n<p>\u201cN\u00f3s s\u00f3 ter\u00edamos at\u00e9 o dia 30 deste m\u00eas para apreciar essa mat\u00e9ria e como todos voc\u00eas sabem, que cobrem aqui os trabalhos da Assembleia, sabem que muitas vezes o qu\u00f3rum da quarta-feira n\u00e3o \u00e9 como da ter\u00e7a. Hoje mesmo eu conversava ali com o presidente Adriano e se n\u00f3s tiv\u00e9ssemos deixado para votar esse projeto hoje, certamente n\u00e3o ter\u00edamos o tempo necess\u00e1rio para aprovar a mat\u00e9ria. Ent\u00e3o, diante da responsabilidade que n\u00f3s temos e do compromisso que temos que cumprir&#8230;\u201d<\/p>\n<p>O deputado declarou que n\u00e3o houve tempo para inclusive passar pelas comiss\u00f5es para se discutir e avaliar esse projeto que foi aprovado de forma apressada: \u201c\u00c9 verdade, quem \u00e9 da \u00e1rea do direito sabe que para que o imposto seja cobrado no ano seguinte, ele tem que obedecer ao princ\u00edpio da anterioridade. Ent\u00e3o, obrigatoriamente esse projeto teria que ser aprovado neste ano para ter efic\u00e1cia no pr\u00f3ximo ano. Por isso, n\u00e3o foram feitas essas discuss\u00f5es necess\u00e1rias, al\u00e9m tamb\u00e9m de um prazo de 90 dias que era necess\u00e1rio&#8230;\u201d<\/p>\n<p>O secret\u00e1rio Marialvo Laureano, da Fazenda, esteve ontem na Assembleia Legislativa da Para\u00edba, e Junior Ara\u00fajo declarou que ficou convencido de que o projeto \u00e9 interessante para o Estado da Para\u00edba, mesmo se tratando de uma pauta e uma medida impopular, que \u00e9 o aumento de imposto.<\/p>\n<p>\u201cA fatia da &#8216;Pizza&#8217; do Estado da Para\u00edba iria diminuir e a dos outros estados iriam aumentar. Ent\u00e3o, \u00e9 justamente por isso que n\u00f3s, diante da responsabilidade e da coer\u00eancia que temos aqui dentro do nosso mandato, entendemos que era necess\u00e1rio para o Estado da Para\u00edba, para que n\u00e3o fique atr\u00e1s em rela\u00e7\u00e3o a outros estados da Federa\u00e7\u00e3o em um futuro muito pr\u00f3ximo, em apenas 3 ou 4 anos.\u201d<\/p>\n<p>O post <a rel=\"nofollow noopener\" href=\"https:\/\/wscom.com.br\/junior-araujo-rebate-criticas-de-pressa-para-aprovacao-do-aumento-de-icms-na-paraiba-necessario\/\" target=\"_blank\">J\u00fanior Ara\u00fajo rebate cr\u00edticas de pressa para aprova\u00e7\u00e3o do aumento de ICMS na Para\u00edba: &#8220;Necess\u00e1rio&#8221;<\/a> apareceu primeiro em <a rel=\"nofollow noopener\" href=\"https:\/\/wscom.com.br\/\" target=\"_blank\">WSCOM<\/a>.<\/p>\n","protected":false},"excerpt":{"rendered":"<p>O deputado Junior Ara\u00fajo declarou nesta quarta-feira que a aprova\u00e7\u00e3o r\u00e1pida do projeto de aumento do ICMS na Para\u00edba para 20% se deu pela urg\u00eancia da mat\u00e9ria. A oposi\u00e7\u00e3o reclamou e apontou a\u00e7odamento na discuss\u00e3o, mas Junior disse que o Estado precisaria da aprova\u00e7\u00e3o at\u00e9 o dia 30 deste m\u00eas, para que a validade fosse [\u2026]<\/p>\n<p>O post <a rel=\"nofollow\" href=\"https:\/\/wscom.com.br\/junior-araujo-rebate-criticas-de-pressa-para-aprovacao-do-aumento-de-icms-na-paraiba-necessario\/\">J\u00fanior Ara\u00fajo rebate cr\u00edticas de pressa para aprova\u00e7\u00e3o do aumento de ICMS na Para\u00edba: \u201cNecess\u00e1rio\u201d<\/a> apareceu primeiro em <a rel=\"nofollow\" href=\"https:\/\/wscom.com.br\/\">WSCOM<\/a>.<\/p>\n","protected":false},"author":50,"featured_media":0,"comment_status":"closed","ping_status":"closed","sticky":false,"template":"","format":"standard","meta":{"advgb_blocks_editor_width":"","advgb_blocks_columns_visual_guide":"","footnotes":""},"categories":[5596,34,128,9514,47],"tags":[35],"class_list":["post-36267","post","type-post","status-publish","format-standard","hentry","category-araujo","category-g1","category-icms","category-junior","category-politica","tag-g1"],"author_meta":{"display_name":"Wallyson","author_link":"https:\/\/sindaopcpb.org.br\/author\/wallyson\/"},"featured_img":null,"coauthors":[],"tax_additional":{"categories":{"linked":["<a href=\"https:\/\/sindaopcpb.org.br\/araujo\/\" class=\"advgb-post-tax-term\">araujo<\/a>","<a href=\"https:\/\/sindaopcpb.org.br\/g1\/\" class=\"advgb-post-tax-term\">G1<\/a>","<a href=\"https:\/\/sindaopcpb.org.br\/icms\/\" class=\"advgb-post-tax-term\">ICMS<\/a>","<a href=\"https:\/\/sindaopcpb.org.br\/junior\/\" class=\"advgb-post-tax-term\">Junior<\/a>","<a href=\"https:\/\/sindaopcpb.org.br\/politica\/\" class=\"advgb-post-tax-term\">POLITICA<\/a>"],"unlinked":["<span class=\"advgb-post-tax-term\">araujo<\/span>","<span class=\"advgb-post-tax-term\">G1<\/span>","<span class=\"advgb-post-tax-term\">ICMS<\/span>","<span class=\"advgb-post-tax-term\">Junior<\/span>","<span class=\"advgb-post-tax-term\">POLITICA<\/span>"]},"tags":{"linked":["<a href=\"https:\/\/sindaopcpb.org.br\/politica\/\" class=\"advgb-post-tax-term\">g1<\/a>"],"unlinked":["<span class=\"advgb-post-tax-term\">g1<\/span>"]}},"comment_count":"0","relative_dates":{"created":"Publicado 3 anos atr\u00e1s","modified":"Atualizado 3 anos atr\u00e1s"},"absolute_dates":{"created":"Publicado em 27 de setembro de 2023","modified":"Atualizado em 27 de setembro de 2023"},"absolute_dates_time":{"created":"Publicado em 27 de setembro de 2023 12:55","modified":"Atualizado em 27 de setembro de 2023 12:55"},"featured_img_caption":"","series_order":"","_links":{"self":[{"href":"https:\/\/sindaopcpb.org.br\/index.php\/wp-json\/wp\/v2\/posts\/36267","targetHints":{"allow":["GET"]}}],"collection":[{"href":"https:\/\/sindaopcpb.org.br\/index.php\/wp-json\/wp\/v2\/posts"}],"about":[{"href":"https:\/\/sindaopcpb.org.br\/index.php\/wp-json\/wp\/v2\/types\/post"}],"author":[{"embeddable":true,"href":"https:\/\/sindaopcpb.org.br\/index.php\/wp-json\/wp\/v2\/users\/50"}],"replies":[{"embeddable":true,"href":"https:\/\/sindaopcpb.org.br\/index.php\/wp-json\/wp\/v2\/comments?post=36267"}],"version-history":[{"count":1,"href":"https:\/\/sindaopcpb.org.br\/index.php\/wp-json\/wp\/v2\/posts\/36267\/revisions"}],"predecessor-version":[{"id":36268,"href":"https:\/\/sindaopcpb.org.br\/index.php\/wp-json\/wp\/v2\/posts\/36267\/revisions\/36268"}],"wp:attachment":[{"href":"https:\/\/sindaopcpb.org.br\/index.php\/wp-json\/wp\/v2\/media?parent=36267"}],"wp:term":[{"taxonomy":"category","embeddable":true,"href":"https:\/\/sindaopcpb.org.br\/index.php\/wp-json\/wp\/v2\/categories?post=36267"},{"taxonomy":"post_tag","embeddable":true,"href":"https:\/\/sindaopcpb.org.br\/index.php\/wp-json\/wp\/v2\/tags?post=36267"}],"curies":[{"name":"wp","href":"https:\/\/api.w.org\/{rel}","templated":true}]}}