{"id":36238,"date":"2023-09-27T10:29:29","date_gmt":"2023-09-27T13:29:29","guid":{"rendered":"https:\/\/wpa.wscom.com.br\/?p=924787"},"modified":"2023-09-27T10:29:29","modified_gmt":"2023-09-27T13:29:29","slug":"medido-luis-ferreira-reassume-oficialmente-comando-da-secretaria-de-saude-de-joao-pessoa","status":"publish","type":"post","link":"https:\/\/sindaopcpb.org.br\/index.php\/2023\/09\/27\/medido-luis-ferreira-reassume-oficialmente-comando-da-secretaria-de-saude-de-joao-pessoa\/","title":{"rendered":"M\u00e9dido Luis Ferreira reassume oficialmente comando da Secretaria de Sa\u00fade de Jo\u00e3o Pessoa"},"content":{"rendered":"<p>O m\u00e9dico e professor Luis Ferreira Filho reassumiu nesta quarta-feira (27), o comando da Secretaria Municipal de Sa\u00fade (SMS). A decis\u00e3o ser\u00e1 publicada no Di\u00e1rio Oficial do Munic\u00edpio. \u00a0Luis havia pedido exonera\u00e7\u00e3o do cargo h\u00e1 45 dias para cuidar de assuntos pessoais. \u00a0Em virtude da decis\u00e3o, a ent\u00e3o secret\u00e1ria executiva, Janine Lucena, assumiu a pasta interinamente. Com o retorno de Luis, Janine retorna ao cargo de secret\u00e1ria executiva, que exerce desde mar\u00e7o de 2022.<\/p>\n<p>\u201cNeste tempo em que passei fora da Secretaria de Sa\u00fade pude ver a diferen\u00e7a que faz\u00edamos na vida das pessoas e como cada programa novo, cada melhoria impactava na vida das pessoas. Hoje eu tenho muito orgulho em dizer que estou de volta ao time, para o trabalho mais transformador e gratificante que j\u00e1 tive. Volto com o compromisso de me doar por completo, por inteiro e de todo cora\u00e7\u00e3o. Melhoraremos o que j\u00e1 constru\u00edmos, edificaremos o que come\u00e7amos e faremos de tudo para que, ao olhar para tr\u00e1s, tenhamos orgulho do que realizamos\u201d, destacou Luis Ferreira.<\/p>\n<p>Perfil \u2013 Nascido em Jo\u00e3o Pessoa, Luis Ferreira de Sousa Filho \u00e9 graduado em Medicina pela Universidade Federal da Para\u00edba (UFPB) e p\u00f3s-graduado em Pneumologia. Em sua carreira profissional, j\u00e1 exerceu a dire\u00e7\u00e3o t\u00e9cnica dos hospitais Regional de Patos e Geral de Mamanguape. Foi chefe do n\u00facleo m\u00e9dico do Hospital de Emerg\u00eancia e Trauma Senador Humberto Lucena e professor do programa de resid\u00eancia m\u00e9dica em medicina interna e do internato do curso de Medicina do Centro Universit\u00e1rio de Jo\u00e3o Pessoa (Unip\u00ea).<\/p>\n<p>Em mar\u00e7o de 2022 assumiu interinamente a Pasta, com a sa\u00edda da ent\u00e3o secret\u00e1ria Margareth Diniz, sendo efetivado no cargo pouco tempo depois. Na SMS esteve \u00e0 frente de diversas a\u00e7\u00f5es como a realiza\u00e7\u00e3o de programas como Opera Jo\u00e3o Pessoa, Sonda Zero, Jo\u00e3o Pessoa Pela Vida e Jo\u00e3o Pessoa Pela Vida 2.0, reestrutura\u00e7\u00e3o dos materiais m\u00e9dico hospitalares dos hospitais e Upas, informatiza\u00e7\u00e3o de toda a rede SUS com o prontu\u00e1rio eletr\u00f4nico e reestrutura\u00e7\u00e3o de unidades\u00a0de\u00a0sa\u00fade.<\/p>\n<p>O post <a rel=\"nofollow noopener\" href=\"https:\/\/wscom.com.br\/medido-luis-ferreira-reassume-oficialmente-comando\/\" target=\"_blank\">M\u00e9dido Luis Ferreira reassume oficialmente comando da Secretaria de Sa\u00fade de Jo\u00e3o Pessoa<\/a> apareceu primeiro em <a rel=\"nofollow noopener\" href=\"https:\/\/wscom.com.br\/\" target=\"_blank\">WSCOM<\/a>.<\/p>\n","protected":false},"excerpt":{"rendered":"<p>O m\u00e9dico e professor Luis Ferreira Filho reassumiu nesta quarta-feira (27), o comando da Secretaria Municipal de Sa\u00fade (SMS). A decis\u00e3o ser\u00e1 publicada no Di\u00e1rio Oficial do Munic\u00edpio. \u00a0Luis havia pedido exonera\u00e7\u00e3o do cargo h\u00e1 45 dias para cuidar de assuntos pessoais. \u00a0Em virtude da decis\u00e3o, a ent\u00e3o secret\u00e1ria executiva, Janine Lucena, assumiu a pasta [\u2026]<\/p>\n<p>O post <a rel=\"nofollow\" href=\"https:\/\/wscom.com.br\/medido-luis-ferreira-reassume-oficialmente-comando\/\">M\u00e9dido Luis Ferreira reassume oficialmente comando da Secretaria de Sa\u00fade de Jo\u00e3o Pessoa<\/a> apareceu primeiro em <a rel=\"nofollow\" href=\"https:\/\/wscom.com.br\/\">WSCOM<\/a>.<\/p>\n","protected":false},"author":50,"featured_media":0,"comment_status":"closed","ping_status":"closed","sticky":false,"template":"","format":"standard","meta":{"advgb_blocks_editor_width":"","advgb_blocks_columns_visual_guide":"","footnotes":""},"categories":[5351,34,71,7409,90],"tags":[35],"class_list":["post-36238","post","type-post","status-publish","format-standard","hentry","category-ferreira","category-g1","category-joao-pessoa","category-luis","category-saude","tag-g1"],"author_meta":{"display_name":"Wallyson","author_link":"https:\/\/sindaopcpb.org.br\/author\/wallyson\/"},"featured_img":null,"coauthors":[],"tax_additional":{"categories":{"linked":["<a href=\"https:\/\/sindaopcpb.org.br\/ferreira\/\" class=\"advgb-post-tax-term\">ferreira<\/a>","<a href=\"https:\/\/sindaopcpb.org.br\/g1\/\" class=\"advgb-post-tax-term\">G1<\/a>","<a href=\"https:\/\/sindaopcpb.org.br\/joao-pessoa\/\" class=\"advgb-post-tax-term\">Jo\u00e3o Pessoa<\/a>","<a href=\"https:\/\/sindaopcpb.org.br\/luis\/\" class=\"advgb-post-tax-term\">luis<\/a>","<a href=\"https:\/\/sindaopcpb.org.br\/saude\/\" class=\"advgb-post-tax-term\">Sa\u00fade<\/a>"],"unlinked":["<span class=\"advgb-post-tax-term\">ferreira<\/span>","<span class=\"advgb-post-tax-term\">G1<\/span>","<span class=\"advgb-post-tax-term\">Jo\u00e3o Pessoa<\/span>","<span class=\"advgb-post-tax-term\">luis<\/span>","<span class=\"advgb-post-tax-term\">Sa\u00fade<\/span>"]},"tags":{"linked":["<a href=\"https:\/\/sindaopcpb.org.br\/saude\/\" class=\"advgb-post-tax-term\">g1<\/a>"],"unlinked":["<span class=\"advgb-post-tax-term\">g1<\/span>"]}},"comment_count":"0","relative_dates":{"created":"Publicado 3 anos atr\u00e1s","modified":"Atualizado 3 anos atr\u00e1s"},"absolute_dates":{"created":"Publicado em 27 de setembro de 2023","modified":"Atualizado em 27 de setembro de 2023"},"absolute_dates_time":{"created":"Publicado em 27 de setembro de 2023 10:29","modified":"Atualizado em 27 de setembro de 2023 10:29"},"featured_img_caption":"","series_order":"","_links":{"self":[{"href":"https:\/\/sindaopcpb.org.br\/index.php\/wp-json\/wp\/v2\/posts\/36238","targetHints":{"allow":["GET"]}}],"collection":[{"href":"https:\/\/sindaopcpb.org.br\/index.php\/wp-json\/wp\/v2\/posts"}],"about":[{"href":"https:\/\/sindaopcpb.org.br\/index.php\/wp-json\/wp\/v2\/types\/post"}],"author":[{"embeddable":true,"href":"https:\/\/sindaopcpb.org.br\/index.php\/wp-json\/wp\/v2\/users\/50"}],"replies":[{"embeddable":true,"href":"https:\/\/sindaopcpb.org.br\/index.php\/wp-json\/wp\/v2\/comments?post=36238"}],"version-history":[{"count":1,"href":"https:\/\/sindaopcpb.org.br\/index.php\/wp-json\/wp\/v2\/posts\/36238\/revisions"}],"predecessor-version":[{"id":36239,"href":"https:\/\/sindaopcpb.org.br\/index.php\/wp-json\/wp\/v2\/posts\/36238\/revisions\/36239"}],"wp:attachment":[{"href":"https:\/\/sindaopcpb.org.br\/index.php\/wp-json\/wp\/v2\/media?parent=36238"}],"wp:term":[{"taxonomy":"category","embeddable":true,"href":"https:\/\/sindaopcpb.org.br\/index.php\/wp-json\/wp\/v2\/categories?post=36238"},{"taxonomy":"post_tag","embeddable":true,"href":"https:\/\/sindaopcpb.org.br\/index.php\/wp-json\/wp\/v2\/tags?post=36238"}],"curies":[{"name":"wp","href":"https:\/\/api.w.org\/{rel}","templated":true}]}}