{"id":36168,"date":"2023-09-26T18:52:00","date_gmt":"2023-09-26T21:52:00","guid":{"rendered":"https:\/\/wpa.wscom.com.br\/?p=924722"},"modified":"2023-09-26T18:52:00","modified_gmt":"2023-09-26T21:52:00","slug":"tecnico-do-botafogo-pb-e-suspenso-por-mais-um-jogo-apos-julgamento-do-stjd","status":"publish","type":"post","link":"https:\/\/sindaopcpb.org.br\/index.php\/2023\/09\/26\/tecnico-do-botafogo-pb-e-suspenso-por-mais-um-jogo-apos-julgamento-do-stjd\/","title":{"rendered":"T\u00e9cnico do Botafogo-PB \u00e9 suspenso por mais um jogo ap\u00f3s julgamento do STJD"},"content":{"rendered":"<p>O treinador do <strong>Botafogo-PB<\/strong>, Felipe Surian, foi suspenso por mais uma partida ap\u00f3s julgamento no Superior Tribunal de Justi\u00e7a Desportiva (STJD). A decis\u00e3o foi proferida nesta ter\u00e7a-feira e impede Surian de comandar a equipe na partida contra o Volta Redonda, no Est\u00e1dio Almeid\u00e3o, neste s\u00e1bado. A informa\u00e7\u00e3o \u00e9 do ge.<\/p>\n<p>A penalidade surge como resultado do caso que ocorreu ap\u00f3s o t\u00e9rmino do jogo de ida da segunda fase contra o Volta Redonda, onde o time fluminense venceu por 2 a 0 no Rio de Janeiro. O \u00e1rbitro da partida, Paulo Henrique Schleich Vollkopf, registrou na s\u00famula que a expuls\u00e3o do treinador do Belo se deu por agress\u00f5es verbais ap\u00f3s o apito final.<\/p>\n<p>De acordo com o relato do \u00e1rbitro, Surian expressou sua insatisfa\u00e7\u00e3o com os acr\u00e9scimos dados no segundo tempo, proferindo palavras agressivas.<\/p>\n<p>O post <a rel=\"nofollow noopener\" href=\"https:\/\/wscom.com.br\/tecnico-do-botafogo-pb-e-suspenso-por-mais-um-jogo-apos-julgamento-do-stjd\/\" target=\"_blank\">T\u00e9cnico do Botafogo-PB \u00e9 suspenso por mais um jogo ap\u00f3s julgamento do STJD<\/a> apareceu primeiro em <a rel=\"nofollow noopener\" href=\"https:\/\/wscom.com.br\/\" target=\"_blank\">WSCOM<\/a>.<\/p>\n","protected":false},"excerpt":{"rendered":"<p>O treinador do Botafogo-PB, Felipe Surian, foi suspenso por mais uma partida ap\u00f3s julgamento no Superior Tribunal de Justi\u00e7a Desportiva (STJD). A decis\u00e3o foi proferida nesta ter\u00e7a-feira e impede Surian de comandar a equipe na partida contra o Volta Redonda, no Est\u00e1dio Almeid\u00e3o, neste s\u00e1bado. A informa\u00e7\u00e3o \u00e9 do ge. A penalidade surge como resultado [\u2026]<\/p>\n<p>O post <a rel=\"nofollow\" href=\"https:\/\/wscom.com.br\/tecnico-do-botafogo-pb-e-suspenso-por-mais-um-jogo-apos-julgamento-do-stjd\/\">T\u00e9cnico do Botafogo-PB \u00e9 suspenso por mais um jogo ap\u00f3s julgamento do STJD<\/a> apareceu primeiro em <a rel=\"nofollow\" href=\"https:\/\/wscom.com.br\/\">WSCOM<\/a>.<\/p>\n","protected":false},"author":50,"featured_media":0,"comment_status":"closed","ping_status":"closed","sticky":false,"template":"","format":"standard","meta":{"advgb_blocks_editor_width":"","advgb_blocks_columns_visual_guide":"","footnotes":""},"categories":[9498,79,34,9499],"tags":[35],"class_list":["post-36168","post","type-post","status-publish","format-standard","hentry","category-felipe","category-futebol","category-g1","category-surian","tag-g1"],"author_meta":{"display_name":"Wallyson","author_link":"https:\/\/sindaopcpb.org.br\/author\/wallyson\/"},"featured_img":null,"coauthors":[],"tax_additional":{"categories":{"linked":["<a href=\"https:\/\/sindaopcpb.org.br\/felipe\/\" class=\"advgb-post-tax-term\">Felipe<\/a>","<a href=\"https:\/\/sindaopcpb.org.br\/futebol\/\" class=\"advgb-post-tax-term\">Futebol<\/a>","<a href=\"https:\/\/sindaopcpb.org.br\/g1\/\" class=\"advgb-post-tax-term\">G1<\/a>","<a href=\"https:\/\/sindaopcpb.org.br\/surian\/\" class=\"advgb-post-tax-term\">surian<\/a>"],"unlinked":["<span class=\"advgb-post-tax-term\">Felipe<\/span>","<span class=\"advgb-post-tax-term\">Futebol<\/span>","<span class=\"advgb-post-tax-term\">G1<\/span>","<span class=\"advgb-post-tax-term\">surian<\/span>"]},"tags":{"linked":["<a href=\"https:\/\/sindaopcpb.org.br\/surian\/\" class=\"advgb-post-tax-term\">g1<\/a>"],"unlinked":["<span class=\"advgb-post-tax-term\">g1<\/span>"]}},"comment_count":"0","relative_dates":{"created":"Publicado 3 anos atr\u00e1s","modified":"Atualizado 3 anos atr\u00e1s"},"absolute_dates":{"created":"Publicado em 26 de setembro de 2023","modified":"Atualizado em 26 de setembro de 2023"},"absolute_dates_time":{"created":"Publicado em 26 de setembro de 2023 18:52","modified":"Atualizado em 26 de setembro de 2023 18:52"},"featured_img_caption":"","series_order":"","_links":{"self":[{"href":"https:\/\/sindaopcpb.org.br\/index.php\/wp-json\/wp\/v2\/posts\/36168","targetHints":{"allow":["GET"]}}],"collection":[{"href":"https:\/\/sindaopcpb.org.br\/index.php\/wp-json\/wp\/v2\/posts"}],"about":[{"href":"https:\/\/sindaopcpb.org.br\/index.php\/wp-json\/wp\/v2\/types\/post"}],"author":[{"embeddable":true,"href":"https:\/\/sindaopcpb.org.br\/index.php\/wp-json\/wp\/v2\/users\/50"}],"replies":[{"embeddable":true,"href":"https:\/\/sindaopcpb.org.br\/index.php\/wp-json\/wp\/v2\/comments?post=36168"}],"version-history":[{"count":1,"href":"https:\/\/sindaopcpb.org.br\/index.php\/wp-json\/wp\/v2\/posts\/36168\/revisions"}],"predecessor-version":[{"id":36169,"href":"https:\/\/sindaopcpb.org.br\/index.php\/wp-json\/wp\/v2\/posts\/36168\/revisions\/36169"}],"wp:attachment":[{"href":"https:\/\/sindaopcpb.org.br\/index.php\/wp-json\/wp\/v2\/media?parent=36168"}],"wp:term":[{"taxonomy":"category","embeddable":true,"href":"https:\/\/sindaopcpb.org.br\/index.php\/wp-json\/wp\/v2\/categories?post=36168"},{"taxonomy":"post_tag","embeddable":true,"href":"https:\/\/sindaopcpb.org.br\/index.php\/wp-json\/wp\/v2\/tags?post=36168"}],"curies":[{"name":"wp","href":"https:\/\/api.w.org\/{rel}","templated":true}]}}