{"id":36164,"date":"2023-09-26T19:34:30","date_gmt":"2023-09-26T22:34:30","guid":{"rendered":"https:\/\/wpa.wscom.com.br\/?p=924729"},"modified":"2023-09-26T19:34:30","modified_gmt":"2023-09-26T22:34:30","slug":"ricardo-coutinho-nao-sera-candidato-em-2024-apoia-candidatura-propria-mas-se-prepara-para-voltar-a-politica","status":"publish","type":"post","link":"https:\/\/sindaopcpb.org.br\/index.php\/2023\/09\/26\/ricardo-coutinho-nao-sera-candidato-em-2024-apoia-candidatura-propria-mas-se-prepara-para-voltar-a-politica\/","title":{"rendered":"Ricardo Coutinho n\u00e3o ser\u00e1 candidato em 2024, apoia candidatura pr\u00f3pria, mas se prepara para voltar \u00e0 pol\u00edtica"},"content":{"rendered":"<p style=\"font-weight: 400;\"><strong>Por Walter Santos, de S\u00e3o Paulo<\/strong><\/p>\n<p>&nbsp;<\/p>\n<p style=\"font-weight: 400;\"><span style=\"font-weight: 400;\">Em termos objetivos e concretos \u00e9 o que garante um amigo frequente do ex-governador Ricardo Coutinho garantindo que diante da conjuntura atual ele tem assegurado que n\u00e3o ser\u00e1 candidato em 2024 a nenhum cargo mas trabalha por candidatura pr\u00f3pria do PT em Jo\u00e3o Pessoa.<\/span><\/p>\n<p>&nbsp;<\/p>\n<p style=\"font-weight: 400;\"><span style=\"font-weight: 400;\">\u201c Posso reproduzir com conhecimento de causa pelas frequentes reuni\u00f5es que temos tido que ele n\u00e3o ser\u00e1 candidato em 2024 a nenhum cargo &#8211; garantiu Alta Fonte e amigo confidente a partir de Bras\u00edlia.<\/span><\/p>\n<p>&nbsp;<\/p>\n<p style=\"font-weight: 400;\"><span style=\"font-weight: 400;\">\u201cEle tamb\u00e9m assegura que trabalha forte para o PT de Jo\u00e3o Pessoa possa ter candidatura pr\u00f3pria &#8211; fi\u00e9is.<\/span><\/p>\n<p>&nbsp;<\/p>\n<p style=\"font-weight: 400;\"><span style=\"font-weight: 400;\">Sobre o futuro pol\u00edtico, tudo depende dos desdobramentos processuais que sua assessoria jur\u00eddica cuida. \u201c Ele est\u00e1 se preparando para voltar \u00e0 cena pol\u00edtica\u201d, concluiu.<\/span><\/p>\n<p>&nbsp;<\/p>\n<p>Ele acrescentou: \u201crecentemente esteve em Jo\u00e3o Pessoa\u201d. Atualmente morando em Bras\u00edlia cuida de seu filho com Amanda atualmente no minist\u00e9rio da sa\u00fade, concluiu.<\/p>\n<p>O post <a rel=\"nofollow noopener\" href=\"https:\/\/wscom.com.br\/ricardo-coutinho-nao-sera-candidato-em-2024-apoia-candidatura-propria-mas-se-prepara-para-voltar-a-politica\/\" target=\"_blank\">Ricardo Coutinho n\u00e3o ser\u00e1 candidato em 2024, apoia candidatura pr\u00f3pria, mas se prepara para voltar \u00e0 pol\u00edtica<\/a> apareceu primeiro em <a rel=\"nofollow noopener\" href=\"https:\/\/wscom.com.br\/\" target=\"_blank\">WSCOM<\/a>.<\/p>\n","protected":false},"excerpt":{"rendered":"<p>Por Walter Santos, de S\u00e3o Paulo \u00a0 Em termos objetivos e concretos \u00e9 o que garante um amigo frequente do ex-governador Ricardo Coutinho garantindo que diante da conjuntura atual ele tem assegurado que n\u00e3o ser\u00e1 candidato em 2024 a nenhum cargo mas trabalha por candidatura pr\u00f3pria do PT em Jo\u00e3o Pessoa. \u00a0 \u201c Posso reproduzir [\u2026]<\/p>\n<p>O post <a rel=\"nofollow\" href=\"https:\/\/wscom.com.br\/ricardo-coutinho-nao-sera-candidato-em-2024-apoia-candidatura-propria-mas-se-prepara-para-voltar-a-politica\/\">Ricardo Coutinho n\u00e3o ser\u00e1 candidato em 2024, apoia candidatura pr\u00f3pria, mas se prepara para voltar \u00e0 pol\u00edtica<\/a> apareceu primeiro em <a rel=\"nofollow\" href=\"https:\/\/wscom.com.br\/\">WSCOM<\/a>.<\/p>\n","protected":false},"author":48,"featured_media":0,"comment_status":"closed","ping_status":"closed","sticky":false,"template":"","format":"standard","meta":{"advgb_blocks_editor_width":"","advgb_blocks_columns_visual_guide":"","footnotes":""},"categories":[34,54],"tags":[35],"class_list":["post-36164","post","type-post","status-publish","format-standard","hentry","category-g1","category-paraiba","tag-g1"],"author_meta":{"display_name":"Walter Santos","author_link":"https:\/\/sindaopcpb.org.br\/author\/walter-santos\/"},"featured_img":null,"coauthors":[],"tax_additional":{"categories":{"linked":["<a href=\"https:\/\/sindaopcpb.org.br\/g1\/\" class=\"advgb-post-tax-term\">G1<\/a>","<a href=\"https:\/\/sindaopcpb.org.br\/paraiba\/\" class=\"advgb-post-tax-term\">Para\u00edba<\/a>"],"unlinked":["<span class=\"advgb-post-tax-term\">G1<\/span>","<span class=\"advgb-post-tax-term\">Para\u00edba<\/span>"]},"tags":{"linked":["<a href=\"https:\/\/sindaopcpb.org.br\/paraiba\/\" class=\"advgb-post-tax-term\">g1<\/a>"],"unlinked":["<span class=\"advgb-post-tax-term\">g1<\/span>"]}},"comment_count":"0","relative_dates":{"created":"Publicado 3 anos atr\u00e1s","modified":"Atualizado 3 anos atr\u00e1s"},"absolute_dates":{"created":"Publicado em 26 de setembro de 2023","modified":"Atualizado em 26 de setembro de 2023"},"absolute_dates_time":{"created":"Publicado em 26 de setembro de 2023 19:34","modified":"Atualizado em 26 de setembro de 2023 19:34"},"featured_img_caption":"","series_order":"","_links":{"self":[{"href":"https:\/\/sindaopcpb.org.br\/index.php\/wp-json\/wp\/v2\/posts\/36164","targetHints":{"allow":["GET"]}}],"collection":[{"href":"https:\/\/sindaopcpb.org.br\/index.php\/wp-json\/wp\/v2\/posts"}],"about":[{"href":"https:\/\/sindaopcpb.org.br\/index.php\/wp-json\/wp\/v2\/types\/post"}],"author":[{"embeddable":true,"href":"https:\/\/sindaopcpb.org.br\/index.php\/wp-json\/wp\/v2\/users\/48"}],"replies":[{"embeddable":true,"href":"https:\/\/sindaopcpb.org.br\/index.php\/wp-json\/wp\/v2\/comments?post=36164"}],"version-history":[{"count":1,"href":"https:\/\/sindaopcpb.org.br\/index.php\/wp-json\/wp\/v2\/posts\/36164\/revisions"}],"predecessor-version":[{"id":36165,"href":"https:\/\/sindaopcpb.org.br\/index.php\/wp-json\/wp\/v2\/posts\/36164\/revisions\/36165"}],"wp:attachment":[{"href":"https:\/\/sindaopcpb.org.br\/index.php\/wp-json\/wp\/v2\/media?parent=36164"}],"wp:term":[{"taxonomy":"category","embeddable":true,"href":"https:\/\/sindaopcpb.org.br\/index.php\/wp-json\/wp\/v2\/categories?post=36164"},{"taxonomy":"post_tag","embeddable":true,"href":"https:\/\/sindaopcpb.org.br\/index.php\/wp-json\/wp\/v2\/tags?post=36164"}],"curies":[{"name":"wp","href":"https:\/\/api.w.org\/{rel}","templated":true}]}}