{"id":36109,"date":"2023-09-26T16:12:07","date_gmt":"2023-09-26T19:12:07","guid":{"rendered":"https:\/\/g1.globo.com\/pb\/paraiba\/noticia\/2023\/09\/26\/alpb-aprova-aumento-para-20percent-na-aliquota-do-icms-na-paraiba.ghtml"},"modified":"2023-09-26T16:12:07","modified_gmt":"2023-09-26T19:12:07","slug":"alpb-aprova-aumento-para-20-na-aliquota-do-icms-na-paraiba","status":"publish","type":"post","link":"https:\/\/sindaopcpb.org.br\/index.php\/2023\/09\/26\/alpb-aprova-aumento-para-20-na-aliquota-do-icms-na-paraiba\/","title":{"rendered":"ALPB aprova aumento para 20% na al\u00edquota do ICMS na Para\u00edba"},"content":{"rendered":"   <img src=\"https:\/\/s2.glbimg.com\/jj0aTpzYin28eMefBW7OosnaYIc=\/i.s3.glbimg.com\/v1\/AUTH_59edd422c0c84a879bd37670ae4f538a\/internal_photos\/bs\/2023\/e\/5\/3Utk2vRyuuse56Q3evKQ\/votacao-da-mesa-diretora.jpeg\" \/><br \/>     Projeto de lei foi aprovado com votos contr\u00e1rios de nove dos 36 deputados. Aumento passa a valer a partir de 2024. Assembleia Legislativa da Para\u00edba (Arquivo)\nAng\u00e9lica Nunes\/Jornal da Para\u00edba \nA Assembleia Legislativa da Para\u00edba aprovou, nesta ter\u00e7a-feira (26), o projeto de lei do governador Jo\u00e3o Azev\u00eado (PSB) que aumenta de 18% para 20% a al\u00edquota do Imposto sobre Circula\u00e7\u00e3o de Mercadorias e Servi\u00e7os (ICMS) na Para\u00edba a partir de 2024. \nO projeto de lei foi aprovado com votos contr\u00e1rios de nove dos 36 deputados e a vota\u00e7\u00e3o aconteceu em regime de de urg\u00eancia urgent\u00edssima pelo presidente da Casa, Adriano Galdino (Republicanos). Mais cedo nesta ter\u00e7a-feira (26), o secret\u00e1rio de estado da Fazenda, Marialvo Laureano, deu explica\u00e7\u00f5es sobre a proposta em uma sess\u00e3o extraordin\u00e1ria no plen\u00e1rio.\nDe acordo com Marialvo Laureano, a medida \u00e9 necess\u00e1ria para evitar perdas na arrecada\u00e7\u00e3o a partir de 2029. A matem\u00e1tica \u00e9 que a Reforma Tribut\u00e1ria estabelece que o rateio da arrecada\u00e7\u00e3o do novo imposto sobre consumo, o IVA, vai levar em conta o que foi recolhido pelo estado entre 2024 e 2029. Se a Para\u00edba n\u00e3o aumentar receita nesse per\u00edodo, ser\u00e1 prejudicada nos pr\u00f3ximos 50 anos, com perdas dessa receita rateada que vai para outros estados.\nO secret\u00e1rio ainda afirmou que sem aprova\u00e7\u00e3o da proposta, as perdas chegariam a 1 bilh\u00e3o de receita anual.\nTodos os estados do Nordeste aumentaram a sua al\u00edquota. N\u00f3s n\u00e3o quer\u00edamos aumentar, mas isso vai prejudicar e muito os pr\u00f3ximos governadores, que forem assumir depois de 2029, porque, em n\u00e3o aumentando, a \u2018pizza\u2019 proporcionalmente vai cair\u201d, justificou Laureano.\nLeia tamb\u00e9m: Entenda o que \u00e9 ICMS, o imposto mais importante para os cofres dos estados\nMarialvo tamb\u00e9m pontuou que a proposta preserva os produtos da cesta b\u00e1sica do aumento do ICMS. \u201cN\u00f3s estamos tamb\u00e9m reduzindo as multas, multas de of\u00edcio, a multa m\u00ednima de of\u00edcio hoje da Secretaria da Fazenda \u00e9 de 100%. N\u00f3s reduzimos 25%, ser\u00e1 no m\u00e1ximo 75%, como \u00e9 na Receita Federal\u201d\nEntre os deputados contr\u00e1rios ao projeto de lei, Walber Virgolino (PL), classificou o aumento como \u201cabsurdo\u201d, inclusive, porque o governador Jo\u00e3o Azev\u00eado (PSB), na campanha de 2022, prometeu n\u00e3o aumentar tributos.\nGeorge Morais (Uni\u00e3o), tamb\u00e9m contr\u00e1rio a aprova\u00e7\u00e3o, disse que a medida prejudicar\u00e1 diversos segmentos da sociedade, com graves consequ\u00eancias como desemprego e desinteresse de novos investimentos para a Para\u00edba.\nV\u00eddeos mais assistidos do g1 Para\u00edba  ","protected":false},"excerpt":{"rendered":"<p>        Projeto de lei foi aprovado com votos contr\u00e1rios de nove dos 36 deputados. Aumento passa a valer a partir de 2024. Assembleia Legislativa da Para\u00edba (Arquivo)<br \/>\nAng\u00e9lica Nunes\/Jornal da Para\u00edba<br \/>\nA Assembleia Legislativa da Para\u00edba aprovou, nesta &#8230;<\/p>\n","protected":false},"author":2,"featured_media":0,"comment_status":"closed","ping_status":"closed","sticky":false,"template":"","format":"standard","meta":{"advgb_blocks_editor_width":"","advgb_blocks_columns_visual_guide":"","footnotes":""},"categories":[34],"tags":[35],"class_list":["post-36109","post","type-post","status-publish","format-standard","hentry","category-g1","tag-g1"],"author_meta":{"display_name":"g1 &gt; Para\u00edba","author_link":"https:\/\/sindaopcpb.org.br\/author\/g1-paraiba\/"},"featured_img":null,"coauthors":[],"tax_additional":{"categories":{"linked":["<a href=\"https:\/\/sindaopcpb.org.br\/g1\/\" class=\"advgb-post-tax-term\">G1<\/a>"],"unlinked":["<span class=\"advgb-post-tax-term\">G1<\/span>"]},"tags":{"linked":["<a href=\"https:\/\/sindaopcpb.org.br\/g1\/\" class=\"advgb-post-tax-term\">g1<\/a>"],"unlinked":["<span class=\"advgb-post-tax-term\">g1<\/span>"]}},"comment_count":"0","relative_dates":{"created":"Publicado 3 anos atr\u00e1s","modified":"Atualizado 3 anos atr\u00e1s"},"absolute_dates":{"created":"Publicado em 26 de setembro de 2023","modified":"Atualizado em 26 de setembro de 2023"},"absolute_dates_time":{"created":"Publicado em 26 de setembro de 2023 16:12","modified":"Atualizado em 26 de setembro de 2023 16:12"},"featured_img_caption":"","series_order":"","_links":{"self":[{"href":"https:\/\/sindaopcpb.org.br\/index.php\/wp-json\/wp\/v2\/posts\/36109","targetHints":{"allow":["GET"]}}],"collection":[{"href":"https:\/\/sindaopcpb.org.br\/index.php\/wp-json\/wp\/v2\/posts"}],"about":[{"href":"https:\/\/sindaopcpb.org.br\/index.php\/wp-json\/wp\/v2\/types\/post"}],"author":[{"embeddable":true,"href":"https:\/\/sindaopcpb.org.br\/index.php\/wp-json\/wp\/v2\/users\/2"}],"replies":[{"embeddable":true,"href":"https:\/\/sindaopcpb.org.br\/index.php\/wp-json\/wp\/v2\/comments?post=36109"}],"version-history":[{"count":1,"href":"https:\/\/sindaopcpb.org.br\/index.php\/wp-json\/wp\/v2\/posts\/36109\/revisions"}],"predecessor-version":[{"id":36110,"href":"https:\/\/sindaopcpb.org.br\/index.php\/wp-json\/wp\/v2\/posts\/36109\/revisions\/36110"}],"wp:attachment":[{"href":"https:\/\/sindaopcpb.org.br\/index.php\/wp-json\/wp\/v2\/media?parent=36109"}],"wp:term":[{"taxonomy":"category","embeddable":true,"href":"https:\/\/sindaopcpb.org.br\/index.php\/wp-json\/wp\/v2\/categories?post=36109"},{"taxonomy":"post_tag","embeddable":true,"href":"https:\/\/sindaopcpb.org.br\/index.php\/wp-json\/wp\/v2\/tags?post=36109"}],"curies":[{"name":"wp","href":"https:\/\/api.w.org\/{rel}","templated":true}]}}