{"id":36035,"date":"2023-09-26T10:03:00","date_gmt":"2023-09-26T13:03:00","guid":{"rendered":"https:\/\/www.infomoney.com.br\/?p=2251615"},"modified":"2023-09-26T10:03:00","modified_gmt":"2023-09-26T13:03:00","slug":"tebet-reitera-confianca-na-aprovacao-da-reforma-tributaria-ainda-este-ano","status":"publish","type":"post","link":"https:\/\/sindaopcpb.org.br\/index.php\/2023\/09\/26\/tebet-reitera-confianca-na-aprovacao-da-reforma-tributaria-ainda-este-ano\/","title":{"rendered":"Tebet reitera confian\u00e7a na aprova\u00e7\u00e3o da reforma tribut\u00e1ria ainda este ano"},"content":{"rendered":"<p><img loading=\"lazy\" width=\"300\" height=\"225\" src=\"https:\/\/www.infomoney.com.br\/wp-content\/uploads\/2023\/07\/ja_7657-2_0.jpg?fit=300%2C225&amp;quality=70&amp;strip=all\" class=\"attachment-medium size-medium wp-post-image\" alt=\"\" decoding=\"async\" style=\"float:right; margin:0 0 10px 10px;\" srcset=\"https:\/\/www.infomoney.com.br\/wp-content\/uploads\/2023\/07\/ja_7657-2_0.jpg?w=1024&amp;quality=70&amp;strip=all 1024w, https:\/\/www.infomoney.com.br\/wp-content\/uploads\/2023\/07\/ja_7657-2_0.jpg?w=300&amp;quality=70&amp;strip=all 300w, https:\/\/www.infomoney.com.br\/wp-content\/uploads\/2023\/07\/ja_7657-2_0.jpg?w=768&amp;quality=70&amp;strip=all 768w, https:\/\/www.infomoney.com.br\/wp-content\/uploads\/2023\/07\/ja_7657-2_0.jpg?w=150&amp;quality=70&amp;strip=all 150w\" sizes=\"auto, (max-width: 300px) 100vw, 300px\" data-attachment-id=\"2198771\" data-permalink=\"https:\/\/www.infomoney.com.br\/politica\/tebet-discute-com-haddad-orcamento-de-2024-que-preve-corte-de-r-26-bi-em-gastos-da-fazenda\/attachment\/_ja_7657-2_0\/\" data-orig-file=\"https:\/\/www.infomoney.com.br\/wp-content\/uploads\/2023\/07\/ja_7657-2_0.jpg?fit=1024%2C768&amp;quality=70&amp;strip=all\" data-orig-size=\"1024,768\" data-comments-opened=\"0\" data-image-meta=\"{&quot;aperture&quot;:&quot;2.8&quot;,&quot;credit&quot;:&quot;&quot;,&quot;camera&quot;:&quot;Canon EOS 5D Mark IV&quot;,&quot;caption&quot;:&quot;&quot;,&quot;created_timestamp&quot;:&quot;1690463804&quot;,&quot;copyright&quot;:&quot;&quot;,&quot;focal_length&quot;:&quot;70&quot;,&quot;iso&quot;:&quot;200&quot;,&quot;shutter_speed&quot;:&quot;0.005&quot;,&quot;title&quot;:&quot;&quot;,&quot;orientation&quot;:&quot;1&quot;}\" data-image-title=\"Simone Tebet, ministra do Planejamento\" data-image-description=\"&lt;p&gt;Bras\u00edlia (DF) 27\/07\/2023 &#8211; A ministra do Planejamento, Simone Tebet conversa com jornalista na entrada do pr\u00e9dio do minist\u00e9rio da Fazenda, ap\u00f3s reuni\u00e3o com o ministro Haddad. Foto: Jo\u00e9dson Alves\/Ag\u00eancia Brasil&lt;\/p&gt;\n\" data-image-caption=\"&lt;p&gt;Bras\u00edlia (DF) 27\/07\/2023 &#8211; A ministra do Planejamento, Simone Tebet conversa com jornalista na entrada do pr\u00e9dio do minist\u00e9rio da Fazenda, ap\u00f3s reuni\u00e3o com o ministro Haddad. Foto: Jo\u00e9dson Alves\/Ag\u00eancia Brasil&lt;\/p&gt;\n\" data-medium-file=\"https:\/\/www.infomoney.com.br\/wp-content\/uploads\/2023\/07\/ja_7657-2_0.jpg?fit=300%2C225&amp;quality=70&amp;strip=all\" data-large-file=\"https:\/\/www.infomoney.com.br\/wp-content\/uploads\/2023\/07\/ja_7657-2_0.jpg?fit=1024%2C768&amp;quality=70&amp;strip=all\" title=\"\"><\/p>\n<p>A ministra do Planejamento e Or&ccedil;amento, Simone Tebet, reiterou nesta segunda-feira (25), sua confian&ccedil;a na aprova&ccedil;&atilde;o da reforma tribut&aacute;ria este ano. Para a ministra, que participou do 18&ordm; F&oacute;rum de Economia coordenado pelo Centro de Estudos do Novo Desenvolvimento da FGV-EAESP, a reforma est&aacute; madura e pronta para ser aprovada.<\/p>\n<p>Ela fez uma nova apresenta&ccedil;&atilde;o do Plano Plurianual 2024-2027 durante sua participa&ccedil;&atilde;o no evento e disse querer que &ldquo;o PPA, que &eacute; a primeira pe&ccedil;a de planejamento de um pa&iacute;s, n&atilde;o fique nas gavetas, e entre no or&ccedil;amento&rdquo;.<\/p>\n<p>&ldquo;N&atilde;o podemos gastar aqu&eacute;m do poss&iacute;vel, mas n&atilde;o podemos gastar mais do que se arrecada porque isso leva &agrave; infla&ccedil;&atilde;o e &agrave; irresponsabilidade fiscal&rdquo;, disse a ministra.<\/p>\n<\/p>\n<div class=\"cta-end\">\n<div class=\"im-cta\" >\n<div class=\"im-shortcode-forms bg-light bg-opacity-25 border rounded-4 p-3 p-sm-4 p-md-3 p-lg-4 px-xxl-5 my-5\" data-configuration='{\"form_name\":false,\"form_hat\":\"Newsletter\",\"form_email\":true,\"form_icon\":\"newsletter\",\"form_phone\":false,\"form_campaign\":\"NIM\",\"form_thankyou\":\"\",\"form_journey\":\"APIEvent-26a5198d-8e09-06ef-5f80-cd9127757ad1\",\"form_button\":\"Quero receber\",\"form_context\":\"newsletter\",\"form_origin\":\"https:\\\/\\\/www.infomoney.com.br\\\/politica\\\/feed\\\/?utm_medium=materia&#038;utm_source=infomoney&#038;utm_campaign=NIM&#038;utm_term=politica&#038;utm_content=newsletter\",\"form_position\":\"final\",\"form_category\":\"cta_form\"}'>\n<div class=\"d-flex flex-column align-items-center align-items-lg-start mb-4 flex-lg-row\">\n<div class=\"rounded-circle mb-2 mb-lg-0 mr-lg-4 me-lg-4 p-3 p-lg-4 bg-blue-400\"><svg width=\"40\" height=\"40\" viewBox=\"0 0 40 40\" fill=\"none\" xmlns=\"http:\/\/www.w3.org\/2000\/svg\"><path d=\"M20 20.25 6.042 11.042v19.041c0 .167.048.299.146.396a.535.535 0 0 0 .395.146h15.792V32.5H6.583a2.328 2.328 0 0 1-1.708-.708 2.328 2.328 0 0 1-.708-1.709V9.917c0-.667.236-1.236.708-1.709A2.328 2.328 0 0 1 6.583 7.5h26.834c.666 0 1.236.236 1.708.708a2.33 2.33 0 0 1 .708 1.709v12.458h-1.875V11.042L20 20.25Zm0-2 13.667-8.875H6.333L20 18.25Zm11.75 18.958-1.292-1.333 3.334-3.375h-9v-1.875h9l-3.375-3.417 1.333-1.291 5.667 5.625-5.667 5.666ZM6.042 11.042v20.791-9.458.25-13.25 1.667Z\" fill=\"#fff\"\/><\/svg><\/div>\n<div class=\"flex-fill text-center text-lg-left\">\n<div class=\"h6 small text-orange-700 lh-base mb-1\">Newsletter<\/div>\n<div class=\"text-body h4 m-0\">Infomorning<\/div>\n<div class=\"text-body small lh-base mt-2\">Receba no seu e-mail logo pela manh&atilde; as not&iacute;cias que v&atilde;o mexer com os mercados, com os seus investimentos e o seu bolso durante o dia<\/div>\n<\/div>\n<\/div>\n<\/div>\n<\/div>\n<\/div>\n<p>The post <a rel=\"nofollow noopener\" href=\"https:\/\/www.infomoney.com.br\/politica\/tebet-reitera-confianca-na-aprovacao-da-reforma-tributaria-ainda-este-ano\/\" target=\"_blank\">Tebet reitera confian\u00e7a na aprova\u00e7\u00e3o da reforma tribut\u00e1ria ainda este ano<\/a> appeared first on <a rel=\"nofollow noopener\" href=\"https:\/\/www.infomoney.com.br\/\" target=\"_blank\">InfoMoney<\/a>.<\/p>\n","protected":false},"excerpt":{"rendered":"<p><img loading=\"lazy\" decoding=\"async\" width=\"300\" height=\"225\" src=\"https:\/\/www.infomoney.com.br\/wp-content\/uploads\/2023\/07\/ja_7657-2_0.jpg?fit=300%2C225&amp;quality=70&amp;strip=all\" class=\"attachment-medium size-medium wp-post-image\" alt=\"\" data-attachment-id=\"2198771\" data-permalink=\"https:\/\/www.infomoney.com.br\/politica\/tebet-discute-com-haddad-orcamento-de-2024-que-preve-corte-de-r-26-bi-em-gastos-da-fazenda\/attachment\/_ja_7657-2_0\/\" data-orig-file=\"https:\/\/www.infomoney.com.br\/wp-content\/uploads\/2023\/07\/ja_7657-2_0.jpg?fit=1024%2C768&amp;quality=70&amp;strip=all\" data-orig-size=\"1024,768\" data-comments-opened=\"0\" data-image-meta='{\"aperture\":\"2.8\",\"credit\":\"\",\"camera\":\"Canon EOS 5D Mark IV\",\"caption\":\"\",\"created_timestamp\":\"1690463804\",\"copyright\":\"\",\"focal_length\":\"70\",\"iso\":\"200\",\"shutter_speed\":\"0.005\",\"title\":\"\",\"orientation\":\"1\"}' data-image-title=\"Simone Tebet, ministra do Planejamento\" data-image-description=\"&lt;p&gt;Bras\u00edlia (DF) 27\/07\/2023 \u2013 A ministra do Planejamento, Simone Tebet conversa com jornalista na entrada do pr\u00e9dio do minist\u00e9rio da Fazenda, ap\u00f3s reuni\u00e3o com o ministro Haddad. Foto: Jo\u00e9dson Alves\/Ag\u00eancia Brasil&lt;\/p&gt;\n\" data-image-caption=\"&lt;p&gt;Bras\u00edlia (DF) 27\/07\/2023 \u2013 A ministra do Planejamento, Simone Tebet conversa com jornalista na entrada do pr\u00e9dio do minist\u00e9rio da Fazenda, ap\u00f3s reuni\u00e3o com o ministro Haddad. Foto: Jo\u00e9dson Alves\/Ag\u00eancia Brasil&lt;\/p&gt;\n\" data-medium-file=\"https:\/\/www.infomoney.com.br\/wp-content\/uploads\/2023\/07\/ja_7657-2_0.jpg?fit=300%2C225&amp;quality=70&amp;strip=all\" data-large-file=\"https:\/\/www.infomoney.com.br\/wp-content\/uploads\/2023\/07\/ja_7657-2_0.jpg?fit=1024%2C768&amp;quality=70&amp;strip=all\">Durante participa\u00e7\u00e3o em evento realizado em S\u00e3o Paulo, ministra afirmou que proposta est\u00e1 madura<\/p>\n<p>The post <a rel=\"nofollow\" href=\"https:\/\/www.infomoney.com.br\/politica\/tebet-reitera-confianca-na-aprovacao-da-reforma-tributaria-ainda-este-ano\/\">Tebet reitera confian\u00e7a na aprova\u00e7\u00e3o da reforma tribut\u00e1ria ainda este ano<\/a> appeared first on <a rel=\"nofollow\" href=\"https:\/\/www.infomoney.com.br\/\">InfoMoney<\/a>.<\/p>\n","protected":false},"author":43,"featured_media":0,"comment_status":"closed","ping_status":"closed","sticky":false,"template":"","format":"standard","meta":{"advgb_blocks_editor_width":"","advgb_blocks_columns_visual_guide":"","footnotes":""},"categories":[34,260,376,47,191,360],"tags":[35],"class_list":["post-36035","post","type-post","status-publish","format-standard","hentry","category-g1","category-governo","category-ministerio-do-planejamento","category-politica","category-reforma-tributaria","category-simone-tebet","tag-g1"],"author_meta":{"display_name":"Estad\u00e3o Conte\u00fado","author_link":"https:\/\/sindaopcpb.org.br\/author\/estadao-conteudo\/"},"featured_img":null,"coauthors":[],"tax_additional":{"categories":{"linked":["<a href=\"https:\/\/sindaopcpb.org.br\/g1\/\" class=\"advgb-post-tax-term\">G1<\/a>","<a href=\"https:\/\/sindaopcpb.org.br\/governo\/\" class=\"advgb-post-tax-term\">Governo<\/a>","<a href=\"https:\/\/sindaopcpb.org.br\/ministerio-do-planejamento\/\" class=\"advgb-post-tax-term\">Minist\u00e9rio do Planejamento<\/a>","<a href=\"https:\/\/sindaopcpb.org.br\/politica\/\" class=\"advgb-post-tax-term\">POLITICA<\/a>","<a href=\"https:\/\/sindaopcpb.org.br\/reforma-tributaria\/\" class=\"advgb-post-tax-term\">reforma tribut\u00e1ria<\/a>","<a href=\"https:\/\/sindaopcpb.org.br\/simone-tebet\/\" class=\"advgb-post-tax-term\">Simone Tebet<\/a>"],"unlinked":["<span class=\"advgb-post-tax-term\">G1<\/span>","<span class=\"advgb-post-tax-term\">Governo<\/span>","<span class=\"advgb-post-tax-term\">Minist\u00e9rio do Planejamento<\/span>","<span class=\"advgb-post-tax-term\">POLITICA<\/span>","<span class=\"advgb-post-tax-term\">reforma tribut\u00e1ria<\/span>","<span class=\"advgb-post-tax-term\">Simone Tebet<\/span>"]},"tags":{"linked":["<a href=\"https:\/\/sindaopcpb.org.br\/simone-tebet\/\" class=\"advgb-post-tax-term\">g1<\/a>"],"unlinked":["<span class=\"advgb-post-tax-term\">g1<\/span>"]}},"comment_count":"0","relative_dates":{"created":"Publicado 3 anos atr\u00e1s","modified":"Atualizado 3 anos atr\u00e1s"},"absolute_dates":{"created":"Publicado em 26 de setembro de 2023","modified":"Atualizado em 26 de setembro de 2023"},"absolute_dates_time":{"created":"Publicado em 26 de setembro de 2023 10:03","modified":"Atualizado em 26 de setembro de 2023 10:03"},"featured_img_caption":"","series_order":"","_links":{"self":[{"href":"https:\/\/sindaopcpb.org.br\/index.php\/wp-json\/wp\/v2\/posts\/36035","targetHints":{"allow":["GET"]}}],"collection":[{"href":"https:\/\/sindaopcpb.org.br\/index.php\/wp-json\/wp\/v2\/posts"}],"about":[{"href":"https:\/\/sindaopcpb.org.br\/index.php\/wp-json\/wp\/v2\/types\/post"}],"author":[{"embeddable":true,"href":"https:\/\/sindaopcpb.org.br\/index.php\/wp-json\/wp\/v2\/users\/43"}],"replies":[{"embeddable":true,"href":"https:\/\/sindaopcpb.org.br\/index.php\/wp-json\/wp\/v2\/comments?post=36035"}],"version-history":[{"count":1,"href":"https:\/\/sindaopcpb.org.br\/index.php\/wp-json\/wp\/v2\/posts\/36035\/revisions"}],"predecessor-version":[{"id":36036,"href":"https:\/\/sindaopcpb.org.br\/index.php\/wp-json\/wp\/v2\/posts\/36035\/revisions\/36036"}],"wp:attachment":[{"href":"https:\/\/sindaopcpb.org.br\/index.php\/wp-json\/wp\/v2\/media?parent=36035"}],"wp:term":[{"taxonomy":"category","embeddable":true,"href":"https:\/\/sindaopcpb.org.br\/index.php\/wp-json\/wp\/v2\/categories?post=36035"},{"taxonomy":"post_tag","embeddable":true,"href":"https:\/\/sindaopcpb.org.br\/index.php\/wp-json\/wp\/v2\/tags?post=36035"}],"curies":[{"name":"wp","href":"https:\/\/api.w.org\/{rel}","templated":true}]}}