{"id":36009,"date":"2023-09-26T09:45:50","date_gmt":"2023-09-26T12:45:50","guid":{"rendered":"https:\/\/wpa.wscom.com.br\/?p=924618"},"modified":"2023-09-26T09:45:50","modified_gmt":"2023-09-26T12:45:50","slug":"suspeito-morre-ao-tentar-assaltar-padaria-na-paraiba-filho-do-dono-e-ferido-com-tiro","status":"publish","type":"post","link":"https:\/\/sindaopcpb.org.br\/index.php\/2023\/09\/26\/suspeito-morre-ao-tentar-assaltar-padaria-na-paraiba-filho-do-dono-e-ferido-com-tiro\/","title":{"rendered":"Suspeito morre ao tentar assaltar padaria, na Para\u00edba; filho do dono \u00e9 ferido com tiro"},"content":{"rendered":"<p>Uma tentativa de assalto na madrugada desta ter\u00e7a-feira (26) acabou com um suspeito de 21 anos morto, em uma padaria em Pedras de Fogo, na Para\u00edba. O filho do propriet\u00e1rio do estabelecimento tamb\u00e9m foi ferido durante o ocorrido.<\/p>\n<p>O jovem chegou ao local acompanhado de outro suspeito, ambos armados, e anunciaram o assalto. O dono da padaria, no entanto, reagiu e acabou esfaqueando o rapaz.<\/p>\n<figure id=\"attachment_924620\" aria-describedby=\"caption-attachment-924620\" style=\"width: 300px\" class=\"wp-caption alignleft\"><img decoding=\"async\" loading=\"lazy\" class=\"size-medium wp-image-924620\" src=\"https:\/\/wpa.wscom.com.br\/wp-content\/uploads\/2023\/09\/filhoferido-300x195.jpg\" alt=\"\" width=\"300\" height=\"195\" srcset=\"https:\/\/d5b0emwo2ogpi.cloudfront.net\/wp-content\/uploads\/2023\/09\/26094457\/filhoferido-300x195.jpg 300w, https:\/\/d5b0emwo2ogpi.cloudfront.net\/wp-content\/uploads\/2023\/09\/26094457\/filhoferido.jpg 430w\" sizes=\"auto, (max-width: 300px) 100vw, 300px\" title=\"\"><figcaption id=\"caption-attachment-924620\" class=\"wp-caption-text\">Filho do propriet\u00e1ri, ferido com tiro.<\/figcaption><\/figure>\n<p>Nesse momento, o filho do comerciante interveio na situa\u00e7\u00e3o e foi atingido por um disparo de arma de fogo. Ele foi imediatamente socorrido e encaminhado a um hospital. N\u00e3o h\u00e1 informa\u00e7\u00f5es sobre o estado de sa\u00fade.<\/p>\n<p>O jovem esfaqueado tentou empreender fuga, mas n\u00e3o resistiu aos ferimentos e veio a \u00f3bito a poucos metros do estabelecimento.<\/p>\n<p>O post <a rel=\"nofollow noopener\" href=\"https:\/\/wscom.com.br\/suspeito-morre-ao-tentar-assaltar-padaria-na-paraiba-filho-do-dono-e-ferido-com-tiro\/\" target=\"_blank\">Suspeito morre ao tentar assaltar padaria, na Para\u00edba; filho do dono \u00e9 ferido com tiro<\/a> apareceu primeiro em <a rel=\"nofollow noopener\" href=\"https:\/\/wscom.com.br\/\" target=\"_blank\">WSCOM<\/a>.<\/p>\n","protected":false},"excerpt":{"rendered":"<p>Uma tentativa de assalto na madrugada desta ter\u00e7a-feira (26) acabou com um suspeito de 21 anos morto, em uma padaria em Pedras de Fogo, na Para\u00edba. O filho do propriet\u00e1rio do estabelecimento tamb\u00e9m foi ferido durante o ocorrido. O jovem chegou ao local acompanhado de outro suspeito, ambos armados, e anunciaram o assalto. O dono [\u2026]<\/p>\n<p>O post <a rel=\"nofollow\" href=\"https:\/\/wscom.com.br\/suspeito-morre-ao-tentar-assaltar-padaria-na-paraiba-filho-do-dono-e-ferido-com-tiro\/\">Suspeito morre ao tentar assaltar padaria, na Para\u00edba; filho do dono \u00e9 ferido com tiro<\/a> apareceu primeiro em <a rel=\"nofollow\" href=\"https:\/\/wscom.com.br\/\">WSCOM<\/a>.<\/p>\n","protected":false},"author":50,"featured_media":0,"comment_status":"closed","ping_status":"closed","sticky":false,"template":"","format":"standard","meta":{"advgb_blocks_editor_width":"","advgb_blocks_columns_visual_guide":"","footnotes":""},"categories":[2091,34,254,9478,66,482],"tags":[35],"class_list":["post-36009","post","type-post","status-publish","format-standard","hentry","category-assalto","category-g1","category-morre","category-padaria","category-policial","category-suspeito","tag-g1"],"author_meta":{"display_name":"Wallyson","author_link":"https:\/\/sindaopcpb.org.br\/author\/wallyson\/"},"featured_img":null,"coauthors":[],"tax_additional":{"categories":{"linked":["<a href=\"https:\/\/sindaopcpb.org.br\/assalto\/\" class=\"advgb-post-tax-term\">assalto<\/a>","<a href=\"https:\/\/sindaopcpb.org.br\/g1\/\" class=\"advgb-post-tax-term\">G1<\/a>","<a href=\"https:\/\/sindaopcpb.org.br\/morre\/\" class=\"advgb-post-tax-term\">morre<\/a>","<a href=\"https:\/\/sindaopcpb.org.br\/padaria\/\" class=\"advgb-post-tax-term\">Padaria<\/a>","<a href=\"https:\/\/sindaopcpb.org.br\/policial\/\" class=\"advgb-post-tax-term\">Policial<\/a>","<a href=\"https:\/\/sindaopcpb.org.br\/suspeito\/\" class=\"advgb-post-tax-term\">Suspeito<\/a>"],"unlinked":["<span class=\"advgb-post-tax-term\">assalto<\/span>","<span class=\"advgb-post-tax-term\">G1<\/span>","<span class=\"advgb-post-tax-term\">morre<\/span>","<span class=\"advgb-post-tax-term\">Padaria<\/span>","<span class=\"advgb-post-tax-term\">Policial<\/span>","<span class=\"advgb-post-tax-term\">Suspeito<\/span>"]},"tags":{"linked":["<a href=\"https:\/\/sindaopcpb.org.br\/suspeito\/\" class=\"advgb-post-tax-term\">g1<\/a>"],"unlinked":["<span class=\"advgb-post-tax-term\">g1<\/span>"]}},"comment_count":"0","relative_dates":{"created":"Publicado 3 anos atr\u00e1s","modified":"Atualizado 3 anos atr\u00e1s"},"absolute_dates":{"created":"Publicado em 26 de setembro de 2023","modified":"Atualizado em 26 de setembro de 2023"},"absolute_dates_time":{"created":"Publicado em 26 de setembro de 2023 09:45","modified":"Atualizado em 26 de setembro de 2023 09:45"},"featured_img_caption":"","series_order":"","_links":{"self":[{"href":"https:\/\/sindaopcpb.org.br\/index.php\/wp-json\/wp\/v2\/posts\/36009","targetHints":{"allow":["GET"]}}],"collection":[{"href":"https:\/\/sindaopcpb.org.br\/index.php\/wp-json\/wp\/v2\/posts"}],"about":[{"href":"https:\/\/sindaopcpb.org.br\/index.php\/wp-json\/wp\/v2\/types\/post"}],"author":[{"embeddable":true,"href":"https:\/\/sindaopcpb.org.br\/index.php\/wp-json\/wp\/v2\/users\/50"}],"replies":[{"embeddable":true,"href":"https:\/\/sindaopcpb.org.br\/index.php\/wp-json\/wp\/v2\/comments?post=36009"}],"version-history":[{"count":2,"href":"https:\/\/sindaopcpb.org.br\/index.php\/wp-json\/wp\/v2\/posts\/36009\/revisions"}],"predecessor-version":[{"id":36081,"href":"https:\/\/sindaopcpb.org.br\/index.php\/wp-json\/wp\/v2\/posts\/36009\/revisions\/36081"}],"wp:attachment":[{"href":"https:\/\/sindaopcpb.org.br\/index.php\/wp-json\/wp\/v2\/media?parent=36009"}],"wp:term":[{"taxonomy":"category","embeddable":true,"href":"https:\/\/sindaopcpb.org.br\/index.php\/wp-json\/wp\/v2\/categories?post=36009"},{"taxonomy":"post_tag","embeddable":true,"href":"https:\/\/sindaopcpb.org.br\/index.php\/wp-json\/wp\/v2\/tags?post=36009"}],"curies":[{"name":"wp","href":"https:\/\/api.w.org\/{rel}","templated":true}]}}