{"id":35974,"date":"2023-09-25T19:56:40","date_gmt":"2023-09-25T22:56:40","guid":{"rendered":"https:\/\/www.infomoney.com.br\/?p=2251691"},"modified":"2023-09-25T19:56:40","modified_gmt":"2023-09-25T22:56:40","slug":"governo-pede-ao-supremo-que-declare-inconstitucional-pec-que-mudou-regra-de-pagamento-dos-precatorios","status":"publish","type":"post","link":"https:\/\/sindaopcpb.org.br\/index.php\/2023\/09\/25\/governo-pede-ao-supremo-que-declare-inconstitucional-pec-que-mudou-regra-de-pagamento-dos-precatorios\/","title":{"rendered":"Governo pede ao Supremo que declare inconstitucional PEC que mudou regra de pagamento dos precat\u00f3rios"},"content":{"rendered":"<p><img loading=\"lazy\" width=\"300\" height=\"179\" src=\"https:\/\/www.infomoney.com.br\/wp-content\/uploads\/2023\/06\/stf-justica.jpg?fit=300%2C179&amp;quality=70&amp;strip=all\" class=\"attachment-medium size-medium wp-post-image\" alt=\"\" decoding=\"async\" style=\"float:right; margin:0 0 10px 10px;\" srcset=\"https:\/\/www.infomoney.com.br\/wp-content\/uploads\/2023\/06\/stf-justica.jpg?w=1170&amp;quality=70&amp;strip=all 1170w, https:\/\/www.infomoney.com.br\/wp-content\/uploads\/2023\/06\/stf-justica.jpg?w=300&amp;quality=70&amp;strip=all 300w, https:\/\/www.infomoney.com.br\/wp-content\/uploads\/2023\/06\/stf-justica.jpg?w=768&amp;quality=70&amp;strip=all 768w, https:\/\/www.infomoney.com.br\/wp-content\/uploads\/2023\/06\/stf-justica.jpg?w=150&amp;quality=70&amp;strip=all 150w\" sizes=\"auto, (max-width: 300px) 100vw, 300px\" data-attachment-id=\"2173041\" data-permalink=\"https:\/\/www.infomoney.com.br\/consumo\/trabalhadores-da-gm-aprovam-layoff-em-sao-jose-dos-campos-vw-paralisa-producao-em-fabricas\/attachment\/fachada-do-edificio-sede-do-supremo-tribunal-federal-stf\/\" data-orig-file=\"https:\/\/www.infomoney.com.br\/wp-content\/uploads\/2023\/06\/stf-justica.jpg?fit=1170%2C700&amp;quality=70&amp;strip=all\" data-orig-size=\"1170,700\" data-comments-opened=\"0\" data-image-meta=\"{&quot;aperture&quot;:&quot;4&quot;,&quot;credit&quot;:&quot;Marcello Casal JrAg\\u00eancia Brasil&quot;,&quot;camera&quot;:&quot;NIKON D4&quot;,&quot;caption&quot;:&quot;Fachada do edif\\u00edcio sede do Supremo Tribunal Federal - STF&quot;,&quot;created_timestamp&quot;:&quot;1597835070&quot;,&quot;copyright&quot;:&quot;Agencia Brasil-EBC&quot;,&quot;focal_length&quot;:&quot;600&quot;,&quot;iso&quot;:&quot;250&quot;,&quot;shutter_speed&quot;:&quot;0.00015625&quot;,&quot;title&quot;:&quot;Fachada do edif\\u00edcio sede do Supremo Tribunal Federal - STF&quot;,&quot;orientation&quot;:&quot;1&quot;}\" data-image-title=\"Est\u00e1tua da Justi\u00e7a em frente ao STF\" data-image-description=\"\" data-image-caption=\"&lt;p&gt;Est\u00e1tua &#8220;A Justi\u00e7a&#8221;, escultura de Alfredo Ceschiatti em frente ao edif\u00edcio-sede do Supremo Tribunal Federal (STF) em Bras\u00edlia (Foto: Marcello Casal Jr.\/Ag\u00eancia Brasil)&lt;\/p&gt;\n\" data-medium-file=\"https:\/\/www.infomoney.com.br\/wp-content\/uploads\/2023\/06\/stf-justica.jpg?fit=300%2C179&amp;quality=70&amp;strip=all\" data-large-file=\"https:\/\/www.infomoney.com.br\/wp-content\/uploads\/2023\/06\/stf-justica.jpg?fit=1170%2C700&amp;quality=70&amp;strip=all\" title=\"\"><\/p>\n<p>A Advocacia-Geral da Uni&atilde;o (AGU) encaminhou, nesta segunda-feira (25), ao Supremo Tribunal Federal (STF) uma manifesta&ccedil;&atilde;o pedindo a inconstitucionalidade de emenda &agrave; Constitui&ccedil;&atilde;o Federal que alterou o regime de pagamento dos precat&oacute;rios durante o governo de Jair Bolsonaro (PL) &minus; que &agrave; &eacute;poca foi batizada como PEC dos Precat&oacute;rios.<\/p>\n<p>O dispositivo permitiu que o governo federal limitasse o pagamento dos precat&oacute;rios (que s&atilde;o d&iacute;vidas reconhecidas pela Justi&ccedil;a e sem possibilidade de novos recursos por parte do poder p&uacute;blico) aos termos da regra fiscal vigente &minus; o teto de gastos, que determinava que as despesas p&uacute;blicas de um ano n&atilde;o poderiam crescer acima da infla&ccedil;&atilde;o acumulada no exerc&iacute;cio anterior.<\/p>\n<p>Pela norma aprovada pelo Congresso Nacional nas emendas constitucionais n&ordm; 113\/2021 e 114\/2021, o teto anual para o pagamento dos precat&oacute;rios vigoraria at&eacute; 2027 &minus; o que na pr&aacute;tica poderia ampliar o passivo da Uni&atilde;o nessa rubrica. Na avalia&ccedil;&atilde;o de especialistas, o adiamento dos pagamentos tamb&eacute;m representaria uma esp&eacute;cie de &ldquo;calote&rdquo; por parte do governo federal, j&aacute; que tais compromissos j&aacute; teriam transitado em julgado, e, portanto, n&atilde;o poderiam mais ser revertidos na Justi&ccedil;a.<\/p>\n<p>No pedido, a AGU alega que a cria&ccedil;&atilde;o de um limite de pagamento e um subteto produziram um ac&uacute;mulo de precat&oacute;rios n&atilde;o pagos que alcan&ccedil;a R$ 150 bilh&otilde;es. O montante consta de nota t&eacute;cnica assinada pelo secret&aacute;rio do Tesouro Nacional, Rog&eacute;rio Ceron, e pela Procuradora-geral da Fazenda Nacional, Anelize de Almeida, tamb&eacute;m enviada &agrave; Corte. A peti&ccedil;&atilde;o sustenta que as duas emendas contestadas n&atilde;o s&oacute; afrontam princ&iacute;pios constitucionais, como geram grave desequil&iacute;brio para as contas p&uacute;blicas.<\/p>\n<p>A manifesta&ccedil;&atilde;o foi feita no &acirc;mbito das A&ccedil;&otilde;es Diretas de Inconstitucionalidade (ADIs) n&ordm; 7047-DF e 7064-DF. A primeira foi movida pelo Partido Democr&aacute;tico Trabalhista (PDT). A segunda, por um conjunto de entidades da sociedade civil (Conselho Federal da Ordem dos Advogados do Brasil, Associa&ccedil;&atilde;o dos Magistrados Brasileiros, Confedera&ccedil;&atilde;o dos Servidores P&uacute;blicos do Brasil, Confedera&ccedil;&atilde;o Nacional dos Servidores e Funcion&aacute;rios P&uacute;blicos das Funda&ccedil;&otilde;es, Autarquias e Prefeituras Municipais, Confedera&ccedil;&atilde;o Nacional das Carreiras T&iacute;picas de Estado e Confedera&ccedil;&atilde;o Brasileira de Trabalhadores Policiais Civis) para questionar a constitucionalidade das normas.<\/p>\n<p>A manifesta&ccedil;&atilde;o da AGU encaminhada ao STF destaca que, muito embora o governo anterior tenha utilizado como justificativa para a aprova&ccedil;&atilde;o das emendas o risco de colapso administrativo caso fosse pago o valor integral dos precat&oacute;rios previstos para 2022 &ndash; estimado em R$ 89,1 bilh&otilde;es, R$ 33,7 bilh&otilde;es a mais que no ano anterior &ndash; logo ap&oacute;s a abertura artificial e tempor&aacute;ria de espa&ccedil;o fiscal proporcionada pela a aprova&ccedil;&atilde;o de ambas as emendas &ldquo;foram criadas despesas obrigat&oacute;rias com a estimativa de custo adicional de R$ 41 bilh&otilde;es ao ano&rdquo;.<\/p>\n<p>Na mesma pe&ccedil;a, o governo alerta que o novo regime de precat&oacute;rios n&atilde;o s&oacute; produziu &ldquo;um volume significativo e crescente de despesa artificialmente represada&rdquo; que s&oacute; dever&aacute; come&ccedil;ar a ser paga em 2027, como &ldquo;n&atilde;o veio acompanhada de qualquer perspectiva de solu&ccedil;&atilde;o com vistas a equacionar o passivo que ser&aacute; acumulado a m&eacute;dio e longo prazo, de sorte a viabilizar seu pagamento efetivo ap&oacute;s a data final estabelecida para a vig&ecirc;ncia do referido regime&rdquo;. E pontua que &ldquo;perman&ecirc;ncia do atual sistema de pagamento de precat&oacute;rios tem o potencial de gerar um estoque impag&aacute;vel, o que resultaria na necessidade de nova morat&oacute;ria&rdquo;.<\/p>\n<p>O governo do presidente Luiz In&aacute;cio Lula da Silva (PT) prop&otilde;e que o Supremo d&ecirc; sinal verde para que ele solicite ao Congresso Nacional a abertura cr&eacute;dito extraordin&aacute;rio, em at&eacute; 60 dias, para quitar o passivo do atual regime de precat&oacute;rios, distinguindo o valor principal dos t&iacute;tulos (que devem continuar sendo considerados despesas prim&aacute;rias) dos encargos financeiros fruto da incid&ecirc;ncia de juros e corre&ccedil;&atilde;o monet&aacute;ria (que, como despesas financeiras, n&atilde;o devem estar sujeitas ao limite de resultado prim&aacute;rio previsto no novo regime fiscal, tal como os encargos sobre os t&iacute;tulos da d&iacute;vida p&uacute;blica n&atilde;o o s&atilde;o).<\/p>\n<p><em>mais informa&ccedil;&otilde;es em instantes<\/em><\/p>\n<\/p>\n<div class=\"cta-end\">\n<div class=\"im-cta\" >\n<div class=\"im-shortcode-forms bg-light bg-opacity-25 border rounded-4 p-3 p-sm-4 p-md-3 p-lg-4 px-xxl-5 my-5\" data-configuration='{\"form_name\":false,\"form_hat\":\"Newsletter\",\"form_email\":true,\"form_icon\":\"newsletter\",\"form_phone\":false,\"form_campaign\":\"NIM\",\"form_thankyou\":\"\",\"form_journey\":\"APIEvent-26a5198d-8e09-06ef-5f80-cd9127757ad1\",\"form_button\":\"Quero receber\",\"form_context\":\"newsletter\",\"form_origin\":\"https:\\\/\\\/www.infomoney.com.br\\\/politica\\\/feed\\\/?utm_medium=materia&#038;utm_source=infomoney&#038;utm_campaign=NIM&#038;utm_term=politica&#038;utm_content=newsletter\",\"form_position\":\"final\",\"form_category\":\"cta_form\"}'>\n<div class=\"d-flex flex-column align-items-center align-items-lg-start mb-4 flex-lg-row\">\n<div class=\"rounded-circle mb-2 mb-lg-0 mr-lg-4 me-lg-4 p-3 p-lg-4 bg-blue-400\"><svg width=\"40\" height=\"40\" viewBox=\"0 0 40 40\" fill=\"none\" xmlns=\"http:\/\/www.w3.org\/2000\/svg\"><path d=\"M20 20.25 6.042 11.042v19.041c0 .167.048.299.146.396a.535.535 0 0 0 .395.146h15.792V32.5H6.583a2.328 2.328 0 0 1-1.708-.708 2.328 2.328 0 0 1-.708-1.709V9.917c0-.667.236-1.236.708-1.709A2.328 2.328 0 0 1 6.583 7.5h26.834c.666 0 1.236.236 1.708.708a2.33 2.33 0 0 1 .708 1.709v12.458h-1.875V11.042L20 20.25Zm0-2 13.667-8.875H6.333L20 18.25Zm11.75 18.958-1.292-1.333 3.334-3.375h-9v-1.875h9l-3.375-3.417 1.333-1.291 5.667 5.625-5.667 5.666ZM6.042 11.042v20.791-9.458.25-13.25 1.667Z\" fill=\"#fff\"\/><\/svg><\/div>\n<div class=\"flex-fill text-center text-lg-left\">\n<div class=\"h6 small text-orange-700 lh-base mb-1\">Newsletter<\/div>\n<div class=\"text-body h4 m-0\">Infomorning<\/div>\n<div class=\"text-body small lh-base mt-2\">Receba no seu e-mail logo pela manh&atilde; as not&iacute;cias que v&atilde;o mexer com os mercados, com os seus investimentos e o seu bolso durante o dia<\/div>\n<\/div>\n<\/div>\n<\/div>\n<\/div>\n<\/div>\n<p>The post <a rel=\"nofollow noopener\" href=\"https:\/\/www.infomoney.com.br\/politica\/governo-pede-ao-supremo-que-declare-inconstitucional-pec-que-mudou-regra-de-pagamento-dos-precatorios\/\" target=\"_blank\">Governo pede ao Supremo que declare inconstitucional PEC que mudou regra de pagamento dos precat\u00f3rios<\/a> appeared first on <a rel=\"nofollow noopener\" href=\"https:\/\/www.infomoney.com.br\/\" target=\"_blank\">InfoMoney<\/a>.<\/p>\n","protected":false},"excerpt":{"rendered":"<p><img loading=\"lazy\" decoding=\"async\" width=\"300\" height=\"179\" src=\"https:\/\/www.infomoney.com.br\/wp-content\/uploads\/2023\/06\/stf-justica.jpg?fit=300%2C179&amp;quality=70&amp;strip=all\" class=\"attachment-medium size-medium wp-post-image\" alt=\"\" data-attachment-id=\"2173041\" data-permalink=\"https:\/\/www.infomoney.com.br\/consumo\/trabalhadores-da-gm-aprovam-layoff-em-sao-jose-dos-campos-vw-paralisa-producao-em-fabricas\/attachment\/fachada-do-edificio-sede-do-supremo-tribunal-federal-stf\/\" data-orig-file=\"https:\/\/www.infomoney.com.br\/wp-content\/uploads\/2023\/06\/stf-justica.jpg?fit=1170%2C700&amp;quality=70&amp;strip=all\" data-orig-size=\"1170,700\" data-comments-opened=\"0\" data-image-meta='{\"aperture\":\"4\",\"credit\":\"Marcello Casal JrAg\\u00eancia Brasil\",\"camera\":\"NIKON D4\",\"caption\":\"Fachada do edif\\u00edcio sede do Supremo Tribunal Federal - STF\",\"created_timestamp\":\"1597835070\",\"copyright\":\"Agencia Brasil-EBC\",\"focal_length\":\"600\",\"iso\":\"250\",\"shutter_speed\":\"0.00015625\",\"title\":\"Fachada do edif\\u00edcio sede do Supremo Tribunal Federal - STF\",\"orientation\":\"1\"}' data-image-title=\"Est\u00e1tua da Justi\u00e7a em frente ao STF\" data-image-description=\"\" data-image-caption=\"&lt;p&gt;Est\u00e1tua \u201cA Justi\u00e7a\u201d, escultura de Alfredo Ceschiatti em frente ao edif\u00edcio-sede do Supremo Tribunal Federal (STF) em Bras\u00edlia (Foto: Marcello Casal Jr.\/Ag\u00eancia Brasil)&lt;\/p&gt;\n\" data-medium-file=\"https:\/\/www.infomoney.com.br\/wp-content\/uploads\/2023\/06\/stf-justica.jpg?fit=300%2C179&amp;quality=70&amp;strip=all\" data-large-file=\"https:\/\/www.infomoney.com.br\/wp-content\/uploads\/2023\/06\/stf-justica.jpg?fit=1170%2C700&amp;quality=70&amp;strip=all\">Dispositivo permitiu que o governo federal limitasse o pagamento dos precat\u00f3rios aos termos do teto de gastos at\u00e9 2027<\/p>\n<p>The post <a rel=\"nofollow\" href=\"https:\/\/www.infomoney.com.br\/politica\/governo-pede-ao-supremo-que-declare-inconstitucional-pec-que-mudou-regra-de-pagamento-dos-precatorios\/\">Governo pede ao Supremo que declare inconstitucional PEC que mudou regra de pagamento dos precat\u00f3rios<\/a> appeared first on <a rel=\"nofollow\" href=\"https:\/\/www.infomoney.com.br\/\">InfoMoney<\/a>.<\/p>\n","protected":false},"author":52,"featured_media":0,"comment_status":"closed","ping_status":"closed","sticky":false,"template":"","format":"standard","meta":{"advgb_blocks_editor_width":"","advgb_blocks_columns_visual_guide":"","footnotes":""},"categories":[359,559,34,135,129,130,47,826,449],"tags":[35],"class_list":["post-35974","post","type-post","status-publish","format-standard","hentry","category-congresso-nacional","category-contas-publicas","category-g1","category-jair-bolsonaro","category-luiz-inacio-lula-da-silva","category-ministerio-da-fazenda","category-politica","category-precatorios","category-stf","tag-g1"],"author_meta":{"display_name":"Marcos Mortari","author_link":"https:\/\/sindaopcpb.org.br\/author\/marcos-mortari\/"},"featured_img":null,"coauthors":[],"tax_additional":{"categories":{"linked":["<a href=\"https:\/\/sindaopcpb.org.br\/congresso-nacional\/\" class=\"advgb-post-tax-term\">Congresso Nacional<\/a>","<a href=\"https:\/\/sindaopcpb.org.br\/contas-publicas\/\" class=\"advgb-post-tax-term\">Contas P\u00fablicas<\/a>","<a href=\"https:\/\/sindaopcpb.org.br\/g1\/\" class=\"advgb-post-tax-term\">G1<\/a>","<a href=\"https:\/\/sindaopcpb.org.br\/jair-bolsonaro\/\" class=\"advgb-post-tax-term\">Jair Bolsonaro<\/a>","<a href=\"https:\/\/sindaopcpb.org.br\/luiz-inacio-lula-da-silva\/\" class=\"advgb-post-tax-term\">Luiz In\u00e1cio Lula da Silva<\/a>","<a href=\"https:\/\/sindaopcpb.org.br\/ministerio-da-fazenda\/\" class=\"advgb-post-tax-term\">Minist\u00e9rio da Fazenda<\/a>","<a href=\"https:\/\/sindaopcpb.org.br\/politica\/\" class=\"advgb-post-tax-term\">POLITICA<\/a>","<a href=\"https:\/\/sindaopcpb.org.br\/precatorios\/\" class=\"advgb-post-tax-term\">Precat\u00f3rios<\/a>","<a href=\"https:\/\/sindaopcpb.org.br\/stf\/\" class=\"advgb-post-tax-term\">STF<\/a>"],"unlinked":["<span class=\"advgb-post-tax-term\">Congresso Nacional<\/span>","<span class=\"advgb-post-tax-term\">Contas P\u00fablicas<\/span>","<span class=\"advgb-post-tax-term\">G1<\/span>","<span class=\"advgb-post-tax-term\">Jair Bolsonaro<\/span>","<span class=\"advgb-post-tax-term\">Luiz In\u00e1cio Lula da Silva<\/span>","<span class=\"advgb-post-tax-term\">Minist\u00e9rio da Fazenda<\/span>","<span class=\"advgb-post-tax-term\">POLITICA<\/span>","<span class=\"advgb-post-tax-term\">Precat\u00f3rios<\/span>","<span class=\"advgb-post-tax-term\">STF<\/span>"]},"tags":{"linked":["<a href=\"https:\/\/sindaopcpb.org.br\/stf\/\" class=\"advgb-post-tax-term\">g1<\/a>"],"unlinked":["<span class=\"advgb-post-tax-term\">g1<\/span>"]}},"comment_count":"0","relative_dates":{"created":"Publicado 3 anos atr\u00e1s","modified":"Atualizado 3 anos atr\u00e1s"},"absolute_dates":{"created":"Publicado em 25 de setembro de 2023","modified":"Atualizado em 25 de setembro de 2023"},"absolute_dates_time":{"created":"Publicado em 25 de setembro de 2023 19:56","modified":"Atualizado em 25 de setembro de 2023 19:56"},"featured_img_caption":"","series_order":"","_links":{"self":[{"href":"https:\/\/sindaopcpb.org.br\/index.php\/wp-json\/wp\/v2\/posts\/35974","targetHints":{"allow":["GET"]}}],"collection":[{"href":"https:\/\/sindaopcpb.org.br\/index.php\/wp-json\/wp\/v2\/posts"}],"about":[{"href":"https:\/\/sindaopcpb.org.br\/index.php\/wp-json\/wp\/v2\/types\/post"}],"author":[{"embeddable":true,"href":"https:\/\/sindaopcpb.org.br\/index.php\/wp-json\/wp\/v2\/users\/52"}],"replies":[{"embeddable":true,"href":"https:\/\/sindaopcpb.org.br\/index.php\/wp-json\/wp\/v2\/comments?post=35974"}],"version-history":[{"count":3,"href":"https:\/\/sindaopcpb.org.br\/index.php\/wp-json\/wp\/v2\/posts\/35974\/revisions"}],"predecessor-version":[{"id":36003,"href":"https:\/\/sindaopcpb.org.br\/index.php\/wp-json\/wp\/v2\/posts\/35974\/revisions\/36003"}],"wp:attachment":[{"href":"https:\/\/sindaopcpb.org.br\/index.php\/wp-json\/wp\/v2\/media?parent=35974"}],"wp:term":[{"taxonomy":"category","embeddable":true,"href":"https:\/\/sindaopcpb.org.br\/index.php\/wp-json\/wp\/v2\/categories?post=35974"},{"taxonomy":"post_tag","embeddable":true,"href":"https:\/\/sindaopcpb.org.br\/index.php\/wp-json\/wp\/v2\/tags?post=35974"}],"curies":[{"name":"wp","href":"https:\/\/api.w.org\/{rel}","templated":true}]}}