{"id":35959,"date":"2023-09-25T18:40:27","date_gmt":"2023-09-25T21:40:27","guid":{"rendered":"https:\/\/wpa.wscom.com.br\/?p=924530"},"modified":"2023-09-25T18:40:27","modified_gmt":"2023-09-25T21:40:27","slug":"morre-em-joao-pessoa-o-radialista-josemar-bernardo-o-bom-baiano","status":"publish","type":"post","link":"https:\/\/sindaopcpb.org.br\/index.php\/2023\/09\/25\/morre-em-joao-pessoa-o-radialista-josemar-bernardo-o-bom-baiano\/","title":{"rendered":"Morre em Jo\u00e3o Pessoa o radialista Josemar Bernardo, o \u201cBom Baiano\u201d"},"content":{"rendered":"<p><span data-contrast=\"none\">O radialista Josemar Bernado da Silva de 71 anos teve sua morte confirmada na tarde desta segunda-feira (26). Conhecido na imprensa como o \u201cBom Baiano\u201d o profissional j\u00e1 havia trabalhado em diversas emissores de r\u00e1dio de Jo\u00e3o Pessoa como Tabajara, CBN e Sanhau\u00e1. <\/span><span data-ccp-props=\"{&quot;134233117&quot;:false,&quot;134233118&quot;:false,&quot;201341983&quot;:0,&quot;335551550&quot;:1,&quot;335551620&quot;:1,&quot;335559685&quot;:0,&quot;335559737&quot;:0,&quot;335559738&quot;:0,&quot;335559739&quot;:160,&quot;335559740&quot;:259}\">\u00a0<\/span><\/p>\n<p><span data-contrast=\"none\">Josemar estava internado no Hospital General Edson Ramalho, em Jo\u00e3o Pessoa, a causa da sua morte n\u00e3o foi divulgada. O radialista era irm\u00e3o do jornalista Bernardo Filho [j\u00e1 falecido] e pai do radialista Luiz Cl\u00e1udio, al\u00e9m de outros cinco filhos. Al\u00e9m dos seis filhos, o Bom Baiano deixou vi\u00fava e netos.<\/span><span data-ccp-props=\"{&quot;134233117&quot;:false,&quot;134233118&quot;:false,&quot;201341983&quot;:0,&quot;335551550&quot;:1,&quot;335551620&quot;:1,&quot;335559685&quot;:0,&quot;335559737&quot;:0,&quot;335559738&quot;:0,&quot;335559739&quot;:160,&quot;335559740&quot;:259}\">\u00a0<\/span><\/p>\n<p><span data-contrast=\"none\">O corpo de Josemar ser\u00e1 velado a partir das 18h desta segunda-feira no\u00a0Cemit\u00e9rio Parque das Ac\u00e1cias, em Jo\u00e3o Pessoa. O sepultamento ocorrer\u00e1 no mesmo local, nesta ter\u00e7a-feira (26), \u00e0s 10h.<\/span><span data-ccp-props=\"{&quot;134233117&quot;:false,&quot;134233118&quot;:false,&quot;201341983&quot;:0,&quot;335551550&quot;:1,&quot;335551620&quot;:1,&quot;335559685&quot;:0,&quot;335559737&quot;:0,&quot;335559738&quot;:0,&quot;335559739&quot;:160,&quot;335559740&quot;:259}\">\u00a0<\/span><\/p>\n<p>O post <a rel=\"nofollow noopener\" href=\"https:\/\/wscom.com.br\/morre-em-joao-pessoa-o-radialista-josemar-bernardo-o-bom-baiano\/\" target=\"_blank\">Morre em Jo\u00e3o Pessoa o radialista Josemar Bernardo, o &#8220;Bom Baiano&#8221;<\/a> apareceu primeiro em <a rel=\"nofollow noopener\" href=\"https:\/\/wscom.com.br\/\" target=\"_blank\">WSCOM<\/a>.<\/p>\n","protected":false},"excerpt":{"rendered":"<p>O radialista Josemar Bernado da Silva de 71 anos teve sua morte confirmada na tarde desta segunda-feira (26). Conhecido na imprensa como o \u201cBom Baiano\u201d o profissional j\u00e1 havia trabalhado em diversas emissores de r\u00e1dio de Jo\u00e3o Pessoa como Tabajara, CBN e Sanhau\u00e1. \u00a0 Josemar estava internado no Hospital General Edson Ramalho, em Jo\u00e3o Pessoa, [\u2026]<\/p>\n<p>O post <a rel=\"nofollow\" href=\"https:\/\/wscom.com.br\/morre-em-joao-pessoa-o-radialista-josemar-bernardo-o-bom-baiano\/\">Morre em Jo\u00e3o Pessoa o radialista Josemar Bernardo, o \u201cBom Baiano\u201d<\/a> apareceu primeiro em <a rel=\"nofollow\" href=\"https:\/\/wscom.com.br\/\">WSCOM<\/a>.<\/p>\n","protected":false},"author":247,"featured_media":0,"comment_status":"closed","ping_status":"closed","sticky":false,"template":"","format":"standard","meta":{"advgb_blocks_editor_width":"","advgb_blocks_columns_visual_guide":"","footnotes":""},"categories":[9462,9463,34,1533,9464,1461,9465,107],"tags":[35],"class_list":["post-35959","post","type-post","status-publish","format-standard","hentry","category-bom-baiano","category-falecimento","category-g1","category-imprensa","category-josemar-bernardo","category-luto","category-radialista","category-sociedade","tag-g1"],"author_meta":{"display_name":"Anderson Costa","author_link":"https:\/\/sindaopcpb.org.br\/author\/anderson-costa\/"},"featured_img":null,"coauthors":[],"tax_additional":{"categories":{"linked":["<a href=\"https:\/\/sindaopcpb.org.br\/bom-baiano\/\" class=\"advgb-post-tax-term\">bom baiano<\/a>","<a href=\"https:\/\/sindaopcpb.org.br\/falecimento\/\" class=\"advgb-post-tax-term\">Falecimento<\/a>","<a href=\"https:\/\/sindaopcpb.org.br\/g1\/\" class=\"advgb-post-tax-term\">G1<\/a>","<a href=\"https:\/\/sindaopcpb.org.br\/imprensa\/\" class=\"advgb-post-tax-term\">imprensa<\/a>","<a href=\"https:\/\/sindaopcpb.org.br\/josemar-bernardo\/\" class=\"advgb-post-tax-term\">josemar bernardo<\/a>","<a href=\"https:\/\/sindaopcpb.org.br\/luto\/\" class=\"advgb-post-tax-term\">luto<\/a>","<a href=\"https:\/\/sindaopcpb.org.br\/radialista\/\" class=\"advgb-post-tax-term\">radialista<\/a>","<a href=\"https:\/\/sindaopcpb.org.br\/sociedade\/\" class=\"advgb-post-tax-term\">Sociedade<\/a>"],"unlinked":["<span class=\"advgb-post-tax-term\">bom baiano<\/span>","<span class=\"advgb-post-tax-term\">Falecimento<\/span>","<span class=\"advgb-post-tax-term\">G1<\/span>","<span class=\"advgb-post-tax-term\">imprensa<\/span>","<span class=\"advgb-post-tax-term\">josemar bernardo<\/span>","<span class=\"advgb-post-tax-term\">luto<\/span>","<span class=\"advgb-post-tax-term\">radialista<\/span>","<span class=\"advgb-post-tax-term\">Sociedade<\/span>"]},"tags":{"linked":["<a href=\"https:\/\/sindaopcpb.org.br\/sociedade\/\" class=\"advgb-post-tax-term\">g1<\/a>"],"unlinked":["<span class=\"advgb-post-tax-term\">g1<\/span>"]}},"comment_count":"0","relative_dates":{"created":"Publicado 3 anos atr\u00e1s","modified":"Atualizado 3 anos atr\u00e1s"},"absolute_dates":{"created":"Publicado em 25 de setembro de 2023","modified":"Atualizado em 25 de setembro de 2023"},"absolute_dates_time":{"created":"Publicado em 25 de setembro de 2023 18:40","modified":"Atualizado em 25 de setembro de 2023 18:40"},"featured_img_caption":"","series_order":"","_links":{"self":[{"href":"https:\/\/sindaopcpb.org.br\/index.php\/wp-json\/wp\/v2\/posts\/35959","targetHints":{"allow":["GET"]}}],"collection":[{"href":"https:\/\/sindaopcpb.org.br\/index.php\/wp-json\/wp\/v2\/posts"}],"about":[{"href":"https:\/\/sindaopcpb.org.br\/index.php\/wp-json\/wp\/v2\/types\/post"}],"author":[{"embeddable":true,"href":"https:\/\/sindaopcpb.org.br\/index.php\/wp-json\/wp\/v2\/users\/247"}],"replies":[{"embeddable":true,"href":"https:\/\/sindaopcpb.org.br\/index.php\/wp-json\/wp\/v2\/comments?post=35959"}],"version-history":[{"count":1,"href":"https:\/\/sindaopcpb.org.br\/index.php\/wp-json\/wp\/v2\/posts\/35959\/revisions"}],"predecessor-version":[{"id":35960,"href":"https:\/\/sindaopcpb.org.br\/index.php\/wp-json\/wp\/v2\/posts\/35959\/revisions\/35960"}],"wp:attachment":[{"href":"https:\/\/sindaopcpb.org.br\/index.php\/wp-json\/wp\/v2\/media?parent=35959"}],"wp:term":[{"taxonomy":"category","embeddable":true,"href":"https:\/\/sindaopcpb.org.br\/index.php\/wp-json\/wp\/v2\/categories?post=35959"},{"taxonomy":"post_tag","embeddable":true,"href":"https:\/\/sindaopcpb.org.br\/index.php\/wp-json\/wp\/v2\/tags?post=35959"}],"curies":[{"name":"wp","href":"https:\/\/api.w.org\/{rel}","templated":true}]}}