{"id":35942,"date":"2023-09-25T16:48:36","date_gmt":"2023-09-25T19:48:36","guid":{"rendered":"https:\/\/wpa.wscom.com.br\/?p=924506"},"modified":"2023-09-25T16:48:36","modified_gmt":"2023-09-25T19:48:36","slug":"policia-prende-primeiro-suspeito-de-assassinar-mulher-com-facadas-no-pescoco-em-picui","status":"publish","type":"post","link":"https:\/\/sindaopcpb.org.br\/index.php\/2023\/09\/25\/policia-prende-primeiro-suspeito-de-assassinar-mulher-com-facadas-no-pescoco-em-picui\/","title":{"rendered":"Pol\u00edcia prende primeiro suspeito de assassinar mulher com facadas no pesco\u00e7o em Picu\u00ed"},"content":{"rendered":"<p dir=\"ltr\">A Pol\u00edcia Civil da Para\u00edba j\u00e1 prendeu um dos suspeitos de ter assassinado Maria Anuska de Macedo Rocha, 45 anos, crime cometido na madrugada deste domingo, 24 de setembro, no munic\u00edpio de Picu\u00ed. A pris\u00e3o foi realizada por policiais do N\u00facleo de Homic\u00eddios da 13\u00aa Delegacia Seccional, sediada naquele munic\u00edpio.<\/p>\n<p dir=\"ltr\">As investiga\u00e7\u00f5es apontam para tr\u00eas envolvidos no crime, sendo um deles capturado ainda em flagrante, neste domingo. Anuska foi assassinada com v\u00e1rios golpes de faca, dentro de sua resid\u00eancia. O corpo dela foi encontrado pelo filho, adolescente, que solicitou ajuda de um vizinho para acionar o SAMU e a pol\u00edcia.<\/p>\n<p dir=\"ltr\">Conforme os primeiros levantamentos, os suspeitos e Maria Anuska estariam consumindo drogas na casa da v\u00edtima. Em determinado momento, ela foi atacada e morta. As motiva\u00e7\u00f5es do crime ainda est\u00e3o sendo investigadas pela Pol\u00edcia Civil.<\/p>\n<p>O post <a rel=\"nofollow noopener\" href=\"https:\/\/wscom.com.br\/policia-prende-primeiro-suspeito-de-assassinar-mulher-com-facadas-no-pescoco-em-picui\/\" target=\"_blank\">Pol\u00edcia prende primeiro suspeito de assassinar mulher com facadas no pesco\u00e7o em Picu\u00ed<\/a> apareceu primeiro em <a rel=\"nofollow noopener\" href=\"https:\/\/wscom.com.br\/\" target=\"_blank\">WSCOM<\/a>.<\/p>\n","protected":false},"excerpt":{"rendered":"<p>A Pol\u00edcia Civil da Para\u00edba j\u00e1 prendeu um dos suspeitos de ter assassinado Maria Anuska de Macedo Rocha, 45 anos, crime cometido na madrugada deste domingo, 24 de setembro, no munic\u00edpio de Picu\u00ed. A pris\u00e3o foi realizada por policiais do N\u00facleo de Homic\u00eddios da 13\u00aa Delegacia Seccional, sediada naquele munic\u00edpio. As investiga\u00e7\u00f5es apontam para tr\u00eas [\u2026]<\/p>\n<p>O post <a rel=\"nofollow\" href=\"https:\/\/wscom.com.br\/policia-prende-primeiro-suspeito-de-assassinar-mulher-com-facadas-no-pescoco-em-picui\/\">Pol\u00edcia prende primeiro suspeito de assassinar mulher com facadas no pesco\u00e7o em Picu\u00ed<\/a> apareceu primeiro em <a rel=\"nofollow\" href=\"https:\/\/wscom.com.br\/\">WSCOM<\/a>.<\/p>\n","protected":false},"author":247,"featured_media":0,"comment_status":"closed","ping_status":"closed","sticky":false,"template":"","format":"standard","meta":{"advgb_blocks_editor_width":"","advgb_blocks_columns_visual_guide":"","footnotes":""},"categories":[640,34,5205,66,688,482],"tags":[35],"class_list":["post-35942","post","type-post","status-publish","format-standard","hentry","category-crime","category-g1","category-picui","category-policial","category-prisao","category-suspeito","tag-g1"],"author_meta":{"display_name":"Anderson Costa","author_link":"https:\/\/sindaopcpb.org.br\/author\/anderson-costa\/"},"featured_img":null,"coauthors":[],"tax_additional":{"categories":{"linked":["<a href=\"https:\/\/sindaopcpb.org.br\/crime\/\" class=\"advgb-post-tax-term\">crime<\/a>","<a href=\"https:\/\/sindaopcpb.org.br\/g1\/\" class=\"advgb-post-tax-term\">G1<\/a>","<a href=\"https:\/\/sindaopcpb.org.br\/picui\/\" class=\"advgb-post-tax-term\">Picu\u00ed<\/a>","<a href=\"https:\/\/sindaopcpb.org.br\/policial\/\" class=\"advgb-post-tax-term\">Policial<\/a>","<a href=\"https:\/\/sindaopcpb.org.br\/prisao\/\" class=\"advgb-post-tax-term\">pris\u00e3o<\/a>","<a href=\"https:\/\/sindaopcpb.org.br\/suspeito\/\" class=\"advgb-post-tax-term\">Suspeito<\/a>"],"unlinked":["<span class=\"advgb-post-tax-term\">crime<\/span>","<span class=\"advgb-post-tax-term\">G1<\/span>","<span class=\"advgb-post-tax-term\">Picu\u00ed<\/span>","<span class=\"advgb-post-tax-term\">Policial<\/span>","<span class=\"advgb-post-tax-term\">pris\u00e3o<\/span>","<span class=\"advgb-post-tax-term\">Suspeito<\/span>"]},"tags":{"linked":["<a href=\"https:\/\/sindaopcpb.org.br\/suspeito\/\" class=\"advgb-post-tax-term\">g1<\/a>"],"unlinked":["<span class=\"advgb-post-tax-term\">g1<\/span>"]}},"comment_count":"0","relative_dates":{"created":"Publicado 3 anos atr\u00e1s","modified":"Atualizado 3 anos atr\u00e1s"},"absolute_dates":{"created":"Publicado em 25 de setembro de 2023","modified":"Atualizado em 25 de setembro de 2023"},"absolute_dates_time":{"created":"Publicado em 25 de setembro de 2023 16:48","modified":"Atualizado em 25 de setembro de 2023 16:48"},"featured_img_caption":"","series_order":"","_links":{"self":[{"href":"https:\/\/sindaopcpb.org.br\/index.php\/wp-json\/wp\/v2\/posts\/35942","targetHints":{"allow":["GET"]}}],"collection":[{"href":"https:\/\/sindaopcpb.org.br\/index.php\/wp-json\/wp\/v2\/posts"}],"about":[{"href":"https:\/\/sindaopcpb.org.br\/index.php\/wp-json\/wp\/v2\/types\/post"}],"author":[{"embeddable":true,"href":"https:\/\/sindaopcpb.org.br\/index.php\/wp-json\/wp\/v2\/users\/247"}],"replies":[{"embeddable":true,"href":"https:\/\/sindaopcpb.org.br\/index.php\/wp-json\/wp\/v2\/comments?post=35942"}],"version-history":[{"count":1,"href":"https:\/\/sindaopcpb.org.br\/index.php\/wp-json\/wp\/v2\/posts\/35942\/revisions"}],"predecessor-version":[{"id":35943,"href":"https:\/\/sindaopcpb.org.br\/index.php\/wp-json\/wp\/v2\/posts\/35942\/revisions\/35943"}],"wp:attachment":[{"href":"https:\/\/sindaopcpb.org.br\/index.php\/wp-json\/wp\/v2\/media?parent=35942"}],"wp:term":[{"taxonomy":"category","embeddable":true,"href":"https:\/\/sindaopcpb.org.br\/index.php\/wp-json\/wp\/v2\/categories?post=35942"},{"taxonomy":"post_tag","embeddable":true,"href":"https:\/\/sindaopcpb.org.br\/index.php\/wp-json\/wp\/v2\/tags?post=35942"}],"curies":[{"name":"wp","href":"https:\/\/api.w.org\/{rel}","templated":true}]}}