{"id":35914,"date":"2023-09-25T16:12:05","date_gmt":"2023-09-25T19:12:05","guid":{"rendered":"https:\/\/wpa.wscom.com.br\/?p=924503"},"modified":"2023-09-25T16:12:05","modified_gmt":"2023-09-25T19:12:05","slug":"consorcio-nordeste-e-banco-mundial-firmam-parcerias-para-desenvolvimento-tecnologico-e-de-infraestrutura-hidrica","status":"publish","type":"post","link":"https:\/\/sindaopcpb.org.br\/index.php\/2023\/09\/25\/consorcio-nordeste-e-banco-mundial-firmam-parcerias-para-desenvolvimento-tecnologico-e-de-infraestrutura-hidrica\/","title":{"rendered":"Cons\u00f3rcio Nordeste e Banco Mundial firmam parcerias para desenvolvimento tecnol\u00f3gico e de infraestrutura h\u00eddrica"},"content":{"rendered":"<p>O Cons\u00f3rcio Interestadual de Desenvolvimento Sustent\u00e1vel do Nordeste (Cons\u00f3rcio Nordeste) e o Banco Mundial assinaram, nesta segunda-feira (25), memorando de entendimento para o desenvolvimento de projetos voltados \u00e0 energia limpa, \u00e1gua e saneamento, meio ambiente e conectividade. O documento foi assinado pelo presidente do Cons\u00f3rcio Nordeste e governador da Para\u00edba, Jo\u00e3o Azev\u00eado, e pelo diretor do Banco Mundial para o Brasil, Johannes Zutt, no escrit\u00f3rio da entidade, em Bras\u00edlia.<\/p>\n<p>Dentre os eixos de atua\u00e7\u00e3o estabelecidos no memorando est\u00e3o a realiza\u00e7\u00e3o de projetos relacionados ao uso de hidrog\u00eanio de baixo teor de carbono, \u00e0 distribui\u00e7\u00e3o de energia solar que permita o envolvimento de comunidades, bem como o desenvolvimento de a\u00e7\u00f5es relacionadas \u00e0 \u00e1gua e saneamento. Tamb\u00e9m est\u00e3o previstos o planejamento de atividades relacionadas \u00e0 preserva\u00e7\u00e3o do bioma da caatinga e o interc\u00e2mbio de experi\u00eancias, conhecimento e financiamento da infraestrutura p\u00fablica digital para a expans\u00e3o da conectividade, de plataformas digitais, boas pr\u00e1ticas de ciberseguran\u00e7a e habilidades digitais.<\/p>\n<p>Para a execu\u00e7\u00e3o dos projetos, o termo de coopera\u00e7\u00e3o prev\u00ea a realiza\u00e7\u00e3o workshops, confer\u00eancias e semin\u00e1rios de treinamento; articula\u00e7\u00e3o com outras entidades engajadas em atividades similares; avalia\u00e7\u00e3o permanente do trabalho conjunto; e compartilhamento de conhecimento e ideias.<\/p>\n<p>Na ocasi\u00e3o, o presidente do Cons\u00f3rcio Nordeste, Jo\u00e3o Azev\u00eado, destacou o protagonismo da regi\u00e3o na gera\u00e7\u00e3o de energias renov\u00e1veis e a import\u00e2ncia do memorando para contribuir com o desenvolvimento dos estados. \u201cO Nordeste ser\u00e1 o grande produtor de hidrog\u00eanio verde do mundo e \u00e9 preciso que isso aconte\u00e7a de forma harm\u00f4nica, regulamentada e esse memorando que assinamos hoje vai permitir que o Banco Mundial coloque sua expertise \u00e0 disposi\u00e7\u00e3o do Cons\u00f3rcio Nordeste e a troca de experi\u00eancias entre os estados far\u00e1 com que tenhamos as condi\u00e7\u00f5es de estabelecer um caminho seguro e sustent\u00e1vel para gerarmos riqueza com inclus\u00e3o social\u201d, frisou.<\/p>\n<p>O diretor do Banco Mundial para o Brasil, Johannes Zutt, afirmou que o memorando assinado hoje tem o objetivo de contribuir com o aumento do n\u00edvel de desenvolvimento e produtividade dos estados nordestinos. \u201cEste memorando que assinamos hoje reflete nosso firme compromisso de cooperar com o desenvolvimento sustent\u00e1vel dos estados do Nordeste brasileiro em quatro \u00e1reas-chave: transi\u00e7\u00e3o energ\u00e9tica, principalmente o desenvolvimento de hidrog\u00eanio verde e gera\u00e7\u00e3o e\u00f3lica offshore; engajamento comunit\u00e1rio; preserva\u00e7\u00e3o da Caatinga; e desenvolvimento digital. O Brasil tem um grande potencial para se tornar l\u00edder global na transi\u00e7\u00e3o energ\u00e9tica e a regi\u00e3o Nordeste pode ser a l\u00edder desse processo no Brasil e vamos compartilhar nossas experi\u00eancias com os estados\u201d, sustentou.<\/p>\n<p>O ministro das Minas e Energia, Alexandre Silveira, afirmou que o governo do presidente Lula trabalha para promover uma transi\u00e7\u00e3o energ\u00e9tica justa e inclusiva. \u201cN\u00f3s vamos dar exemplo para o mundo na contribui\u00e7\u00e3o da descarboniza\u00e7\u00e3o. Nesse processo de transi\u00e7\u00e3o energ\u00e9tica, precisamos criar as oportunidades de gera\u00e7\u00e3o de uma nova economia e de empregos e o Nordeste \u00e9 o grande vanguardista e o protagonista\u201d, comentou.<\/p>\n<p>Tamb\u00e9m participaram da solenidade de assinatura do memorando as governadoras F\u00e1tima Bezerra (Rio Grande do Norte) e Raquel Lyra (Pernambuco) e os governadores Rafael Fonteles (Piau\u00ed), Carlos Brand\u00e3o (Maranh\u00e3o), Elmano de Freitas (Cear\u00e1), Jer\u00f4nimo Rodrigues (Bahia), Paulo Dantas (Alagoas) e F\u00e1bio Mitidiere (Sergipe); al\u00e9m do secret\u00e1rio especial de Assuntos Federativos da Secretaria das Rela\u00e7\u00f5es Institucionais, Andr\u00e9 Ceciliano; Rodrigo Almeida (gerente Norte\/Nordeste do Departamento de Estrat\u00e9gia Social e Territorial da \u00c1rea de Desenvolvimento Social e Gest\u00e3o P\u00fablica do BNDES); e Thiago Barral (secret\u00e1rio de Planejamento e Transi\u00e7\u00e3o Energ\u00e9tica do Minist\u00e9rio das Minas e Energia.<\/p>\n<p>O post <a rel=\"nofollow noopener\" href=\"https:\/\/wscom.com.br\/consorcio-nordeste-e-banco-mundial-firmam-parcerias-para-desenvolvimento-tecnologico-e-de-infraestrutura-hidrica\/\" target=\"_blank\">Cons\u00f3rcio Nordeste e Banco Mundial firmam parcerias para desenvolvimento tecnol\u00f3gico e de infraestrutura h\u00eddrica<\/a> apareceu primeiro em <a rel=\"nofollow noopener\" href=\"https:\/\/wscom.com.br\/\" target=\"_blank\">WSCOM<\/a>.<\/p>\n","protected":false},"excerpt":{"rendered":"<p>O Cons\u00f3rcio Interestadual de Desenvolvimento Sustent\u00e1vel do Nordeste (Cons\u00f3rcio Nordeste) e o Banco Mundial assinaram, nesta segunda-feira (25), memorando de entendimento para o desenvolvimento de projetos voltados \u00e0 energia limpa, \u00e1gua e saneamento, meio ambiente e conectividade. O documento foi assinado pelo presidente do Cons\u00f3rcio Nordeste e governador da Para\u00edba, Jo\u00e3o Azev\u00eado, e pelo diretor [\u2026]<\/p>\n<p>O post <a rel=\"nofollow\" href=\"https:\/\/wscom.com.br\/consorcio-nordeste-e-banco-mundial-firmam-parcerias-para-desenvolvimento-tecnologico-e-de-infraestrutura-hidrica\/\">Cons\u00f3rcio Nordeste e Banco Mundial firmam parcerias para desenvolvimento tecnol\u00f3gico e de infraestrutura h\u00eddrica<\/a> apareceu primeiro em <a rel=\"nofollow\" href=\"https:\/\/wscom.com.br\/\">WSCOM<\/a>.<\/p>\n","protected":false},"author":247,"featured_media":0,"comment_status":"closed","ping_status":"closed","sticky":false,"template":"","format":"standard","meta":{"advgb_blocks_editor_width":"","advgb_blocks_columns_visual_guide":"","footnotes":""},"categories":[3953,140,34,398,47],"tags":[35],"class_list":["post-35914","post","type-post","status-publish","format-standard","hentry","category-banco-do-nordeste","category-desenvolvimento","category-g1","category-parceria","category-politica","tag-g1"],"author_meta":{"display_name":"Anderson Costa","author_link":"https:\/\/sindaopcpb.org.br\/author\/anderson-costa\/"},"featured_img":null,"coauthors":[],"tax_additional":{"categories":{"linked":["<a href=\"https:\/\/sindaopcpb.org.br\/banco-do-nordeste\/\" class=\"advgb-post-tax-term\">banco do nordeste<\/a>","<a href=\"https:\/\/sindaopcpb.org.br\/desenvolvimento\/\" class=\"advgb-post-tax-term\">Desenvolvimento<\/a>","<a href=\"https:\/\/sindaopcpb.org.br\/g1\/\" class=\"advgb-post-tax-term\">G1<\/a>","<a href=\"https:\/\/sindaopcpb.org.br\/parceria\/\" class=\"advgb-post-tax-term\">PARCERIA<\/a>","<a href=\"https:\/\/sindaopcpb.org.br\/politica\/\" class=\"advgb-post-tax-term\">POLITICA<\/a>"],"unlinked":["<span class=\"advgb-post-tax-term\">banco do nordeste<\/span>","<span class=\"advgb-post-tax-term\">Desenvolvimento<\/span>","<span class=\"advgb-post-tax-term\">G1<\/span>","<span class=\"advgb-post-tax-term\">PARCERIA<\/span>","<span class=\"advgb-post-tax-term\">POLITICA<\/span>"]},"tags":{"linked":["<a href=\"https:\/\/sindaopcpb.org.br\/politica\/\" class=\"advgb-post-tax-term\">g1<\/a>"],"unlinked":["<span class=\"advgb-post-tax-term\">g1<\/span>"]}},"comment_count":"0","relative_dates":{"created":"Publicado 3 anos atr\u00e1s","modified":"Atualizado 3 anos atr\u00e1s"},"absolute_dates":{"created":"Publicado em 25 de setembro de 2023","modified":"Atualizado em 25 de setembro de 2023"},"absolute_dates_time":{"created":"Publicado em 25 de setembro de 2023 16:12","modified":"Atualizado em 25 de setembro de 2023 16:12"},"featured_img_caption":"","series_order":"","_links":{"self":[{"href":"https:\/\/sindaopcpb.org.br\/index.php\/wp-json\/wp\/v2\/posts\/35914","targetHints":{"allow":["GET"]}}],"collection":[{"href":"https:\/\/sindaopcpb.org.br\/index.php\/wp-json\/wp\/v2\/posts"}],"about":[{"href":"https:\/\/sindaopcpb.org.br\/index.php\/wp-json\/wp\/v2\/types\/post"}],"author":[{"embeddable":true,"href":"https:\/\/sindaopcpb.org.br\/index.php\/wp-json\/wp\/v2\/users\/247"}],"replies":[{"embeddable":true,"href":"https:\/\/sindaopcpb.org.br\/index.php\/wp-json\/wp\/v2\/comments?post=35914"}],"version-history":[{"count":1,"href":"https:\/\/sindaopcpb.org.br\/index.php\/wp-json\/wp\/v2\/posts\/35914\/revisions"}],"predecessor-version":[{"id":35915,"href":"https:\/\/sindaopcpb.org.br\/index.php\/wp-json\/wp\/v2\/posts\/35914\/revisions\/35915"}],"wp:attachment":[{"href":"https:\/\/sindaopcpb.org.br\/index.php\/wp-json\/wp\/v2\/media?parent=35914"}],"wp:term":[{"taxonomy":"category","embeddable":true,"href":"https:\/\/sindaopcpb.org.br\/index.php\/wp-json\/wp\/v2\/categories?post=35914"},{"taxonomy":"post_tag","embeddable":true,"href":"https:\/\/sindaopcpb.org.br\/index.php\/wp-json\/wp\/v2\/tags?post=35914"}],"curies":[{"name":"wp","href":"https:\/\/api.w.org\/{rel}","templated":true}]}}