{"id":35899,"date":"2023-09-25T16:13:01","date_gmt":"2023-09-25T19:13:01","guid":{"rendered":"https:\/\/www.infomoney.com.br\/?p=2251389"},"modified":"2023-09-25T16:13:01","modified_gmt":"2023-09-25T19:13:01","slug":"conselho-de-etica-se-reune-para-avaliar-dez-pareceres-de-relatores","status":"publish","type":"post","link":"https:\/\/sindaopcpb.org.br\/index.php\/2023\/09\/25\/conselho-de-etica-se-reune-para-avaliar-dez-pareceres-de-relatores\/","title":{"rendered":"Conselho de \u00c9tica se re\u00fane para avaliar dez pareceres de relatores"},"content":{"rendered":"<p><img loading=\"lazy\" width=\"300\" height=\"199\" src=\"https:\/\/www.infomoney.com.br\/wp-content\/uploads\/2023\/04\/fachada-senado_Foto-Leonardo-Sa-Agencia-Senado.jpg?fit=300%2C199&amp;quality=70&amp;strip=all\" class=\"attachment-medium size-medium wp-post-image\" alt=\"\" decoding=\"async\" style=\"float:right; margin:0 0 10px 10px;\" srcset=\"https:\/\/www.infomoney.com.br\/wp-content\/uploads\/2023\/04\/fachada-senado_Foto-Leonardo-Sa-Agencia-Senado.jpg?w=2047&amp;quality=70&amp;strip=all 2047w, https:\/\/www.infomoney.com.br\/wp-content\/uploads\/2023\/04\/fachada-senado_Foto-Leonardo-Sa-Agencia-Senado.jpg?w=300&amp;quality=70&amp;strip=all 300w, https:\/\/www.infomoney.com.br\/wp-content\/uploads\/2023\/04\/fachada-senado_Foto-Leonardo-Sa-Agencia-Senado.jpg?w=768&amp;quality=70&amp;strip=all 768w, https:\/\/www.infomoney.com.br\/wp-content\/uploads\/2023\/04\/fachada-senado_Foto-Leonardo-Sa-Agencia-Senado.jpg?w=1280&amp;quality=70&amp;strip=all 1280w, https:\/\/www.infomoney.com.br\/wp-content\/uploads\/2023\/04\/fachada-senado_Foto-Leonardo-Sa-Agencia-Senado.jpg?w=1536&amp;quality=70&amp;strip=all 1536w, https:\/\/www.infomoney.com.br\/wp-content\/uploads\/2023\/04\/fachada-senado_Foto-Leonardo-Sa-Agencia-Senado.jpg?w=150&amp;quality=70&amp;strip=all 150w\" sizes=\"auto, (max-width: 300px) 100vw, 300px\" data-attachment-id=\"2107631\" data-permalink=\"https:\/\/www.infomoney.com.br\/minhas-financas\/desarquivada-no-senado-proposta-com-novas-regras-para-o-seguro-e-criticada-por-representantes-do-setor\/attachment\/fachada-senado_foto-leonardo-sa-agencia-senado\/\" data-orig-file=\"https:\/\/www.infomoney.com.br\/wp-content\/uploads\/2023\/04\/fachada-senado_Foto-Leonardo-Sa-Agencia-Senado.jpg?fit=2047%2C1357&amp;quality=70&amp;strip=all\" data-orig-size=\"2047,1357\" data-comments-opened=\"0\" data-image-meta=\"{&quot;aperture&quot;:&quot;0&quot;,&quot;credit&quot;:&quot;Leonardo S\\u00e1\\\/Ag\\u00eancia Senado&quot;,&quot;camera&quot;:&quot;&quot;,&quot;caption&quot;:&quot;&quot;,&quot;created_timestamp&quot;:&quot;0&quot;,&quot;copyright&quot;:&quot;Senado Federal do Brasil&quot;,&quot;focal_length&quot;:&quot;0&quot;,&quot;iso&quot;:&quot;0&quot;,&quot;shutter_speed&quot;:&quot;0&quot;,&quot;title&quot;:&quot;&quot;,&quot;orientation&quot;:&quot;0&quot;}\" data-image-title=\"Fachada do Congresso (Foto: Leonardo S\u00e1\/Ag\u00eancia Senado)\" data-image-description=\"\" data-image-caption=\"\" data-medium-file=\"https:\/\/www.infomoney.com.br\/wp-content\/uploads\/2023\/04\/fachada-senado_Foto-Leonardo-Sa-Agencia-Senado.jpg?fit=300%2C199&amp;quality=70&amp;strip=all\" data-large-file=\"https:\/\/www.infomoney.com.br\/wp-content\/uploads\/2023\/04\/fachada-senado_Foto-Leonardo-Sa-Agencia-Senado.jpg?fit=1280%2C849&amp;quality=70&amp;strip=all\" title=\"\"><\/p>\n<p>O <span class=\"termoGlossario\">Conselho de &Eacute;tica e Decoro Parlamentar<\/span>&nbsp;da C&acirc;mara dos Deputados&nbsp;vai se reunir na quarta-feira (27) para analisar dez pareceres:<\/p>\n<ul>\n<li>do deputado Ricardo Maia (MDB-BA) contra o deputado M&aacute;rcio Jerry (PCdoB-MA)<\/li>\n<li>do deputado Paulo Magalh&atilde;es (PSD-BA) contra a deputada C&eacute;lia Xakriab&aacute; (PSOL-MG)<\/li>\n<li>do deputado Gutemberg Reis (MDB-RJ) contra a deputada S&acirc;mia Bomfim (PSOL-SP)<\/li>\n<li>do deputado Alex Manente (Cidadania-SP) contra a deputada Fernanda Melchionna (PSOL-RS)<\/li>\n<li>do deputado Bruno Ganem (Podemos-SP) contra o deputado Marcon (PT-RS)<\/li>\n<li>do deputado Albuquerque (Republicanos-RR) contra o deputado Glauber Braga (PSOL-RJ)<\/li>\n<li>do deputado M&aacute;rio Heringer (PDT-MG) contra o deputado Abilio Brunini (PL-MT)<\/li>\n<li>do deputado Gutemberg Reis (MDB-RJ) contra o deputado Andr&eacute; Fernandes (PL-CE)<\/li>\n<li>do deputado Gabriel Mota (Republicanos-RR) contra o deputado Ricardo Salles (PL-SP)<\/li>\n<li>do deputado Ac&aacute;cio Favacho (MDB-AP) contra a deputada S&acirc;mia Bomfim (PSOL-SP).<\/li>\n<\/ul>\n<p>A reuni&atilde;o est&aacute; marcada para as 11h,&nbsp; em local que ainda ser&aacute; definido.<\/p>\n<\/p>\n<div class=\"cta-end\">\n<div class=\"im-cta\" >\n<div class=\"im-shortcode-forms bg-light bg-opacity-25 border rounded-4 p-3 p-sm-4 p-md-3 p-lg-4 px-xxl-5 my-5\" data-configuration='{\"form_name\":false,\"form_hat\":\"Newsletter\",\"form_email\":true,\"form_icon\":\"newsletter\",\"form_phone\":false,\"form_campaign\":\"NIM\",\"form_thankyou\":\"\",\"form_journey\":\"APIEvent-26a5198d-8e09-06ef-5f80-cd9127757ad1\",\"form_button\":\"Quero receber\",\"form_context\":\"newsletter\",\"form_origin\":\"https:\\\/\\\/www.infomoney.com.br\\\/politica\\\/feed\\\/?utm_medium=materia&#038;utm_source=infomoney&#038;utm_campaign=NIM&#038;utm_term=politica&#038;utm_content=newsletter\",\"form_position\":\"final\",\"form_category\":\"cta_form\"}'>\n<div class=\"d-flex flex-column align-items-center align-items-lg-start mb-4 flex-lg-row\">\n<div class=\"rounded-circle mb-2 mb-lg-0 mr-lg-4 me-lg-4 p-3 p-lg-4 bg-blue-400\"><svg width=\"40\" height=\"40\" viewBox=\"0 0 40 40\" fill=\"none\" xmlns=\"http:\/\/www.w3.org\/2000\/svg\"><path d=\"M20 20.25 6.042 11.042v19.041c0 .167.048.299.146.396a.535.535 0 0 0 .395.146h15.792V32.5H6.583a2.328 2.328 0 0 1-1.708-.708 2.328 2.328 0 0 1-.708-1.709V9.917c0-.667.236-1.236.708-1.709A2.328 2.328 0 0 1 6.583 7.5h26.834c.666 0 1.236.236 1.708.708a2.33 2.33 0 0 1 .708 1.709v12.458h-1.875V11.042L20 20.25Zm0-2 13.667-8.875H6.333L20 18.25Zm11.75 18.958-1.292-1.333 3.334-3.375h-9v-1.875h9l-3.375-3.417 1.333-1.291 5.667 5.625-5.667 5.666ZM6.042 11.042v20.791-9.458.25-13.25 1.667Z\" fill=\"#fff\"\/><\/svg><\/div>\n<div class=\"flex-fill text-center text-lg-left\">\n<div class=\"h6 small text-orange-700 lh-base mb-1\">Newsletter<\/div>\n<div class=\"text-body h4 m-0\">Infomorning<\/div>\n<div class=\"text-body small lh-base mt-2\">Receba no seu e-mail logo pela manh&atilde; as not&iacute;cias que v&atilde;o mexer com os mercados, com os seus investimentos e o seu bolso durante o dia<\/div>\n<\/div>\n<\/div>\n<\/div>\n<\/div>\n<\/div>\n<p>The post <a rel=\"nofollow noopener\" href=\"https:\/\/www.infomoney.com.br\/politica\/conselho-de-etica-se-reune-para-avaliar-dez-pareceres-de-relatores\/\" target=\"_blank\">Conselho de \u00c9tica se re\u00fane para avaliar dez pareceres de relatores<\/a> appeared first on <a rel=\"nofollow noopener\" href=\"https:\/\/www.infomoney.com.br\/\" target=\"_blank\">InfoMoney<\/a>.<\/p>\n","protected":false},"excerpt":{"rendered":"<p><img loading=\"lazy\" decoding=\"async\" width=\"300\" height=\"199\" src=\"https:\/\/www.infomoney.com.br\/wp-content\/uploads\/2023\/04\/fachada-senado_Foto-Leonardo-Sa-Agencia-Senado.jpg?fit=300%2C199&amp;quality=70&amp;strip=all\" class=\"attachment-medium size-medium wp-post-image\" alt=\"\" data-attachment-id=\"2107631\" data-permalink=\"https:\/\/www.infomoney.com.br\/minhas-financas\/desarquivada-no-senado-proposta-com-novas-regras-para-o-seguro-e-criticada-por-representantes-do-setor\/attachment\/fachada-senado_foto-leonardo-sa-agencia-senado\/\" data-orig-file=\"https:\/\/www.infomoney.com.br\/wp-content\/uploads\/2023\/04\/fachada-senado_Foto-Leonardo-Sa-Agencia-Senado.jpg?fit=2047%2C1357&amp;quality=70&amp;strip=all\" data-orig-size=\"2047,1357\" data-comments-opened=\"0\" data-image-meta='{\"aperture\":\"0\",\"credit\":\"Leonardo S\\u00e1\\\/Ag\\u00eancia Senado\",\"camera\":\"\",\"caption\":\"\",\"created_timestamp\":\"0\",\"copyright\":\"Senado Federal do Brasil\",\"focal_length\":\"0\",\"iso\":\"0\",\"shutter_speed\":\"0\",\"title\":\"\",\"orientation\":\"0\"}' data-image-title=\"Fachada do Congresso (Foto: Leonardo S\u00e1\/Ag\u00eancia Senado)\" data-image-description=\"\" data-image-caption=\"\" data-medium-file=\"https:\/\/www.infomoney.com.br\/wp-content\/uploads\/2023\/04\/fachada-senado_Foto-Leonardo-Sa-Agencia-Senado.jpg?fit=300%2C199&amp;quality=70&amp;strip=all\" data-large-file=\"https:\/\/www.infomoney.com.br\/wp-content\/uploads\/2023\/04\/fachada-senado_Foto-Leonardo-Sa-Agencia-Senado.jpg?fit=1280%2C849&amp;quality=70&amp;strip=all\">Reuni\u00e3o ser\u00e1 na quarta-feira, a partir das 11h, em local que ainda ser\u00e1 definido<\/p>\n<p>The post <a rel=\"nofollow\" href=\"https:\/\/www.infomoney.com.br\/politica\/conselho-de-etica-se-reune-para-avaliar-dez-pareceres-de-relatores\/\">Conselho de \u00c9tica se re\u00fane para avaliar dez pareceres de relatores<\/a> appeared first on <a rel=\"nofollow\" href=\"https:\/\/www.infomoney.com.br\/\">InfoMoney<\/a>.<\/p>\n","protected":false},"author":47,"featured_media":0,"comment_status":"closed","ping_status":"closed","sticky":false,"template":"","format":"standard","meta":{"advgb_blocks_editor_width":"","advgb_blocks_columns_visual_guide":"","footnotes":""},"categories":[276,359,34,513,47],"tags":[35],"class_list":["post-35899","post","type-post","status-publish","format-standard","hentry","category-camara-dos-deputados","category-congresso-nacional","category-g1","category-poder-legislativo","category-politica","tag-g1"],"author_meta":{"display_name":"luispereira","author_link":"https:\/\/sindaopcpb.org.br\/author\/luispereira\/"},"featured_img":null,"coauthors":[],"tax_additional":{"categories":{"linked":["<a href=\"https:\/\/sindaopcpb.org.br\/camara-dos-deputados\/\" class=\"advgb-post-tax-term\">C\u00e2mara dos Deputados<\/a>","<a href=\"https:\/\/sindaopcpb.org.br\/congresso-nacional\/\" class=\"advgb-post-tax-term\">Congresso Nacional<\/a>","<a href=\"https:\/\/sindaopcpb.org.br\/g1\/\" class=\"advgb-post-tax-term\">G1<\/a>","<a href=\"https:\/\/sindaopcpb.org.br\/poder-legislativo\/\" class=\"advgb-post-tax-term\">Poder Legislativo<\/a>","<a href=\"https:\/\/sindaopcpb.org.br\/politica\/\" class=\"advgb-post-tax-term\">POLITICA<\/a>"],"unlinked":["<span class=\"advgb-post-tax-term\">C\u00e2mara dos Deputados<\/span>","<span class=\"advgb-post-tax-term\">Congresso Nacional<\/span>","<span class=\"advgb-post-tax-term\">G1<\/span>","<span class=\"advgb-post-tax-term\">Poder Legislativo<\/span>","<span class=\"advgb-post-tax-term\">POLITICA<\/span>"]},"tags":{"linked":["<a href=\"https:\/\/sindaopcpb.org.br\/politica\/\" class=\"advgb-post-tax-term\">g1<\/a>"],"unlinked":["<span class=\"advgb-post-tax-term\">g1<\/span>"]}},"comment_count":"0","relative_dates":{"created":"Publicado 3 anos atr\u00e1s","modified":"Atualizado 3 anos atr\u00e1s"},"absolute_dates":{"created":"Publicado em 25 de setembro de 2023","modified":"Atualizado em 25 de setembro de 2023"},"absolute_dates_time":{"created":"Publicado em 25 de setembro de 2023 16:13","modified":"Atualizado em 25 de setembro de 2023 16:13"},"featured_img_caption":"","series_order":"","_links":{"self":[{"href":"https:\/\/sindaopcpb.org.br\/index.php\/wp-json\/wp\/v2\/posts\/35899","targetHints":{"allow":["GET"]}}],"collection":[{"href":"https:\/\/sindaopcpb.org.br\/index.php\/wp-json\/wp\/v2\/posts"}],"about":[{"href":"https:\/\/sindaopcpb.org.br\/index.php\/wp-json\/wp\/v2\/types\/post"}],"author":[{"embeddable":true,"href":"https:\/\/sindaopcpb.org.br\/index.php\/wp-json\/wp\/v2\/users\/47"}],"replies":[{"embeddable":true,"href":"https:\/\/sindaopcpb.org.br\/index.php\/wp-json\/wp\/v2\/comments?post=35899"}],"version-history":[{"count":1,"href":"https:\/\/sindaopcpb.org.br\/index.php\/wp-json\/wp\/v2\/posts\/35899\/revisions"}],"predecessor-version":[{"id":35900,"href":"https:\/\/sindaopcpb.org.br\/index.php\/wp-json\/wp\/v2\/posts\/35899\/revisions\/35900"}],"wp:attachment":[{"href":"https:\/\/sindaopcpb.org.br\/index.php\/wp-json\/wp\/v2\/media?parent=35899"}],"wp:term":[{"taxonomy":"category","embeddable":true,"href":"https:\/\/sindaopcpb.org.br\/index.php\/wp-json\/wp\/v2\/categories?post=35899"},{"taxonomy":"post_tag","embeddable":true,"href":"https:\/\/sindaopcpb.org.br\/index.php\/wp-json\/wp\/v2\/tags?post=35899"}],"curies":[{"name":"wp","href":"https:\/\/api.w.org\/{rel}","templated":true}]}}