{"id":35897,"date":"2023-09-25T16:13:45","date_gmt":"2023-09-25T19:13:45","guid":{"rendered":"https:\/\/www.infomoney.com.br\/?p=2251372"},"modified":"2023-09-25T16:13:45","modified_gmt":"2023-09-25T19:13:45","slug":"ministerio-da-saude-vai-oferecer-300-vagas-em-concurso-para-temporario","status":"publish","type":"post","link":"https:\/\/sindaopcpb.org.br\/index.php\/2023\/09\/25\/ministerio-da-saude-vai-oferecer-300-vagas-em-concurso-para-temporario\/","title":{"rendered":"Minist\u00e9rio da Sa\u00fade vai oferecer 300 vagas em concurso para tempor\u00e1rio"},"content":{"rendered":"<p><img loading=\"lazy\" width=\"300\" height=\"200\" src=\"https:\/\/www.infomoney.com.br\/wp-content\/uploads\/2020\/09\/1024px-Ministerio_da_Saude_49702074856.jpg?fit=300%2C200&amp;quality=70&amp;strip=all\" class=\"attachment-medium size-medium wp-post-image\" alt=\"\" decoding=\"async\" style=\"float:right; margin:0 0 10px 10px;\" srcset=\"https:\/\/www.infomoney.com.br\/wp-content\/uploads\/2020\/09\/1024px-Ministerio_da_Saude_49702074856.jpg?w=1024&amp;quality=70&amp;strip=all 1024w, https:\/\/www.infomoney.com.br\/wp-content\/uploads\/2020\/09\/1024px-Ministerio_da_Saude_49702074856.jpg?w=300&amp;quality=70&amp;strip=all 300w, https:\/\/www.infomoney.com.br\/wp-content\/uploads\/2020\/09\/1024px-Ministerio_da_Saude_49702074856.jpg?w=768&amp;quality=70&amp;strip=all 768w, https:\/\/www.infomoney.com.br\/wp-content\/uploads\/2020\/09\/1024px-Ministerio_da_Saude_49702074856.jpg?w=150&amp;quality=70&amp;strip=all 150w\" sizes=\"auto, (max-width: 300px) 100vw, 300px\" data-attachment-id=\"1510153\" data-permalink=\"https:\/\/www.infomoney.com.br\/economia\/ministerio-da-saude-retira-covid-19-da-lista-de-doencas-de-trabalho\/attachment\/1024px-ministerio_da_saude_49702074856\/\" data-orig-file=\"https:\/\/www.infomoney.com.br\/wp-content\/uploads\/2020\/09\/1024px-Ministerio_da_Saude_49702074856.jpg?fit=1024%2C683&amp;quality=70&amp;strip=all\" data-orig-size=\"1024,683\" data-comments-opened=\"1\" data-image-meta=\"{&quot;aperture&quot;:&quot;0&quot;,&quot;credit&quot;:&quot;&quot;,&quot;camera&quot;:&quot;&quot;,&quot;caption&quot;:&quot;&quot;,&quot;created_timestamp&quot;:&quot;0&quot;,&quot;copyright&quot;:&quot;&quot;,&quot;focal_length&quot;:&quot;0&quot;,&quot;iso&quot;:&quot;0&quot;,&quot;shutter_speed&quot;:&quot;0&quot;,&quot;title&quot;:&quot;&quot;,&quot;orientation&quot;:&quot;0&quot;}\" data-image-title=\"Minist\u00e9rio da Sa\u00fade\" data-image-description=\"\" data-image-caption=\"&lt;p&gt;Minist\u00e9rio da Sa\u00fade (Jefferson Rudy\/Ag\u00eancia Senado)&lt;\/p&gt;\n\" data-medium-file=\"https:\/\/www.infomoney.com.br\/wp-content\/uploads\/2020\/09\/1024px-Ministerio_da_Saude_49702074856.jpg?fit=300%2C200&amp;quality=70&amp;strip=all\" data-large-file=\"https:\/\/www.infomoney.com.br\/wp-content\/uploads\/2020\/09\/1024px-Ministerio_da_Saude_49702074856.jpg?fit=1024%2C683&amp;quality=70&amp;strip=all\" title=\"\"><\/p>\n<p>O Minist&eacute;rio da Sa&uacute;de foi autorizado pelo Minist&eacute;rio da Gest&atilde;o e da Inova&ccedil;&atilde;o em Servi&ccedil;os P&uacute;blicos a realizar concurso p&uacute;blico com oferta de 300 vagas para tempor&aacute;rios. A medida foi publicada nesta segunda-feira (25) no Di&aacute;rio Oficial da Uni&atilde;o.<\/p>\n<p>Ser&atilde;o contratados 28 t&eacute;cnicos administrativos, 12 analistas de dados e controle de qualidade, 218 analistas de requisitos processuais, normativos, econ&ocirc;micos e financeiros, oito t&eacute;cnicos em edifica&ccedil;&otilde;es, 18 analistas t&eacute;cnicos em equipamentos e 16 gestores. Os profissionais poder&atilde;o atuar por at&eacute; quatro anos, prorrog&aacute;veis por mais um ano, conforme define a lei que trata da contrata&ccedil;&atilde;o por tempo determinado para atender a necessidade tempor&aacute;ria de excepcional interesse p&uacute;blico.<\/p>\n<p>De acordo com a publica&ccedil;&atilde;o, esses profissionais atuar&atilde;o no Minist&eacute;rio da Sa&uacute;de, na &aacute;rea de presta&ccedil;&atilde;o de contas, habilita&ccedil;&atilde;o e devolu&ccedil;&atilde;o de recursos, para tratar de processos como Tomada de Contas Especial (TCE), que apura poss&iacute;veis danos &agrave; administra&ccedil;&atilde;o p&uacute;blica, ou ainda processos de ressarcimento ao er&aacute;rio. Entre os processos est&aacute; uma decis&atilde;o do Tribunal de Contas da Uni&atilde;o, que determinou em 2021 a an&aacute;lise das presta&ccedil;&otilde;es de contas da pasta no per&iacute;odo de 1&ordm; de janeiro de 2017 a 30 de junho de 2021.<\/p>\n<p>A remunera&ccedil;&atilde;o dos tempor&aacute;rios, os prazos e o cronograma de realiza&ccedil;&atilde;o do concurso p&uacute;blico e outras defini&ccedil;&otilde;es do processo seletivo ser&atilde;o determinados em edital que dever&aacute; ser publicado em, no m&aacute;ximo, seis meses.<\/p>\n<\/p>\n<div class=\"cta-end\">\n<div class=\"im-cta\" >\n<div class=\"im-shortcode-forms bg-light bg-opacity-25 border rounded-4 p-3 p-sm-4 p-md-3 p-lg-4 px-xxl-5 my-5\" data-configuration='{\"form_name\":false,\"form_hat\":\"Newsletter\",\"form_email\":true,\"form_icon\":\"newsletter\",\"form_phone\":false,\"form_campaign\":\"NIM\",\"form_thankyou\":\"\",\"form_journey\":\"APIEvent-26a5198d-8e09-06ef-5f80-cd9127757ad1\",\"form_button\":\"Quero receber\",\"form_context\":\"newsletter\",\"form_origin\":\"https:\\\/\\\/www.infomoney.com.br\\\/politica\\\/feed\\\/?utm_medium=materia&#038;utm_source=infomoney&#038;utm_campaign=NIM&#038;utm_term=politica&#038;utm_content=newsletter\",\"form_position\":\"final\",\"form_category\":\"cta_form\"}'>\n<div class=\"d-flex flex-column align-items-center align-items-lg-start mb-4 flex-lg-row\">\n<div class=\"rounded-circle mb-2 mb-lg-0 mr-lg-4 me-lg-4 p-3 p-lg-4 bg-blue-400\"><svg width=\"40\" height=\"40\" viewBox=\"0 0 40 40\" fill=\"none\" xmlns=\"http:\/\/www.w3.org\/2000\/svg\"><path d=\"M20 20.25 6.042 11.042v19.041c0 .167.048.299.146.396a.535.535 0 0 0 .395.146h15.792V32.5H6.583a2.328 2.328 0 0 1-1.708-.708 2.328 2.328 0 0 1-.708-1.709V9.917c0-.667.236-1.236.708-1.709A2.328 2.328 0 0 1 6.583 7.5h26.834c.666 0 1.236.236 1.708.708a2.33 2.33 0 0 1 .708 1.709v12.458h-1.875V11.042L20 20.25Zm0-2 13.667-8.875H6.333L20 18.25Zm11.75 18.958-1.292-1.333 3.334-3.375h-9v-1.875h9l-3.375-3.417 1.333-1.291 5.667 5.625-5.667 5.666ZM6.042 11.042v20.791-9.458.25-13.25 1.667Z\" fill=\"#fff\"\/><\/svg><\/div>\n<div class=\"flex-fill text-center text-lg-left\">\n<div class=\"h6 small text-orange-700 lh-base mb-1\">Newsletter<\/div>\n<div class=\"text-body h4 m-0\">Infomorning<\/div>\n<div class=\"text-body small lh-base mt-2\">Receba no seu e-mail logo pela manh&atilde; as not&iacute;cias que v&atilde;o mexer com os mercados, com os seus investimentos e o seu bolso durante o dia<\/div>\n<\/div>\n<\/div>\n<\/div>\n<\/div>\n<\/div>\n<p>The post <a rel=\"nofollow noopener\" href=\"https:\/\/www.infomoney.com.br\/politica\/ministerio-da-saude-vai-oferecer-300-vagas-em-concurso-para-temporario\/\" target=\"_blank\">Minist\u00e9rio da Sa\u00fade vai oferecer 300 vagas em concurso para tempor\u00e1rio<\/a> appeared first on <a rel=\"nofollow noopener\" href=\"https:\/\/www.infomoney.com.br\/\" target=\"_blank\">InfoMoney<\/a>.<\/p>\n","protected":false},"excerpt":{"rendered":"<p><img loading=\"lazy\" decoding=\"async\" width=\"300\" height=\"200\" src=\"https:\/\/www.infomoney.com.br\/wp-content\/uploads\/2020\/09\/1024px-Ministerio_da_Saude_49702074856.jpg?fit=300%2C200&amp;quality=70&amp;strip=all\" class=\"attachment-medium size-medium wp-post-image\" alt=\"\" data-attachment-id=\"1510153\" data-permalink=\"https:\/\/www.infomoney.com.br\/economia\/ministerio-da-saude-retira-covid-19-da-lista-de-doencas-de-trabalho\/attachment\/1024px-ministerio_da_saude_49702074856\/\" data-orig-file=\"https:\/\/www.infomoney.com.br\/wp-content\/uploads\/2020\/09\/1024px-Ministerio_da_Saude_49702074856.jpg?fit=1024%2C683&amp;quality=70&amp;strip=all\" data-orig-size=\"1024,683\" data-comments-opened=\"1\" data-image-meta='{\"aperture\":\"0\",\"credit\":\"\",\"camera\":\"\",\"caption\":\"\",\"created_timestamp\":\"0\",\"copyright\":\"\",\"focal_length\":\"0\",\"iso\":\"0\",\"shutter_speed\":\"0\",\"title\":\"\",\"orientation\":\"0\"}' data-image-title=\"Minist\u00e9rio da Sa\u00fade\" data-image-description=\"\" data-image-caption=\"&lt;p&gt;Minist\u00e9rio da Sa\u00fade (Jefferson Rudy\/Ag\u00eancia Senado)&lt;\/p&gt;\n\" data-medium-file=\"https:\/\/www.infomoney.com.br\/wp-content\/uploads\/2020\/09\/1024px-Ministerio_da_Saude_49702074856.jpg?fit=300%2C200&amp;quality=70&amp;strip=all\" data-large-file=\"https:\/\/www.infomoney.com.br\/wp-content\/uploads\/2020\/09\/1024px-Ministerio_da_Saude_49702074856.jpg?fit=1024%2C683&amp;quality=70&amp;strip=all\">Profissionais poder\u00e3o atuar por quatro anos, prorrog\u00e1veis por mais um<\/p>\n<p>The post <a rel=\"nofollow\" href=\"https:\/\/www.infomoney.com.br\/politica\/ministerio-da-saude-vai-oferecer-300-vagas-em-concurso-para-temporario\/\">Minist\u00e9rio da Sa\u00fade vai oferecer 300 vagas em concurso para tempor\u00e1rio<\/a> appeared first on <a rel=\"nofollow\" href=\"https:\/\/www.infomoney.com.br\/\">InfoMoney<\/a>.<\/p>\n","protected":false},"author":44,"featured_media":0,"comment_status":"closed","ping_status":"closed","sticky":false,"template":"","format":"standard","meta":{"advgb_blocks_editor_width":"","advgb_blocks_columns_visual_guide":"","footnotes":""},"categories":[4816,34,1553,47,252],"tags":[35],"class_list":["post-35897","post","type-post","status-publish","format-standard","hentry","category-concursos-publicos","category-g1","category-ministerio-da-saude","category-politica","category-vagas","tag-g1"],"author_meta":{"display_name":"Ag\u00eancia Brasil","author_link":"https:\/\/sindaopcpb.org.br\/author\/agencia-brasil\/"},"featured_img":null,"coauthors":[],"tax_additional":{"categories":{"linked":["<a href=\"https:\/\/sindaopcpb.org.br\/concursos-publicos\/\" class=\"advgb-post-tax-term\">Concursos P\u00fablicos<\/a>","<a href=\"https:\/\/sindaopcpb.org.br\/g1\/\" class=\"advgb-post-tax-term\">G1<\/a>","<a href=\"https:\/\/sindaopcpb.org.br\/ministerio-da-saude\/\" class=\"advgb-post-tax-term\">Minist\u00e9rio da Sa\u00fade<\/a>","<a href=\"https:\/\/sindaopcpb.org.br\/politica\/\" class=\"advgb-post-tax-term\">POLITICA<\/a>","<a href=\"https:\/\/sindaopcpb.org.br\/vagas\/\" class=\"advgb-post-tax-term\">vagas<\/a>"],"unlinked":["<span class=\"advgb-post-tax-term\">Concursos P\u00fablicos<\/span>","<span class=\"advgb-post-tax-term\">G1<\/span>","<span class=\"advgb-post-tax-term\">Minist\u00e9rio da Sa\u00fade<\/span>","<span class=\"advgb-post-tax-term\">POLITICA<\/span>","<span class=\"advgb-post-tax-term\">vagas<\/span>"]},"tags":{"linked":["<a href=\"https:\/\/sindaopcpb.org.br\/vagas\/\" class=\"advgb-post-tax-term\">g1<\/a>"],"unlinked":["<span class=\"advgb-post-tax-term\">g1<\/span>"]}},"comment_count":"0","relative_dates":{"created":"Publicado 3 anos atr\u00e1s","modified":"Atualizado 3 anos atr\u00e1s"},"absolute_dates":{"created":"Publicado em 25 de setembro de 2023","modified":"Atualizado em 25 de setembro de 2023"},"absolute_dates_time":{"created":"Publicado em 25 de setembro de 2023 16:13","modified":"Atualizado em 25 de setembro de 2023 16:13"},"featured_img_caption":"","series_order":"","_links":{"self":[{"href":"https:\/\/sindaopcpb.org.br\/index.php\/wp-json\/wp\/v2\/posts\/35897","targetHints":{"allow":["GET"]}}],"collection":[{"href":"https:\/\/sindaopcpb.org.br\/index.php\/wp-json\/wp\/v2\/posts"}],"about":[{"href":"https:\/\/sindaopcpb.org.br\/index.php\/wp-json\/wp\/v2\/types\/post"}],"author":[{"embeddable":true,"href":"https:\/\/sindaopcpb.org.br\/index.php\/wp-json\/wp\/v2\/users\/44"}],"replies":[{"embeddable":true,"href":"https:\/\/sindaopcpb.org.br\/index.php\/wp-json\/wp\/v2\/comments?post=35897"}],"version-history":[{"count":1,"href":"https:\/\/sindaopcpb.org.br\/index.php\/wp-json\/wp\/v2\/posts\/35897\/revisions"}],"predecessor-version":[{"id":35898,"href":"https:\/\/sindaopcpb.org.br\/index.php\/wp-json\/wp\/v2\/posts\/35897\/revisions\/35898"}],"wp:attachment":[{"href":"https:\/\/sindaopcpb.org.br\/index.php\/wp-json\/wp\/v2\/media?parent=35897"}],"wp:term":[{"taxonomy":"category","embeddable":true,"href":"https:\/\/sindaopcpb.org.br\/index.php\/wp-json\/wp\/v2\/categories?post=35897"},{"taxonomy":"post_tag","embeddable":true,"href":"https:\/\/sindaopcpb.org.br\/index.php\/wp-json\/wp\/v2\/tags?post=35897"}],"curies":[{"name":"wp","href":"https:\/\/api.w.org\/{rel}","templated":true}]}}