{"id":35744,"date":"2023-09-24T10:39:09","date_gmt":"2023-09-24T13:39:09","guid":{"rendered":"https:\/\/wpa.wscom.com.br\/?p=924341"},"modified":"2023-09-24T10:39:09","modified_gmt":"2023-09-24T13:39:09","slug":"campanha-de-combate-ao-racismo-sera-realizada-durante-final-da-copa-do-brasil","status":"publish","type":"post","link":"https:\/\/sindaopcpb.org.br\/index.php\/2023\/09\/24\/campanha-de-combate-ao-racismo-sera-realizada-durante-final-da-copa-do-brasil\/","title":{"rendered":"Campanha de combate ao racismo ser\u00e1 realizada durante final da Copa do Brasil"},"content":{"rendered":"<p><span data-contrast=\"none\">Antes da bola rolar na final da Copa do Brasil, disputada entre Flamengo e S\u00e3o Paulo, neste domingo (24), os torcedores\u00a0presentes no est\u00e1dio do Morumbi e os que v\u00e3o acompanhar o jogo pela televis\u00e3o ter\u00e3o sua aten\u00e7\u00e3o voltada para uma campanha para enfrentar o racismo nos campos de futebol. Batizada de\u00a0Com Racismo N\u00e3o Tem Jogo, a a\u00e7\u00e3o divulgar\u00e1 canal de den\u00fancias para enfrentamento ao racismo no cen\u00e1rio esportivo.<\/span><span data-ccp-props=\"{&quot;201341983&quot;:0,&quot;335559739&quot;:160,&quot;335559740&quot;:259}\">\u00a0<\/span><\/p>\n<p><span data-contrast=\"none\">A a\u00e7\u00e3o contar\u00e1 com as presen\u00e7as dos ministros Silvio Almeida (Direitos Humanos e da Cidadania), Anielle Franco (Igualdade Racial) e Andr\u00e9 Fufuca (Esporte). Na ocasi\u00e3o, haver\u00e1 a exibi\u00e7\u00e3o de um bal\u00e3o infl\u00e1vel do Disque 100 \u2013 Disque Direitos Humanos, canal pelo qual a popula\u00e7\u00e3o pode fazer den\u00fancias contra a viola\u00e7\u00e3o de direitos humanos, dentre elas o racismo durante as partidas de futebol.<\/span><span data-ccp-props=\"{&quot;201341983&quot;:0,&quot;335559739&quot;:160,&quot;335559740&quot;:259}\">\u00a0<\/span><\/p>\n<p><span data-contrast=\"none\">No centro do gramado do Morumbi, os ministros tamb\u00e9m entregar\u00e3o camisetas aos jogadores com mensagem contra o racismo. A campanha faz parte das a\u00e7\u00f5es do governo federal para combater o racismo.<\/span><span data-ccp-props=\"{&quot;201341983&quot;:0,&quot;335559739&quot;:160,&quot;335559740&quot;:259}\">\u00a0<\/span><\/p>\n<p><span data-contrast=\"none\">\u201cO governo federal est\u00e1 empenhado em promover a\u00e7\u00f5es para coibir e reprimir atos de intoler\u00e2ncia, discrimina\u00e7\u00e3o e preconceito racial em arenas esportivas tanto no Brasil quanto no exterior\u201d, disse o Minist\u00e9rio dos Direitos Humanos e Cidadania em nota.<\/span><span data-ccp-props=\"{&quot;201341983&quot;:0,&quot;335559739&quot;:160,&quot;335559740&quot;:259}\">\u00a0<\/span><\/p>\n<p><span data-contrast=\"none\">A pasta lembra ainda os epis\u00f3dios de racismo, na Espanha, envolvendo o jogador Vinicius Jr., atacante do Real Madri e convocado para a sele\u00e7\u00e3o brasileira. Em maio, Vinicius Jr. foi alvo, mais uma vez, de racismo, durante uma partida do seu time contra o Valencia.<\/span><span data-ccp-props=\"{&quot;201341983&quot;:0,&quot;335559739&quot;:160,&quot;335559740&quot;:259}\">\u00a0<\/span><\/p>\n<p><span data-contrast=\"none\">No epis\u00f3dio, torcedores do Valencia chamaram Vinicius de macaco desde a chegada do \u00f4nibus no est\u00e1dio. O comportamento foi repetido ao longo do jogo, fazendo com que a partida fosse interrompida quando o atacante apontou torcedores imitando sons e fazendo gestos de macacos.<\/span><span data-ccp-props=\"{&quot;201341983&quot;:0,&quot;335559739&quot;:160,&quot;335559740&quot;:259}\">\u00a0<\/span><\/p>\n<p><span data-contrast=\"none\">Em resposta, o Itamaraty, o Minist\u00e9rio dos Direitos Humanos e Cidadania e o Minist\u00e9rio da Igualdade Racial, em conjunto com outras Pastas, divulgaram uma nota convocando as autoridades governamentais e esportivas da Espanha a tomarem provid\u00eancias para punir os autores dos atos e evitar repeti\u00e7\u00f5es.<\/span><span data-ccp-props=\"{&quot;201341983&quot;:0,&quot;335559739&quot;:160,&quot;335559740&quot;:259}\">\u00a0<\/span><\/p>\n<p>O post <a rel=\"nofollow noopener\" href=\"https:\/\/wscom.com.br\/campanha-de-combate-ao-racismo-sera-realizada-durante-final-da-copa-do-brasil\/\" target=\"_blank\">Campanha de combate ao racismo ser\u00e1 realizada durante final da Copa do Brasil<\/a> apareceu primeiro em <a rel=\"nofollow noopener\" href=\"https:\/\/wscom.com.br\/\" target=\"_blank\">WSCOM<\/a>.<\/p>\n","protected":false},"excerpt":{"rendered":"<p>Antes da bola rolar na final da Copa do Brasil, disputada entre Flamengo e S\u00e3o Paulo, neste domingo (24), os torcedores\u00a0presentes no est\u00e1dio do Morumbi e os que v\u00e3o acompanhar o jogo pela televis\u00e3o ter\u00e3o sua aten\u00e7\u00e3o voltada para uma campanha para enfrentar o racismo nos campos de futebol. Batizada de\u00a0Com Racismo N\u00e3o Tem Jogo, [\u2026]<\/p>\n<p>O post <a rel=\"nofollow\" href=\"https:\/\/wscom.com.br\/campanha-de-combate-ao-racismo-sera-realizada-durante-final-da-copa-do-brasil\/\">Campanha de combate ao racismo ser\u00e1 realizada durante final da Copa do Brasil<\/a> apareceu primeiro em <a rel=\"nofollow\" href=\"https:\/\/wscom.com.br\/\">WSCOM<\/a>.<\/p>\n","protected":false},"author":247,"featured_media":0,"comment_status":"closed","ping_status":"closed","sticky":false,"template":"","format":"standard","meta":{"advgb_blocks_editor_width":"","advgb_blocks_columns_visual_guide":"","footnotes":""},"categories":[1767,82,293,79,34,424],"tags":[35],"class_list":["post-35744","post","type-post","status-publish","format-standard","hentry","category-copa-do-brasil","category-final","category-flamengo","category-futebol","category-g1","category-sao-paulo","tag-g1"],"author_meta":{"display_name":"Anderson Costa","author_link":"https:\/\/sindaopcpb.org.br\/author\/anderson-costa\/"},"featured_img":null,"coauthors":[],"tax_additional":{"categories":{"linked":["<a href=\"https:\/\/sindaopcpb.org.br\/copa-do-brasil\/\" class=\"advgb-post-tax-term\">copa do brasil<\/a>","<a href=\"https:\/\/sindaopcpb.org.br\/final\/\" class=\"advgb-post-tax-term\">final<\/a>","<a href=\"https:\/\/sindaopcpb.org.br\/flamengo\/\" class=\"advgb-post-tax-term\">flamengo<\/a>","<a href=\"https:\/\/sindaopcpb.org.br\/futebol\/\" class=\"advgb-post-tax-term\">Futebol<\/a>","<a href=\"https:\/\/sindaopcpb.org.br\/g1\/\" class=\"advgb-post-tax-term\">G1<\/a>","<a href=\"https:\/\/sindaopcpb.org.br\/sao-paulo\/\" class=\"advgb-post-tax-term\">S\u00e3o Paulo<\/a>"],"unlinked":["<span class=\"advgb-post-tax-term\">copa do brasil<\/span>","<span class=\"advgb-post-tax-term\">final<\/span>","<span class=\"advgb-post-tax-term\">flamengo<\/span>","<span class=\"advgb-post-tax-term\">Futebol<\/span>","<span class=\"advgb-post-tax-term\">G1<\/span>","<span class=\"advgb-post-tax-term\">S\u00e3o Paulo<\/span>"]},"tags":{"linked":["<a href=\"https:\/\/sindaopcpb.org.br\/sao-paulo\/\" class=\"advgb-post-tax-term\">g1<\/a>"],"unlinked":["<span class=\"advgb-post-tax-term\">g1<\/span>"]}},"comment_count":"0","relative_dates":{"created":"Publicado 3 anos atr\u00e1s","modified":"Atualizado 3 anos atr\u00e1s"},"absolute_dates":{"created":"Publicado em 24 de setembro de 2023","modified":"Atualizado em 24 de setembro de 2023"},"absolute_dates_time":{"created":"Publicado em 24 de setembro de 2023 10:39","modified":"Atualizado em 24 de setembro de 2023 10:39"},"featured_img_caption":"","series_order":"","_links":{"self":[{"href":"https:\/\/sindaopcpb.org.br\/index.php\/wp-json\/wp\/v2\/posts\/35744","targetHints":{"allow":["GET"]}}],"collection":[{"href":"https:\/\/sindaopcpb.org.br\/index.php\/wp-json\/wp\/v2\/posts"}],"about":[{"href":"https:\/\/sindaopcpb.org.br\/index.php\/wp-json\/wp\/v2\/types\/post"}],"author":[{"embeddable":true,"href":"https:\/\/sindaopcpb.org.br\/index.php\/wp-json\/wp\/v2\/users\/247"}],"replies":[{"embeddable":true,"href":"https:\/\/sindaopcpb.org.br\/index.php\/wp-json\/wp\/v2\/comments?post=35744"}],"version-history":[{"count":1,"href":"https:\/\/sindaopcpb.org.br\/index.php\/wp-json\/wp\/v2\/posts\/35744\/revisions"}],"predecessor-version":[{"id":35745,"href":"https:\/\/sindaopcpb.org.br\/index.php\/wp-json\/wp\/v2\/posts\/35744\/revisions\/35745"}],"wp:attachment":[{"href":"https:\/\/sindaopcpb.org.br\/index.php\/wp-json\/wp\/v2\/media?parent=35744"}],"wp:term":[{"taxonomy":"category","embeddable":true,"href":"https:\/\/sindaopcpb.org.br\/index.php\/wp-json\/wp\/v2\/categories?post=35744"},{"taxonomy":"post_tag","embeddable":true,"href":"https:\/\/sindaopcpb.org.br\/index.php\/wp-json\/wp\/v2\/tags?post=35744"}],"curies":[{"name":"wp","href":"https:\/\/api.w.org\/{rel}","templated":true}]}}