{"id":35732,"date":"2023-09-24T10:27:46","date_gmt":"2023-09-24T13:27:46","guid":{"rendered":"https:\/\/wpa.wscom.com.br\/?p=924336"},"modified":"2023-09-24T10:27:46","modified_gmt":"2023-09-24T13:27:46","slug":"padre-egidio-garante-que-esta-disposto-a-depor-e-colaborar-com-investigacoes-no-caso-do-hospital-padre-ze","status":"publish","type":"post","link":"https:\/\/sindaopcpb.org.br\/index.php\/2023\/09\/24\/padre-egidio-garante-que-esta-disposto-a-depor-e-colaborar-com-investigacoes-no-caso-do-hospital-padre-ze\/","title":{"rendered":"Padre Eg\u00eddio garante que est\u00e1 disposto a depor e colaborar com investiga\u00e7\u00f5es no caso do Hospital Padre Z\u00e9"},"content":{"rendered":"<p><span data-contrast=\"none\">O padre Eg\u00eddio de Carvalho Neto, ex-diretor do Hospital Padre Z\u00e9, disse que est\u00e1 \u00e0 disposi\u00e7\u00e3o para prestar depoimento sobre a investiga\u00e7\u00e3o que vem sendo feita atualmente pela Pol\u00edcia Civil para averiguar a den\u00fancia de que celulares e smartwatches teriam sido furtados na institui\u00e7\u00e3o hospitalar. <\/span><span data-ccp-props=\"{&quot;201341983&quot;:0,&quot;335559739&quot;:160,&quot;335559740&quot;:259}\">\u00a0<\/span><\/p>\n<p><span data-contrast=\"none\">Foi o pr\u00f3prio padre quem denunciou o roubo dos aparelhos ainda em agosto desse ano. Os equipamentos haviam sido doados pela Receita Federal, em maio, e seriam postos \u00e0 venda no bazar solid\u00e1rio para arrecadar fundos para o Hospital Padre Z\u00e9.<\/span><span data-ccp-props=\"{&quot;201341983&quot;:0,&quot;335559739&quot;:160,&quot;335559740&quot;:259}\">\u00a0<\/span><\/p>\n<p><span data-contrast=\"none\">Quando a dire\u00e7\u00e3o do hospital decidiu fazer um levantamento dos itens, verificou que as caixas estavam vazias e que os produtos haviam sido furtados.<\/span><span data-ccp-props=\"{&quot;201341983&quot;:0,&quot;335559739&quot;:160,&quot;335559740&quot;:259}\">\u00a0<\/span><\/p>\n<p><span data-contrast=\"none\">\u201cAinda n\u00e3o tive acesso aos autos, o que deve acontecer na segunda-feira. S\u00f3 ent\u00e3o poderei me pronunciar porque at\u00e9 agora o que chegou ao meu conhecimento foram dedu\u00e7\u00f5es feitas por terceiros\u201d, ponderou o advogadoSheyner Asf\u00f3ra, respons\u00e1vel pela defesa do padre Eg\u00eddio.<\/span><span data-ccp-props=\"{&quot;201341983&quot;:0,&quot;335559739&quot;:160,&quot;335559740&quot;:259}\">\u00a0<\/span><\/p>\n<p><span data-contrast=\"none\">At\u00e9 agora somente uma pessoa foi indiciada e se trata de Samuel Segundo, ex-coordenador de Tecnologia da Informa\u00e7\u00e3o do hospital.<\/span><span data-ccp-props=\"{&quot;201341983&quot;:0,&quot;335559739&quot;:160,&quot;335559740&quot;:259}\">\u00a0<\/span><\/p>\n<p>O post <a rel=\"nofollow noopener\" href=\"https:\/\/wscom.com.br\/padre-egidio-garante-que-esta-disposto-a-depor-e-colaborar-com-investigacoes-no-caso-do-hospital-padre-ze\/\" target=\"_blank\">Padre Eg\u00eddio garante que est\u00e1 disposto a depor e colaborar com investiga\u00e7\u00f5es no caso do Hospital Padre Z\u00e9<\/a> apareceu primeiro em <a rel=\"nofollow noopener\" href=\"https:\/\/wscom.com.br\/\" target=\"_blank\">WSCOM<\/a>.<\/p>\n","protected":false},"excerpt":{"rendered":"<p>O padre Eg\u00eddio de Carvalho Neto, ex-diretor do Hospital Padre Z\u00e9, disse que est\u00e1 \u00e0 disposi\u00e7\u00e3o para prestar depoimento sobre a investiga\u00e7\u00e3o que vem sendo feita atualmente pela Pol\u00edcia Civil para averiguar a den\u00fancia de que celulares e smartwatches teriam sido furtados na institui\u00e7\u00e3o hospitalar. \u00a0 Foi o pr\u00f3prio padre quem denunciou o roubo dos [\u2026]<\/p>\n<p>O post <a rel=\"nofollow\" href=\"https:\/\/wscom.com.br\/padre-egidio-garante-que-esta-disposto-a-depor-e-colaborar-com-investigacoes-no-caso-do-hospital-padre-ze\/\">Padre Eg\u00eddio garante que est\u00e1 disposto a depor e colaborar com investiga\u00e7\u00f5es no caso do Hospital Padre Z\u00e9<\/a> apareceu primeiro em <a rel=\"nofollow\" href=\"https:\/\/wscom.com.br\/\">WSCOM<\/a>.<\/p>\n","protected":false},"author":247,"featured_media":0,"comment_status":"closed","ping_status":"closed","sticky":false,"template":"","format":"standard","meta":{"advgb_blocks_editor_width":"","advgb_blocks_columns_visual_guide":"","footnotes":""},"categories":[5569,9417,34,1307,9296,6887,66],"tags":[35],"class_list":["post-35732","post","type-post","status-publish","format-standard","hentry","category-celulares","category-colaboracao","category-g1","category-investigacao","category-padre-egidio","category-padre-ze","category-policial","tag-g1"],"author_meta":{"display_name":"Anderson Costa","author_link":"https:\/\/sindaopcpb.org.br\/author\/anderson-costa\/"},"featured_img":null,"coauthors":[],"tax_additional":{"categories":{"linked":["<a href=\"https:\/\/sindaopcpb.org.br\/celulares\/\" class=\"advgb-post-tax-term\">Celulares<\/a>","<a href=\"https:\/\/sindaopcpb.org.br\/colaboracao\/\" class=\"advgb-post-tax-term\">colabora\u00e7\u00e3o<\/a>","<a href=\"https:\/\/sindaopcpb.org.br\/g1\/\" class=\"advgb-post-tax-term\">G1<\/a>","<a href=\"https:\/\/sindaopcpb.org.br\/investigacao\/\" class=\"advgb-post-tax-term\">investiga\u00e7\u00e3o<\/a>","<a href=\"https:\/\/sindaopcpb.org.br\/padre-egidio\/\" class=\"advgb-post-tax-term\">Padre Eg\u00eddio<\/a>","<a href=\"https:\/\/sindaopcpb.org.br\/padre-ze\/\" class=\"advgb-post-tax-term\">padre z\u00e9<\/a>","<a href=\"https:\/\/sindaopcpb.org.br\/policial\/\" class=\"advgb-post-tax-term\">Policial<\/a>"],"unlinked":["<span class=\"advgb-post-tax-term\">Celulares<\/span>","<span class=\"advgb-post-tax-term\">colabora\u00e7\u00e3o<\/span>","<span class=\"advgb-post-tax-term\">G1<\/span>","<span class=\"advgb-post-tax-term\">investiga\u00e7\u00e3o<\/span>","<span class=\"advgb-post-tax-term\">Padre Eg\u00eddio<\/span>","<span class=\"advgb-post-tax-term\">padre z\u00e9<\/span>","<span class=\"advgb-post-tax-term\">Policial<\/span>"]},"tags":{"linked":["<a href=\"https:\/\/sindaopcpb.org.br\/policial\/\" class=\"advgb-post-tax-term\">g1<\/a>"],"unlinked":["<span class=\"advgb-post-tax-term\">g1<\/span>"]}},"comment_count":"0","relative_dates":{"created":"Publicado 3 anos atr\u00e1s","modified":"Atualizado 3 anos atr\u00e1s"},"absolute_dates":{"created":"Publicado em 24 de setembro de 2023","modified":"Atualizado em 24 de setembro de 2023"},"absolute_dates_time":{"created":"Publicado em 24 de setembro de 2023 10:27","modified":"Atualizado em 24 de setembro de 2023 10:27"},"featured_img_caption":"","series_order":"","_links":{"self":[{"href":"https:\/\/sindaopcpb.org.br\/index.php\/wp-json\/wp\/v2\/posts\/35732","targetHints":{"allow":["GET"]}}],"collection":[{"href":"https:\/\/sindaopcpb.org.br\/index.php\/wp-json\/wp\/v2\/posts"}],"about":[{"href":"https:\/\/sindaopcpb.org.br\/index.php\/wp-json\/wp\/v2\/types\/post"}],"author":[{"embeddable":true,"href":"https:\/\/sindaopcpb.org.br\/index.php\/wp-json\/wp\/v2\/users\/247"}],"replies":[{"embeddable":true,"href":"https:\/\/sindaopcpb.org.br\/index.php\/wp-json\/wp\/v2\/comments?post=35732"}],"version-history":[{"count":1,"href":"https:\/\/sindaopcpb.org.br\/index.php\/wp-json\/wp\/v2\/posts\/35732\/revisions"}],"predecessor-version":[{"id":35733,"href":"https:\/\/sindaopcpb.org.br\/index.php\/wp-json\/wp\/v2\/posts\/35732\/revisions\/35733"}],"wp:attachment":[{"href":"https:\/\/sindaopcpb.org.br\/index.php\/wp-json\/wp\/v2\/media?parent=35732"}],"wp:term":[{"taxonomy":"category","embeddable":true,"href":"https:\/\/sindaopcpb.org.br\/index.php\/wp-json\/wp\/v2\/categories?post=35732"},{"taxonomy":"post_tag","embeddable":true,"href":"https:\/\/sindaopcpb.org.br\/index.php\/wp-json\/wp\/v2\/tags?post=35732"}],"curies":[{"name":"wp","href":"https:\/\/api.w.org\/{rel}","templated":true}]}}