{"id":35728,"date":"2023-09-24T08:33:58","date_gmt":"2023-09-24T11:33:58","guid":{"rendered":"https:\/\/wpa.wscom.com.br\/?p=924328"},"modified":"2023-09-24T08:33:58","modified_gmt":"2023-09-24T11:33:58","slug":"reu-do-8-de-janeiro-volta-a-ser-preso-apos-descumprir-medida-cautelar","status":"publish","type":"post","link":"https:\/\/sindaopcpb.org.br\/index.php\/2023\/09\/24\/reu-do-8-de-janeiro-volta-a-ser-preso-apos-descumprir-medida-cautelar\/","title":{"rendered":"R\u00e9u do 8 de janeiro volta a ser preso ap\u00f3s descumprir medida cautelar"},"content":{"rendered":"<p>A Secretaria de Justi\u00e7a e Seguran\u00e7a P\u00fablica do Esp\u00edrito Santo confirmou a pris\u00e3o de Marcos Soares Moreira pela Pol\u00edcia Federal, na manh\u00e3 deste s\u00e1bado (23), por determina\u00e7\u00e3o do ministro Alexandre de Moraes, do Supremo Tribunal Federal (STF).\u00a0<img decoding=\"async\" src=\"https:\/\/agenciabrasil.ebc.com.br\/ebc.png?id=1557205&amp;o=node\" alt=\"\" title=\"\"><img decoding=\"async\" src=\"https:\/\/agenciabrasil.ebc.com.br\/ebc.gif?id=1557205&amp;o=node\" alt=\"\" title=\"\"><\/p>\n<p>Moreira havia sido detido em janeiro por envolvimento nos atos golpistas, mas foi solto em maio. No entanto, ele descumpriu medidas cautelares impostas pelo Supremo, que inclu\u00edam a proibi\u00e7\u00e3o de uso de redes sociais. Nas \u00faltimas semanas, Moreira postou diversos v\u00eddeos no Instagram e no TikTok atacando o STF, mesmo estando ciente da proibi\u00e7\u00e3o.<\/p>\n<p>Em uma das publica\u00e7\u00f5es, Moreira convoca manifestantes para, no dia 12 de outubro, irem \u00e0s ruas \u201ccontra essa pauta absurda que esta justi\u00e7a est\u00e1 colocando para ser votada para liberar o assassinato e o homic\u00eddio de beb\u00eas.\u201d<\/p>\n<p>Marcos Moreira estava entre os primeiros denunciados e julgados pelos atos antidemocr\u00e1ticos, sendo um dos primeiros cem condenados. At\u00e9 o momento, a reportagem n\u00e3o conseguiu contato com a defesa de Marcos Moreira.<\/p>\n<p>O post <a rel=\"nofollow noopener\" href=\"https:\/\/wscom.com.br\/reu-do-8-de-janeiro-volta-a-ser-preso-apos-descumprir-medida-cautelar\/\" target=\"_blank\">R\u00e9u do 8 de janeiro volta a ser preso ap\u00f3s descumprir medida cautelar<\/a> apareceu primeiro em <a rel=\"nofollow noopener\" href=\"https:\/\/wscom.com.br\/\" target=\"_blank\">WSCOM<\/a>.<\/p>\n","protected":false},"excerpt":{"rendered":"<p>A Secretaria de Justi\u00e7a e Seguran\u00e7a P\u00fablica do Esp\u00edrito Santo confirmou a pris\u00e3o de Marcos Soares Moreira pela Pol\u00edcia Federal, na manh\u00e3 deste s\u00e1bado (23), por determina\u00e7\u00e3o do ministro Alexandre de Moraes, do Supremo Tribunal Federal (STF).\u00a0 Moreira havia sido detido em janeiro por envolvimento nos atos golpistas, mas foi solto em maio. No entanto, [\u2026]<\/p>\n<p>O post <a rel=\"nofollow\" href=\"https:\/\/wscom.com.br\/reu-do-8-de-janeiro-volta-a-ser-preso-apos-descumprir-medida-cautelar\/\">R\u00e9u do 8 de janeiro volta a ser preso ap\u00f3s descumprir medida cautelar<\/a> apareceu primeiro em <a rel=\"nofollow\" href=\"https:\/\/wscom.com.br\/\">WSCOM<\/a>.<\/p>\n","protected":false},"author":247,"featured_media":0,"comment_status":"closed","ping_status":"closed","sticky":false,"template":"","format":"standard","meta":{"advgb_blocks_editor_width":"","advgb_blocks_columns_visual_guide":"","footnotes":""},"categories":[463,34,278,966,9126,449],"tags":[35],"class_list":["post-35728","post","type-post","status-publish","format-standard","hentry","category-alexandre-de-moraes","category-g1","category-justica","category-ministro","category-reu","category-stf","tag-g1"],"author_meta":{"display_name":"Anderson Costa","author_link":"https:\/\/sindaopcpb.org.br\/author\/anderson-costa\/"},"featured_img":null,"coauthors":[],"tax_additional":{"categories":{"linked":["<a href=\"https:\/\/sindaopcpb.org.br\/alexandre-de-moraes\/\" class=\"advgb-post-tax-term\">Alexandre de Moraes<\/a>","<a href=\"https:\/\/sindaopcpb.org.br\/g1\/\" class=\"advgb-post-tax-term\">G1<\/a>","<a href=\"https:\/\/sindaopcpb.org.br\/justica\/\" class=\"advgb-post-tax-term\">Justi\u00e7a<\/a>","<a href=\"https:\/\/sindaopcpb.org.br\/ministro\/\" class=\"advgb-post-tax-term\">ministro<\/a>","<a href=\"https:\/\/sindaopcpb.org.br\/reu\/\" class=\"advgb-post-tax-term\">r\u00e9u<\/a>","<a href=\"https:\/\/sindaopcpb.org.br\/stf\/\" class=\"advgb-post-tax-term\">STF<\/a>"],"unlinked":["<span class=\"advgb-post-tax-term\">Alexandre de Moraes<\/span>","<span class=\"advgb-post-tax-term\">G1<\/span>","<span class=\"advgb-post-tax-term\">Justi\u00e7a<\/span>","<span class=\"advgb-post-tax-term\">ministro<\/span>","<span class=\"advgb-post-tax-term\">r\u00e9u<\/span>","<span class=\"advgb-post-tax-term\">STF<\/span>"]},"tags":{"linked":["<a href=\"https:\/\/sindaopcpb.org.br\/stf\/\" class=\"advgb-post-tax-term\">g1<\/a>"],"unlinked":["<span class=\"advgb-post-tax-term\">g1<\/span>"]}},"comment_count":"0","relative_dates":{"created":"Publicado 3 anos atr\u00e1s","modified":"Atualizado 3 anos atr\u00e1s"},"absolute_dates":{"created":"Publicado em 24 de setembro de 2023","modified":"Atualizado em 24 de setembro de 2023"},"absolute_dates_time":{"created":"Publicado em 24 de setembro de 2023 08:33","modified":"Atualizado em 24 de setembro de 2023 08:33"},"featured_img_caption":"","series_order":"","_links":{"self":[{"href":"https:\/\/sindaopcpb.org.br\/index.php\/wp-json\/wp\/v2\/posts\/35728","targetHints":{"allow":["GET"]}}],"collection":[{"href":"https:\/\/sindaopcpb.org.br\/index.php\/wp-json\/wp\/v2\/posts"}],"about":[{"href":"https:\/\/sindaopcpb.org.br\/index.php\/wp-json\/wp\/v2\/types\/post"}],"author":[{"embeddable":true,"href":"https:\/\/sindaopcpb.org.br\/index.php\/wp-json\/wp\/v2\/users\/247"}],"replies":[{"embeddable":true,"href":"https:\/\/sindaopcpb.org.br\/index.php\/wp-json\/wp\/v2\/comments?post=35728"}],"version-history":[{"count":1,"href":"https:\/\/sindaopcpb.org.br\/index.php\/wp-json\/wp\/v2\/posts\/35728\/revisions"}],"predecessor-version":[{"id":35729,"href":"https:\/\/sindaopcpb.org.br\/index.php\/wp-json\/wp\/v2\/posts\/35728\/revisions\/35729"}],"wp:attachment":[{"href":"https:\/\/sindaopcpb.org.br\/index.php\/wp-json\/wp\/v2\/media?parent=35728"}],"wp:term":[{"taxonomy":"category","embeddable":true,"href":"https:\/\/sindaopcpb.org.br\/index.php\/wp-json\/wp\/v2\/categories?post=35728"},{"taxonomy":"post_tag","embeddable":true,"href":"https:\/\/sindaopcpb.org.br\/index.php\/wp-json\/wp\/v2\/tags?post=35728"}],"curies":[{"name":"wp","href":"https:\/\/api.w.org\/{rel}","templated":true}]}}