{"id":35712,"date":"2023-09-23T19:07:48","date_gmt":"2023-09-23T22:07:48","guid":{"rendered":"https:\/\/wpa.wscom.com.br\/?p=924284"},"modified":"2023-09-23T19:07:48","modified_gmt":"2023-09-23T22:07:48","slug":"paraibano-matheus-cunha-e-convocado-mais-uma-vez-para-a-selecao-pelo-tecnico-fernando-diniz","status":"publish","type":"post","link":"https:\/\/sindaopcpb.org.br\/index.php\/2023\/09\/23\/paraibano-matheus-cunha-e-convocado-mais-uma-vez-para-a-selecao-pelo-tecnico-fernando-diniz\/","title":{"rendered":"Paraibano Matheus Cunha \u00e9 convocado mais uma vez para a sele\u00e7\u00e3o pelo t\u00e9cnico Fernando Diniz"},"content":{"rendered":"<p><b>\u00a0<\/b>O atacante paraibano Matheus Cunha foi chamado mais uma vez pelo t\u00e9cnico da sele\u00e7\u00e3o brasileira de futebol, Fernando Diniz, neste s\u00e1bado. Diniz chamou os jogadores para a disputa das duas pr\u00f3ximas rodadas das Eliminat\u00f3rias da Copa do Mundo de 2026. Al\u00e9m de Cunha, o atacante Vinicius Jr., do Real Madrid, e o meia Gerson, do Flamengo, s\u00e3o destaques.<\/p>\n<p>No dia 12 de outubro, a sele\u00e7\u00e3o enfrenta a Venezuela, na Arena Pantanal, em Cuiab\u00e1, pela terceira rodada das Eliminat\u00f3rias, segundo nota da Confedera\u00e7\u00e3o Brasileira de Futebol (CBF). J\u00e1 o outro confronto ser\u00e1 contra o Uruguai, no Est\u00e1dio Centen\u00e1rio, em Montevid\u00e9u, no dia 17 do mesmo m\u00eas.<\/p>\n<p>A lista completa de convocados \u00e9 a seguinte: Alisson (Liverpool), Ederson (Manchester City) e Lucas Perri (Botafogo); Renan Lodi (Olympique), Caio Henrique (Monaco), Danilo (Juventus), Vanderson (Monaco); Bremer (Juventus), Gabriel Magalh\u00e3es (Arsenal), Marquinhos (PSG) e Nino (Fluminense).<\/p>\n<p>No meio-campo e no ataque, Diniz chamou os seguintes jogadores: Andr\u00e9 (Fluminense), Bruno Guimar\u00e3es (Newcastle), Casemiro (Manchester United), Gerson (Flamengo), Raphael Veiga (Palmeiras); Gabriel Jesus (Arsenal), Vinicius Jr. (Real Madrid), Richarlison (Tottenham), Rodrygo (Real Madrid), Neymar (Al-Hilal), Matheus Cunha (Wolverhampton) e Raphinha (Barcelona).<\/p>\n<p>O post <a rel=\"nofollow noopener\" href=\"https:\/\/wscom.com.br\/paraibano-matheus-cunha-e-convocado-mais-uma-vez\/\" target=\"_blank\">Paraibano Matheus Cunha \u00e9 convocado mais uma vez para a sele\u00e7\u00e3o pelo t\u00e9cnico Fernando Diniz<\/a> apareceu primeiro em <a rel=\"nofollow noopener\" href=\"https:\/\/wscom.com.br\/\" target=\"_blank\">WSCOM<\/a>.<\/p>\n","protected":false},"excerpt":{"rendered":"<p>\u00a0O atacante paraibano Matheus Cunha foi chamado mais uma vez pelo t\u00e9cnico da sele\u00e7\u00e3o brasileira de futebol, Fernando Diniz, neste s\u00e1bado. Diniz chamou os jogadores para a disputa das duas pr\u00f3ximas rodadas das Eliminat\u00f3rias da Copa do Mundo de 2026. Al\u00e9m de Cunha, o atacante Vinicius Jr., do Real Madrid, e o meia Gerson, do [\u2026]<\/p>\n<p>O post <a rel=\"nofollow\" href=\"https:\/\/wscom.com.br\/paraibano-matheus-cunha-e-convocado-mais-uma-vez\/\">Paraibano Matheus Cunha \u00e9 convocado mais uma vez para a sele\u00e7\u00e3o pelo t\u00e9cnico Fernando Diniz<\/a> apareceu primeiro em <a rel=\"nofollow\" href=\"https:\/\/wscom.com.br\/\">WSCOM<\/a>.<\/p>\n","protected":false},"author":50,"featured_media":0,"comment_status":"closed","ping_status":"closed","sticky":false,"template":"","format":"standard","meta":{"advgb_blocks_editor_width":"","advgb_blocks_columns_visual_guide":"","footnotes":""},"categories":[4545,79,34,5422],"tags":[35],"class_list":["post-35712","post","type-post","status-publish","format-standard","hentry","category-cunha","category-futebol","category-g1","category-matheus","tag-g1"],"author_meta":{"display_name":"Wallyson","author_link":"https:\/\/sindaopcpb.org.br\/author\/wallyson\/"},"featured_img":null,"coauthors":[],"tax_additional":{"categories":{"linked":["<a href=\"https:\/\/sindaopcpb.org.br\/cunha\/\" class=\"advgb-post-tax-term\">Cunha<\/a>","<a href=\"https:\/\/sindaopcpb.org.br\/futebol\/\" class=\"advgb-post-tax-term\">Futebol<\/a>","<a href=\"https:\/\/sindaopcpb.org.br\/g1\/\" class=\"advgb-post-tax-term\">G1<\/a>","<a href=\"https:\/\/sindaopcpb.org.br\/matheus\/\" class=\"advgb-post-tax-term\">matheus<\/a>"],"unlinked":["<span class=\"advgb-post-tax-term\">Cunha<\/span>","<span class=\"advgb-post-tax-term\">Futebol<\/span>","<span class=\"advgb-post-tax-term\">G1<\/span>","<span class=\"advgb-post-tax-term\">matheus<\/span>"]},"tags":{"linked":["<a href=\"https:\/\/sindaopcpb.org.br\/matheus\/\" class=\"advgb-post-tax-term\">g1<\/a>"],"unlinked":["<span class=\"advgb-post-tax-term\">g1<\/span>"]}},"comment_count":"0","relative_dates":{"created":"Publicado 3 anos atr\u00e1s","modified":"Atualizado 3 anos atr\u00e1s"},"absolute_dates":{"created":"Publicado em 23 de setembro de 2023","modified":"Atualizado em 23 de setembro de 2023"},"absolute_dates_time":{"created":"Publicado em 23 de setembro de 2023 19:07","modified":"Atualizado em 23 de setembro de 2023 19:07"},"featured_img_caption":"","series_order":"","_links":{"self":[{"href":"https:\/\/sindaopcpb.org.br\/index.php\/wp-json\/wp\/v2\/posts\/35712","targetHints":{"allow":["GET"]}}],"collection":[{"href":"https:\/\/sindaopcpb.org.br\/index.php\/wp-json\/wp\/v2\/posts"}],"about":[{"href":"https:\/\/sindaopcpb.org.br\/index.php\/wp-json\/wp\/v2\/types\/post"}],"author":[{"embeddable":true,"href":"https:\/\/sindaopcpb.org.br\/index.php\/wp-json\/wp\/v2\/users\/50"}],"replies":[{"embeddable":true,"href":"https:\/\/sindaopcpb.org.br\/index.php\/wp-json\/wp\/v2\/comments?post=35712"}],"version-history":[{"count":1,"href":"https:\/\/sindaopcpb.org.br\/index.php\/wp-json\/wp\/v2\/posts\/35712\/revisions"}],"predecessor-version":[{"id":35713,"href":"https:\/\/sindaopcpb.org.br\/index.php\/wp-json\/wp\/v2\/posts\/35712\/revisions\/35713"}],"wp:attachment":[{"href":"https:\/\/sindaopcpb.org.br\/index.php\/wp-json\/wp\/v2\/media?parent=35712"}],"wp:term":[{"taxonomy":"category","embeddable":true,"href":"https:\/\/sindaopcpb.org.br\/index.php\/wp-json\/wp\/v2\/categories?post=35712"},{"taxonomy":"post_tag","embeddable":true,"href":"https:\/\/sindaopcpb.org.br\/index.php\/wp-json\/wp\/v2\/tags?post=35712"}],"curies":[{"name":"wp","href":"https:\/\/api.w.org\/{rel}","templated":true}]}}