{"id":35624,"date":"2023-09-23T07:13:00","date_gmt":"2023-09-23T10:13:00","guid":{"rendered":"https:\/\/g1.globo.com\/pb\/paraiba\/noticia\/2023\/09\/23\/filho-viraliza-ao-levantar-mae-de-cadeira-de-rodas-em-formatura-sempre-me-deu-tudo-que-eu-precisei.ghtml"},"modified":"2023-09-23T07:13:00","modified_gmt":"2023-09-23T10:13:00","slug":"filho-viraliza-ao-levantar-mae-de-cadeira-de-rodas-em-formatura-sempre-me-deu-tudo-que-eu-precisei","status":"publish","type":"post","link":"https:\/\/sindaopcpb.org.br\/index.php\/2023\/09\/23\/filho-viraliza-ao-levantar-mae-de-cadeira-de-rodas-em-formatura-sempre-me-deu-tudo-que-eu-precisei\/","title":{"rendered":"Filho viraliza ao levantar m\u00e3e de cadeira de rodas em formatura: &#8216;Sempre me deu tudo que eu precisei&#8217;"},"content":{"rendered":"   <img src=\"https:\/\/s2.glbimg.com\/qzmPjGEJXzXO4gW2Deoq_slBhzk=\/i.s3.glbimg.com\/v1\/AUTH_59edd422c0c84a879bd37670ae4f538a\/internal_photos\/bs\/2023\/o\/n\/YKjsDnTP6WQabmkTVY3g\/pageg1.jpg\" \/><br \/>     Natural de Desterro, cidade no interior do estado, o advogado Klayve Eneas Barbosa, homenageou a m\u00e3e em cerim\u00f4nia de cola\u00e7\u00e3o de grau ao levant\u00e1-la de cadeira de rodas para tirar foto.  Filho homenageou m\u00e3e que estava em cadeira de rodas a levantando em formatura\nArquivo Pessoal\nO advogado Klayve Eneas Barbosa, de 23 anos, viralizou nas redes sociais ao postar um v\u00eddeo em sua formatura no curso de direito levantar a pr\u00f3pria m\u00e3e, que est\u00e1 em situa\u00e7\u00e3o de cadeira de rodas por conta de um acidente vascular cerebral (AVC). Ele disse que o ato foi uma forma de homenagem pelos esfor\u00e7os dela para que ele conclu\u00edsse o curso e ingressasse na carreira de advocacia. \nAo g1, Klayve contou que a m\u00e3e foi fundamental para realizar o sonho profissional dele e que a situa\u00e7\u00e3o de sa\u00fade que ela passou foi um dos motivadores para a homenagem que rodou o Brasil nas redes sociais. A fam\u00edlia \u00e9 natural da cidade de Desterro, no interior do estado. \nAluno bolsista durante todo o curso de direito e de fam\u00edlia humilde, os esfor\u00e7os da m\u00e3e e de toda a fam\u00edlia foram fundamentais para Klayve, que come\u00e7ou a sonhar em ser advogado desde cedo. A partir do terceiro per\u00edodo do curso, ele inclusive conseguiu 100% da bolsa pelo programa ProUni. \nPublicado no dia 26 de agosto, o v\u00eddeo tem atualmente quase 3 milh\u00f5es de visualiza\u00e7\u00f5es. \nA afli\u00e7\u00e3o pela sa\u00fade da m\u00e3e\nMarilene Eneas teve um AVC e ainda se recupera ap\u00f3s o susto\nArquivo Pessoal\nO advogado explicou que tanto a formatura quanto o problema de sa\u00fade da m\u00e3e, Marilene Eneas de Oliveira, que \u00e9 agricultora, ocorreram no m\u00eas de julho deste ano, \u00e9poca de S\u00e3o Jo\u00e3o, o que gerou uma grande preocupa\u00e7\u00e3o na fam\u00edlia, por se tratar de um problema complexo, um AVC, que teria sido ocasionado por problemas anteriores com press\u00e3o arterial elevada. \n\u201cIsso aconteceu em um domingo, ap\u00f3s um almo\u00e7o. Ela sofreu um AVC. Assim que aconteceu, eu estava na cidade de Teixeira. Levamos ela para Patos, depois fomos para Campina Grande, para o [Hospital de Emerg\u00eancia e ]Trauma, ela ficou internada 14 dias e meio, sendo que oito dias ela passou desacordada\u201d, relembra. \nConforme Klayve, a equipe m\u00e9dica que cuidou da m\u00e3e informou aos familiares que o estado de sa\u00fade dela n\u00e3o era bom e que consideravam \u201cum dos piores tipos de AVC que j\u00e1 tinham visto\u201d e que \u201cdificilmente ela sobreviveria\u201d. Grupos de ora\u00e7\u00e3o e apoio foram criados pelos parentes na \u00e9poca para tentar aliviar a dor de uma poss\u00edvel perda. \nNo entanto, ap\u00f3s alguns dias internada, Marilene apresentou melhora, o que n\u00e3o conseguiu ser explicado pela equipe m\u00e9dica. Klayve credita a f\u00e9 a melhora repentina e brusca que a m\u00e3e teve. \n\u201cMainha \u00e9 uma pessoa de muita f\u00e9. Assim que ela acordou, saiu da intuba\u00e7\u00e3o, ela foi levada para enfermaria, ficou falando um pouco rouca, mas j\u00e1 lembrava de tudo, ou seja, foi completamente um milagre, algo de Deus\u201d, acredita. \nO problema de sa\u00fade da m\u00e3e, deixou sequelas moment\u00e2neas em Marilene, isso porque, devido ao AVC, perdeu parte dos movimentos do lado esquerdo do corpo, o que a condicionou a ter que utilizar cadeira de rodas e a iniciar um processo lento de reabilita\u00e7\u00e3o em sess\u00f5es de fisioterapia. Mas Klayve conta que, atualmente, passado alguns meses do ocorrido, aos poucos, os movimentos est\u00e3o sendo recuperados pela m\u00e3e e cada passo \u00e9 uma grande vit\u00f3ria para ele e para a fam\u00edlia. \n\u201cCom 17 dias, ela recebeu alta do Trauma, foi para casa, ficou com sequelas, mas aos poucos os movimentos do lado esquerdo foram voltando, n\u00e3o voltou completamente, mas ela j\u00e1 est\u00e1 dando os primeiros passos\u201d, disse. \nAus\u00eancia na defesa do TCC\nDurante todo o processo de aten\u00e7\u00e3o \u00e0 sa\u00fade com Marilene, Klayve teve que defender o Trabalho de Conclus\u00e3o de Curso (TCC) em uma faculdade particular de Campina Grande. O jovem explica que o AVC com a m\u00e3e aconteceu no dia 25 de julho e a defesa do trabalho dele teve que ocorrer um dia ap\u00f3s. \nA apresenta\u00e7\u00e3o do trabalho era primordial para que ele conseguisse a homologa\u00e7\u00e3o do resultado da prova na Ordem dos Advogados do Brasil (OAB-PB), porque conseguiria o diploma e adiar isso seria prejudicial para a carreira na \u00e1rea do direito. \n\u201cEra de extrema import\u00e2ncia a minha apresenta\u00e7\u00e3o, porque eu passei na OAB ap\u00f3s um longo per\u00edodo no curso de direito. Faz um pouco mais de um ano que eu passei na prova. Eu queria logo apresentar meu TCC, porque queria pegar a carteira da OAB e precisava terminar o curso\u201d, explica. \nKlayve disse que esse momento de preocupa\u00e7\u00e3o com a sa\u00fade da m\u00e3e e tamb\u00e9m com a carreira profissional, n\u00e3o foi nada f\u00e1cil para o lado psicol\u00f3gico dele. \u201cNo momento eu fiquei com extrema ang\u00fastia, porque como eu vou apresentar meu TCC, com minha m\u00e3e internada no Trauma, desacordada, entre a vida e a morte?\u201d.\nO advogado conta que a esperan\u00e7a na recupera\u00e7\u00e3o da m\u00e3e foi combust\u00edvel para ele conseguir apresentar o trabalho e, finalmente, terminar o curso. \u201cApresentei meu TCC, tive nota m\u00e1xima, e ap\u00f3s a apresenta\u00e7\u00e3o, eu pedi licen\u00e7a aos orientadores e professores e relatei toda a situa\u00e7\u00e3o para eles\u201d. \nEle ressaltou que contou sobre o estado da m\u00e3e somente ap\u00f3s a apresenta\u00e7\u00e3o para que isso n\u00e3o interferisse na avalia\u00e7\u00e3o final dos professores. \nPor conta do AVC, Marilene n\u00e3o conseguiu comparecer na cerim\u00f4nia de apresenta\u00e7\u00e3o do trabalho. No entanto, devido a boa recupera\u00e7\u00e3o, meses depois, ela foi homenageada por Klayve na festa de cola\u00e7\u00e3o de grau do ent\u00e3o estudante. \nHomenagem emocionante\nFilho levanta m\u00e3e de cadeira de rodas para homenage\u00e1-la em formatura na Para\u00edba\nAp\u00f3s dois meses da conclus\u00e3o do curso, Klayve e a sua turma participaram da cola\u00e7\u00e3o de grau, e com Marilene j\u00e1 melhor de sa\u00fade ap\u00f3s o grande susto que passou, ela conseguiu comparecer ao evento, e o filho fez quest\u00e3o de demonstrar todo amor que sente por ela. A formatura aconteceu no final de agosto deste ano. \n\u201cPassados dois meses, na cola\u00e7\u00e3o de grau, eu fiz quest\u00e3o de levar toda a fam\u00edlia, para comemorarmos, porque essa vit\u00f3ria n\u00e3o \u00e9 s\u00f3 minha, \u00e9 tamb\u00e9m de mainha. Ela foi de cadeira de rodas e naquela hora minha namorada chamou para tirarmos fotos. Brincamos, nos divertimos, e nesse momento perguntei para ela se queria mais alguma foto, quando ela disse que queria uma com ela em p\u00e9\u201d, disse. \nAinda em processo de recupera\u00e7\u00e3o, somente com a ajuda do filho, Marilene conseguiu ficar de p\u00e9 e o v\u00eddeo foi feito. Segundo Klayve, nada foi pensado, aconteceu de forma involunt\u00e1ria. \n\u201cOlhando para c\u00e2mera eu s\u00f3 pensei o quanto foi dif\u00edcil chegar naquele momento e celebrar e comemorar a vit\u00f3ria, porque se mainha tava ali era porque Deus permitiu que ela estivesse. A\u00ed eu fiz quest\u00e3o de expressar meus sentimentos\u201d, ressaltou. \nA not\u00edcia de que vai ser pai\nKlayve vai ser pai ap\u00f3s passar por momentos dif\u00edceis na vida\nRedes Sociais\nKlayve tamb\u00e9m contou que ap\u00f3s algumas semanas do dia t\u00e3o emocionante na vida, que segundo ele, n\u00e3o pode ser expressado em palavras, que representou n\u00e3o s\u00f3 a recupera\u00e7\u00e3o da sa\u00fade da m\u00e3e mas tamb\u00e9m uma conquista profissional, de quebra, ele recebeu a not\u00edcia de que vai ser pai, junto com a esposa Jamile Alie, mais conhecida como Margarida. \nO casal, inclusive, j\u00e1 escolheu como vai se chamar a menina, que vai vir ao mundo como Cloe. \nV\u00eddeos mais assistidos do g1 Para\u00edba  ","protected":false},"excerpt":{"rendered":"<p>        Natural de Desterro, cidade no interior do estado, o advogado Klayve Eneas Barbosa, homenageou a m\u00e3e em cerim\u00f4nia de cola\u00e7\u00e3o de grau ao levant\u00e1-la de cadeira de rodas para tirar foto.  Filho homenageou m\u00e3e que estava em cadeira de rodas a levan&#8230;<\/p>\n","protected":false},"author":2,"featured_media":0,"comment_status":"closed","ping_status":"closed","sticky":false,"template":"","format":"standard","meta":{"advgb_blocks_editor_width":"","advgb_blocks_columns_visual_guide":"","footnotes":""},"categories":[34],"tags":[35],"class_list":["post-35624","post","type-post","status-publish","format-standard","hentry","category-g1","tag-g1"],"author_meta":{"display_name":"g1 &gt; Para\u00edba","author_link":"https:\/\/sindaopcpb.org.br\/author\/g1-paraiba\/"},"featured_img":null,"coauthors":[],"tax_additional":{"categories":{"linked":["<a href=\"https:\/\/sindaopcpb.org.br\/g1\/\" class=\"advgb-post-tax-term\">G1<\/a>"],"unlinked":["<span class=\"advgb-post-tax-term\">G1<\/span>"]},"tags":{"linked":["<a href=\"https:\/\/sindaopcpb.org.br\/g1\/\" class=\"advgb-post-tax-term\">g1<\/a>"],"unlinked":["<span class=\"advgb-post-tax-term\">g1<\/span>"]}},"comment_count":"0","relative_dates":{"created":"Publicado 3 anos atr\u00e1s","modified":"Atualizado 3 anos atr\u00e1s"},"absolute_dates":{"created":"Publicado em 23 de setembro de 2023","modified":"Atualizado em 23 de setembro de 2023"},"absolute_dates_time":{"created":"Publicado em 23 de setembro de 2023 07:13","modified":"Atualizado em 23 de setembro de 2023 07:13"},"featured_img_caption":"","series_order":"","_links":{"self":[{"href":"https:\/\/sindaopcpb.org.br\/index.php\/wp-json\/wp\/v2\/posts\/35624","targetHints":{"allow":["GET"]}}],"collection":[{"href":"https:\/\/sindaopcpb.org.br\/index.php\/wp-json\/wp\/v2\/posts"}],"about":[{"href":"https:\/\/sindaopcpb.org.br\/index.php\/wp-json\/wp\/v2\/types\/post"}],"author":[{"embeddable":true,"href":"https:\/\/sindaopcpb.org.br\/index.php\/wp-json\/wp\/v2\/users\/2"}],"replies":[{"embeddable":true,"href":"https:\/\/sindaopcpb.org.br\/index.php\/wp-json\/wp\/v2\/comments?post=35624"}],"version-history":[{"count":1,"href":"https:\/\/sindaopcpb.org.br\/index.php\/wp-json\/wp\/v2\/posts\/35624\/revisions"}],"predecessor-version":[{"id":35625,"href":"https:\/\/sindaopcpb.org.br\/index.php\/wp-json\/wp\/v2\/posts\/35624\/revisions\/35625"}],"wp:attachment":[{"href":"https:\/\/sindaopcpb.org.br\/index.php\/wp-json\/wp\/v2\/media?parent=35624"}],"wp:term":[{"taxonomy":"category","embeddable":true,"href":"https:\/\/sindaopcpb.org.br\/index.php\/wp-json\/wp\/v2\/categories?post=35624"},{"taxonomy":"post_tag","embeddable":true,"href":"https:\/\/sindaopcpb.org.br\/index.php\/wp-json\/wp\/v2\/tags?post=35624"}],"curies":[{"name":"wp","href":"https:\/\/api.w.org\/{rel}","templated":true}]}}