{"id":35615,"date":"2023-09-22T20:37:06","date_gmt":"2023-09-22T23:37:06","guid":{"rendered":"https:\/\/g1.globo.com\/pb\/paraiba\/noticia\/2023\/09\/22\/irmaos-morrem-em-colisao-entre-caminhao-e-moto-na-br-2030-no-agreste-da-paraiba.ghtml"},"modified":"2023-09-22T20:37:06","modified_gmt":"2023-09-22T23:37:06","slug":"irmaos-morrem-em-colisao-entre-caminhao-e-moto-na-br-230-no-agreste-da-paraiba","status":"publish","type":"post","link":"https:\/\/sindaopcpb.org.br\/index.php\/2023\/09\/22\/irmaos-morrem-em-colisao-entre-caminhao-e-moto-na-br-230-no-agreste-da-paraiba\/","title":{"rendered":"Irm\u00e3os morrem em colis\u00e3o entre caminh\u00e3o e moto na BR-230, no Agreste da Para\u00edba"},"content":{"rendered":"   <img src=\"https:\/\/s2.glbimg.com\/aPczSWcCcD_ZUVX7EPFpUPKBmGs=\/i.s3.glbimg.com\/v1\/AUTH_59edd422c0c84a879bd37670ae4f538a\/internal_photos\/bs\/2023\/7\/a\/PZ3H42SQeft7ioUEyLNQ\/moto-e-caminhao-br-230.jpeg\" \/><br \/>     Moto pegou fogo com impacto entre ve\u00edculos. Ainda n\u00e3o se sabe o que causado o acidente. Irm\u00e3os morrem em colis\u00e3o entre caminh\u00e3o e moto na BR-2030, na Para\u00edba.\nGeraldo Jer\u00f4nimo, TV Para\u00edba\nDois irm\u00e3os morreram em colis\u00e3o frontal entre caminh\u00e3o e moto no Km 175 da BR-230, em Juazeirinho, Agreste da Para\u00edba. O caminh\u00e3o trafegava no sentido Campina Grande - Sert\u00e3o, e a moto pegou fogo com impacto entre os ve\u00edculos. \nDe acordo com informa\u00e7\u00f5es do Servi\u00e7o de Atendimento M\u00e9dico de Urg\u00eancia (Samu), a equipe foi chamada para prestar os primeiros atendimentos, mas as duas v\u00edtimas j\u00e1 tinham morrido. \nA equipe acionou o Corpo de Bombeiros e a Pol\u00edcia Rodovi\u00e1ria Federal (PRF) para realizar a per\u00edcia.\nSegundo informa\u00e7\u00f5es de testemunhas ao samu, os dois homens trabalhavam quebrando pedra em uma pedreira pr\u00f3xima ao local e estavam voltando para casa, em S\u00e3o Jos\u00e9 da Mata, distrito de Campina Grande, ap\u00f3s o trabalho. \nIrm\u00e3os mortos em acidente entre moto e caminh\u00e3o, na Para\u00edba, trabalhavam em pedreirra e estavam voltando para casa.\nGeraldo Jer\u00f4nimo, TV Para\u00edba\nNa colis\u00e3o, uma das v\u00edtimas foi arremessada para a margem da pista, o capacete saiu com o impacto. J\u00e1 o outro homem, ficou no local do acidente, com o capacete ainda na cabe\u00e7a. \nAinda n\u00e3o se sabe o que pode ter causado o acidente.\nColis\u00e3o entre caminh\u00e3o e moto foi frontal, mas ainda n\u00e3o se sabe o que causado o acidente.\nGeraldo Jer\u00f4nimo, TV Para\u00edba.\nV\u00eddeos mais assistidos do g1 Para\u00edba  ","protected":false},"excerpt":{"rendered":"<p>        Moto pegou fogo com impacto entre ve\u00edculos. Ainda n\u00e3o se sabe o que causado o acidente. Irm\u00e3os morrem em colis\u00e3o entre caminh\u00e3o e moto na BR-2030, na Para\u00edba.<br \/>\nGeraldo Jer\u00f4nimo, TV Para\u00edba<br \/>\nDois irm\u00e3os morreram em colis\u00e3o frontal entre caminh\u00e3o e&#8230;<\/p>\n","protected":false},"author":2,"featured_media":0,"comment_status":"closed","ping_status":"closed","sticky":false,"template":"","format":"standard","meta":{"advgb_blocks_editor_width":"","advgb_blocks_columns_visual_guide":"","footnotes":""},"categories":[34],"tags":[35],"class_list":["post-35615","post","type-post","status-publish","format-standard","hentry","category-g1","tag-g1"],"author_meta":{"display_name":"g1 &gt; Para\u00edba","author_link":"https:\/\/sindaopcpb.org.br\/author\/g1-paraiba\/"},"featured_img":null,"coauthors":[],"tax_additional":{"categories":{"linked":["<a href=\"https:\/\/sindaopcpb.org.br\/g1\/\" class=\"advgb-post-tax-term\">G1<\/a>"],"unlinked":["<span class=\"advgb-post-tax-term\">G1<\/span>"]},"tags":{"linked":["<a href=\"https:\/\/sindaopcpb.org.br\/g1\/\" class=\"advgb-post-tax-term\">g1<\/a>"],"unlinked":["<span class=\"advgb-post-tax-term\">g1<\/span>"]}},"comment_count":"0","relative_dates":{"created":"Publicado 3 anos atr\u00e1s","modified":"Atualizado 3 anos atr\u00e1s"},"absolute_dates":{"created":"Publicado em 22 de setembro de 2023","modified":"Atualizado em 22 de setembro de 2023"},"absolute_dates_time":{"created":"Publicado em 22 de setembro de 2023 20:37","modified":"Atualizado em 22 de setembro de 2023 20:37"},"featured_img_caption":"","series_order":"","_links":{"self":[{"href":"https:\/\/sindaopcpb.org.br\/index.php\/wp-json\/wp\/v2\/posts\/35615","targetHints":{"allow":["GET"]}}],"collection":[{"href":"https:\/\/sindaopcpb.org.br\/index.php\/wp-json\/wp\/v2\/posts"}],"about":[{"href":"https:\/\/sindaopcpb.org.br\/index.php\/wp-json\/wp\/v2\/types\/post"}],"author":[{"embeddable":true,"href":"https:\/\/sindaopcpb.org.br\/index.php\/wp-json\/wp\/v2\/users\/2"}],"replies":[{"embeddable":true,"href":"https:\/\/sindaopcpb.org.br\/index.php\/wp-json\/wp\/v2\/comments?post=35615"}],"version-history":[{"count":1,"href":"https:\/\/sindaopcpb.org.br\/index.php\/wp-json\/wp\/v2\/posts\/35615\/revisions"}],"predecessor-version":[{"id":35616,"href":"https:\/\/sindaopcpb.org.br\/index.php\/wp-json\/wp\/v2\/posts\/35615\/revisions\/35616"}],"wp:attachment":[{"href":"https:\/\/sindaopcpb.org.br\/index.php\/wp-json\/wp\/v2\/media?parent=35615"}],"wp:term":[{"taxonomy":"category","embeddable":true,"href":"https:\/\/sindaopcpb.org.br\/index.php\/wp-json\/wp\/v2\/categories?post=35615"},{"taxonomy":"post_tag","embeddable":true,"href":"https:\/\/sindaopcpb.org.br\/index.php\/wp-json\/wp\/v2\/tags?post=35615"}],"curies":[{"name":"wp","href":"https:\/\/api.w.org\/{rel}","templated":true}]}}