{"id":35608,"date":"2023-09-22T19:20:43","date_gmt":"2023-09-22T22:20:43","guid":{"rendered":"https:\/\/wpa.wscom.com.br\/?p=924130"},"modified":"2023-09-22T19:20:43","modified_gmt":"2023-09-22T22:20:43","slug":"professores-paraibanos-embarcam-para-a-espanha-para-concluir-especializacao","status":"publish","type":"post","link":"https:\/\/sindaopcpb.org.br\/index.php\/2023\/09\/22\/professores-paraibanos-embarcam-para-a-espanha-para-concluir-especializacao\/","title":{"rendered":"Professores paraibanos embarcam para a Espanha para concluir especializa\u00e7\u00e3o"},"content":{"rendered":"<p>Dezoito professores da Rede Estadual de Ensino est\u00e3o embarcando, ainda este m\u00eas, para uma imers\u00e3o de quatro semanas na Universidad de Mondragon, na Espanha, como culmin\u00e2ncia da Especializa\u00e7\u00e3o em Educa\u00e7\u00e3o Cooperativa, promovida pelo projeto Conex\u00e3o Mundo, uma iniciativa do Governo da Para\u00edba, por meio da Secretaria de Estado da Educa\u00e7\u00e3o da Para\u00edba (SEE-PB), de interc\u00e2mbio internacional.<\/p>\n<p>Os professores que est\u00e3o participando da especializa\u00e7\u00e3o foram selecionados por meio de projetos educacionais, que foram analisados por uma comiss\u00e3o julgadora do projeto Conex\u00e3o Mundo. Os 18 melhores projetos foram selecionados para serem aperfei\u00e7oados e implementados durante a especializa\u00e7\u00e3o. O curso se divide em tr\u00eas partes: a primeira aconteceu de forma remota, com a forma\u00e7\u00e3o de professores da Universidad de Mondragon; na segunda fase, os professores se encontraram pessoalmente em um Semin\u00e1rio para um momento de tutorial e desenho inicial dos projetos; por fim, nesta \u00faltima etapa, os professores viajar\u00e3o \u00e0 Espanha para aperfei\u00e7oar os projetos e, posteriormente, implementarem em suas escolas.<\/p>\n<p>A professora de Biologia, Patr\u00edcia Ribeiro, da Escola Cidad\u00e3 Integral T\u00e9cnica Mestre Sivuca, em Jo\u00e3o Pessoa, foi uma das selecionadas para a especializa\u00e7\u00e3o. Ela comentou sobre a import\u00e2ncia de discutir tem\u00e1ticas voltadas \u00e0 Educa\u00e7\u00e3o Cooperativa. \u201cHoje em dia, n\u00f3s temos que repensar a forma como, n\u00f3s professores, atuamos nas escolas. As gera\u00e7\u00f5es atuais precisam de necessidades diferentes do que anteriormente, ent\u00e3o \u00e9 preciso repensarmos o que tem sido feito nas nossas escolas. Ser\u00e1 que estamos conseguindo atender a essas necessidades para a sociedade atual e para as gera\u00e7\u00f5es futuras? A\u00ed entra a Educa\u00e7\u00e3o Cooperativa, que traz uma outra abordagem sobre Educa\u00e7\u00e3o e trabalho coletivo\u201d, explicou.<\/p>\n<p>A professora tamb\u00e9m comentou sobre a expectativa para a imers\u00e3o na Universidad de Mondragon. \u201cNessa imers\u00e3o, n\u00f3s conseguiremos ver de fato a sociedade implementando estes princ\u00edpios da Educa\u00e7\u00e3o Cooperativa. Quando vivenciamos isso, fica mais f\u00e1cil de trazer para nossa realidade e para realidade dos nossos estudantes. Al\u00e9m disso, tamb\u00e9m levaremos aspectos culturais para dentro de sala, que \u00e9 muito importante para o ensino e aprendizagem dos alunos\u201d, concluiu.<\/p>\n<p>O post <a rel=\"nofollow noopener\" href=\"https:\/\/wscom.com.br\/professores-paraibanos-embarcam-para-a-espanha-para-concluir-especializacao\/\" target=\"_blank\">Professores paraibanos embarcam para a Espanha para concluir especializa\u00e7\u00e3o<\/a> apareceu primeiro em <a rel=\"nofollow noopener\" href=\"https:\/\/wscom.com.br\/\" target=\"_blank\">WSCOM<\/a>.<\/p>\n","protected":false},"excerpt":{"rendered":"<p>Dezoito professores da Rede Estadual de Ensino est\u00e3o embarcando, ainda este m\u00eas, para uma imers\u00e3o de quatro semanas na Universidad de Mondragon, na Espanha, como culmin\u00e2ncia da Especializa\u00e7\u00e3o em Educa\u00e7\u00e3o Cooperativa, promovida pelo projeto Conex\u00e3o Mundo, uma iniciativa do Governo da Para\u00edba, por meio da Secretaria de Estado da Educa\u00e7\u00e3o da Para\u00edba (SEE-PB), de interc\u00e2mbio [\u2026]<\/p>\n<p>O post <a rel=\"nofollow\" href=\"https:\/\/wscom.com.br\/professores-paraibanos-embarcam-para-a-espanha-para-concluir-especializacao\/\">Professores paraibanos embarcam para a Espanha para concluir especializa\u00e7\u00e3o<\/a> apareceu primeiro em <a rel=\"nofollow\" href=\"https:\/\/wscom.com.br\/\">WSCOM<\/a>.<\/p>\n","protected":false},"author":50,"featured_media":0,"comment_status":"closed","ping_status":"closed","sticky":false,"template":"","format":"standard","meta":{"advgb_blocks_editor_width":"","advgb_blocks_columns_visual_guide":"","footnotes":""},"categories":[34,1133,47,732],"tags":[35],"class_list":["post-35608","post","type-post","status-publish","format-standard","hentry","category-g1","category-pb","category-politica","category-professores","tag-g1"],"author_meta":{"display_name":"Wallyson","author_link":"https:\/\/sindaopcpb.org.br\/author\/wallyson\/"},"featured_img":null,"coauthors":[],"tax_additional":{"categories":{"linked":["<a href=\"https:\/\/sindaopcpb.org.br\/g1\/\" class=\"advgb-post-tax-term\">G1<\/a>","<a href=\"https:\/\/sindaopcpb.org.br\/pb\/\" class=\"advgb-post-tax-term\">PB<\/a>","<a href=\"https:\/\/sindaopcpb.org.br\/politica\/\" class=\"advgb-post-tax-term\">POLITICA<\/a>","<a href=\"https:\/\/sindaopcpb.org.br\/professores\/\" class=\"advgb-post-tax-term\">professores<\/a>"],"unlinked":["<span class=\"advgb-post-tax-term\">G1<\/span>","<span class=\"advgb-post-tax-term\">PB<\/span>","<span class=\"advgb-post-tax-term\">POLITICA<\/span>","<span class=\"advgb-post-tax-term\">professores<\/span>"]},"tags":{"linked":["<a href=\"https:\/\/sindaopcpb.org.br\/professores\/\" class=\"advgb-post-tax-term\">g1<\/a>"],"unlinked":["<span class=\"advgb-post-tax-term\">g1<\/span>"]}},"comment_count":"0","relative_dates":{"created":"Publicado 3 anos atr\u00e1s","modified":"Atualizado 3 anos atr\u00e1s"},"absolute_dates":{"created":"Publicado em 22 de setembro de 2023","modified":"Atualizado em 22 de setembro de 2023"},"absolute_dates_time":{"created":"Publicado em 22 de setembro de 2023 19:20","modified":"Atualizado em 22 de setembro de 2023 19:20"},"featured_img_caption":"","series_order":"","_links":{"self":[{"href":"https:\/\/sindaopcpb.org.br\/index.php\/wp-json\/wp\/v2\/posts\/35608","targetHints":{"allow":["GET"]}}],"collection":[{"href":"https:\/\/sindaopcpb.org.br\/index.php\/wp-json\/wp\/v2\/posts"}],"about":[{"href":"https:\/\/sindaopcpb.org.br\/index.php\/wp-json\/wp\/v2\/types\/post"}],"author":[{"embeddable":true,"href":"https:\/\/sindaopcpb.org.br\/index.php\/wp-json\/wp\/v2\/users\/50"}],"replies":[{"embeddable":true,"href":"https:\/\/sindaopcpb.org.br\/index.php\/wp-json\/wp\/v2\/comments?post=35608"}],"version-history":[{"count":1,"href":"https:\/\/sindaopcpb.org.br\/index.php\/wp-json\/wp\/v2\/posts\/35608\/revisions"}],"predecessor-version":[{"id":35609,"href":"https:\/\/sindaopcpb.org.br\/index.php\/wp-json\/wp\/v2\/posts\/35608\/revisions\/35609"}],"wp:attachment":[{"href":"https:\/\/sindaopcpb.org.br\/index.php\/wp-json\/wp\/v2\/media?parent=35608"}],"wp:term":[{"taxonomy":"category","embeddable":true,"href":"https:\/\/sindaopcpb.org.br\/index.php\/wp-json\/wp\/v2\/categories?post=35608"},{"taxonomy":"post_tag","embeddable":true,"href":"https:\/\/sindaopcpb.org.br\/index.php\/wp-json\/wp\/v2\/tags?post=35608"}],"curies":[{"name":"wp","href":"https:\/\/api.w.org\/{rel}","templated":true}]}}