{"id":35516,"date":"2023-09-22T11:43:05","date_gmt":"2023-09-22T14:43:05","guid":{"rendered":"https:\/\/www.infomoney.com.br\/?p=2249715"},"modified":"2023-09-22T11:43:05","modified_gmt":"2023-09-22T14:43:05","slug":"ritmo-de-investimentos-em-saneamento-basico-ainda-e-insuficiente-para-universalizacao-ate-2033-alerta-economista","status":"publish","type":"post","link":"https:\/\/sindaopcpb.org.br\/index.php\/2023\/09\/22\/ritmo-de-investimentos-em-saneamento-basico-ainda-e-insuficiente-para-universalizacao-ate-2033-alerta-economista\/","title":{"rendered":"Ritmo de investimentos em saneamento b\u00e1sico ainda \u00e9 insuficiente para universaliza\u00e7\u00e3o at\u00e9 2033, alerta economista"},"content":{"rendered":"<p><img loading=\"lazy\" width=\"300\" height=\"185\" src=\"https:\/\/www.infomoney.com.br\/wp-content\/uploads\/2021\/10\/itu.jpg?fit=300%2C185&amp;quality=70&amp;strip=all\" class=\"attachment-medium size-medium wp-post-image\" alt=\"\u00c1gua \u00e9 tratada na Companhia Ituana de Saneamento (Divulga\u00e7\u00e3o\/Prefeitura)\" decoding=\"async\" style=\"float:right; margin:0 0 10px 10px;\" srcset=\"https:\/\/www.infomoney.com.br\/wp-content\/uploads\/2021\/10\/itu.jpg?w=1300&amp;quality=70&amp;strip=all 1300w, https:\/\/www.infomoney.com.br\/wp-content\/uploads\/2021\/10\/itu.jpg?w=300&amp;quality=70&amp;strip=all 300w, https:\/\/www.infomoney.com.br\/wp-content\/uploads\/2021\/10\/itu.jpg?w=768&amp;quality=70&amp;strip=all 768w, https:\/\/www.infomoney.com.br\/wp-content\/uploads\/2021\/10\/itu.jpg?w=1280&amp;quality=70&amp;strip=all 1280w, https:\/\/www.infomoney.com.br\/wp-content\/uploads\/2021\/10\/itu.jpg?w=150&amp;quality=70&amp;strip=all 150w\" sizes=\"auto, (max-width: 300px) 100vw, 300px\" data-attachment-id=\"1714885\" data-permalink=\"https:\/\/www.infomoney.com.br\/mercados\/sem-chuva-significativa-sp-e-interior-caminham-para-3a-crise-hidrica-do-seculo-com-rodizios-e-multa-para-quem-desperdica\/attachment\/itu\/\" data-orig-file=\"https:\/\/www.infomoney.com.br\/wp-content\/uploads\/2021\/10\/itu.jpg?fit=1300%2C800&amp;quality=70&amp;strip=all\" data-orig-size=\"1300,800\" data-comments-opened=\"1\" data-image-meta=\"{&quot;aperture&quot;:&quot;0&quot;,&quot;credit&quot;:&quot;&quot;,&quot;camera&quot;:&quot;&quot;,&quot;caption&quot;:&quot;&quot;,&quot;created_timestamp&quot;:&quot;0&quot;,&quot;copyright&quot;:&quot;&quot;,&quot;focal_length&quot;:&quot;0&quot;,&quot;iso&quot;:&quot;0&quot;,&quot;shutter_speed&quot;:&quot;0&quot;,&quot;title&quot;:&quot;&quot;,&quot;orientation&quot;:&quot;1&quot;}\" data-image-title=\"itu\" data-image-description=\"&lt;p&gt;\u00c1gua \u00e9 tratada na Companhia Ituana de Saneamento (Divulga\u00e7\u00e3o\/Prefeitura)&lt;\/p&gt;\n\" data-image-caption=\"&lt;p&gt;\u00c1gua \u00e9 tratada na Companhia Ituana de Saneamento (Divulga\u00e7\u00e3o\/Prefeitura)&lt;\/p&gt;\n\" data-medium-file=\"https:\/\/www.infomoney.com.br\/wp-content\/uploads\/2021\/10\/itu.jpg?fit=300%2C185&amp;quality=70&amp;strip=all\" data-large-file=\"https:\/\/www.infomoney.com.br\/wp-content\/uploads\/2021\/10\/itu.jpg?fit=1280%2C788&amp;quality=70&amp;strip=all\" title=\"\"><\/p>\n<p>O economista do Banco Nacional de Desenvolvimento Econ&ocirc;mico e Social (BNDES) Marcelo Trindade afirmou que s&atilde;o necess&aacute;rios investimentos de R$ 31,5 bilh&otilde;es por ano para alcan&ccedil;ar a meta de universaliza&ccedil;&atilde;o do sistema de saneamento b&aacute;sico at&eacute; 2033. Ele alertou, no entanto, que a m&eacute;dia entre 2008 e 2021 foi de pouco mais da metade disso. Por isso, ele prev&ecirc; que a meta seja alcan&ccedil;ada mais tarde, at&eacute; 2040.<\/p>\n<p>A declara&ccedil;&atilde;o foi feita em audi&ecirc;ncia p&uacute;blica da Comiss&atilde;o de Desenvolvimento Urbano da C&acirc;mara dos Deputados. O evento discutiu o marco regulat&oacute;rio do saneamento b&aacute;sico nesta quinta-feira (21).<\/p>\n<p>Segundo o economista, mais da metade dos investimentos em &aacute;gua pot&aacute;vel e coleta e tratamento do esgoto entre 2016 e 2020 se concentraram nas tr&ecirc;s empresas de S&atilde;o Paulo, Minas Gerais e Paran&aacute;. Marcelo Trindade explicou que h&aacute; dificuldade das demais empresas de apresentar projetos e de buscar cr&eacute;ditos.<\/p>\n<p>J&aacute; o diretor da Associa&ccedil;&atilde;o Nacional das Concession&aacute;rias Privadas de Servi&ccedil;os P&uacute;blicos de &Aacute;gua e Esgoto (Abcon), Percy Soares Neto, disse que, se for mantido o ritmo atual de investimentos, a universaliza&ccedil;&atilde;o da &aacute;gua pot&aacute;vel s&oacute; vir&aacute; em 2091 e a do esgoto, em 2060.<\/p>\n<p>O economista Marcelo Trindade destacou, por&eacute;m, que o BNDES est&aacute; auxiliando as regi&otilde;es metropolitanas e estados com projetos de concess&otilde;es, parcerias p&uacute;blico-privadas e privatiza&ccedil;&otilde;es, num total de 24, que devem atingir 30% do d&eacute;ficit. Ele afirmou que os modelos devem variar conforme a situa&ccedil;&atilde;o.<\/p>\n<p>&ldquo;O novo marco trouxe essa agenda para a agenda nacional. Muitas empresas que n&atilde;o estavam preocupadas com a universaliza&ccedil;&atilde;o passaram a ter que se preocupar. Isso foi uma contribui&ccedil;&atilde;o inestim&aacute;vel. Agora, &eacute; preciso fazer isso com diversidade de modelos. Por um motivo simples, n&atilde;o adianta for&ccedil;ar que vai ser ou o modelo p&uacute;blico ou o modelo privado. Isso depende da decis&atilde;o de cada estado e de suas assembleias legislativas&rdquo;, explicou.<\/p>\n<p>Questionado pelo deputado Max Lemos (PDT-RJ) sobre a privatiza&ccedil;&atilde;o da Sabesp, companhia de S&atilde;o Paulo, Marcelo Trindade deu a sua opini&atilde;o pessoal de que a empresa &eacute; uma das &ldquo;joias da coroa&rdquo; e n&atilde;o deveria ser privatizada agora, sendo essa a decis&atilde;o do governo estadual. Segundo ele, a Sabesp vai atrair muitos investidores e dificultar a capitaliza&ccedil;&atilde;o dos demais sistemas.<\/p>\n<h2><strong>Pequenos munic&iacute;pios<\/strong><\/h2>\n<p>O coordenador-geral de Or&ccedil;amento e Finan&ccedil;as do Minist&eacute;rio das Cidades, Jamaci Avelino, disse que, com a edi&ccedil;&atilde;o dos novos decretos que regulamentam o marco regulat&oacute;rio do saneamento b&aacute;sico, o governo acredita que ser&aacute; poss&iacute;vel destravar projetos, auxiliando os pequenos munic&iacute;pios.<\/p>\n<p>Os decretos deram prazo para que as prestadoras de servi&ccedil;os atuais comprovem capacidade econ&ocirc;mica para cumprir as metas de universaliza&ccedil;&atilde;o. Al&eacute;m disso, tornaram mais dif&iacute;cil que as empresas p&uacute;blicas prestem servi&ccedil;os sem licita&ccedil;&atilde;o em regi&otilde;es metropolitanas.<\/p>\n<p>O deputado Max Lemos pediu aos convidados mais detalhes sobre os problemas que os munic&iacute;pios v&ecirc;m enfrentando para se adequarem &agrave; legisla&ccedil;&atilde;o. &ldquo;Aonde n&oacute;s temos problema hoje, aonde n&oacute;s temos contrato que n&atilde;o esteja de acordo com o previsto na legisla&ccedil;&atilde;o. Para que a gente possa entender de que forma a gente ajuda&rdquo;, declarou.<\/p>\n<p>Nos &uacute;ltimos tr&ecirc;s anos, segundo Percy Soares Neto, foram realizados 28 leil&otilde;es na &aacute;rea de saneamento em 17 estados com R$ 98 bilh&otilde;es em investimentos contratados e outorgas. Os operadores privados j&aacute; estariam atendendo 24% da popula&ccedil;&atilde;o.<\/p>\n<\/p>\n<div class=\"cta-end\">\n<div class=\"im-cta\" >\n<div class=\"im-shortcode-forms bg-light bg-opacity-25 border rounded-4 p-3 p-sm-4 p-md-3 p-lg-4 px-xxl-5 my-5\" data-configuration='{\"form_name\":false,\"form_hat\":\"Newsletter\",\"form_email\":true,\"form_icon\":\"newsletter\",\"form_phone\":false,\"form_campaign\":\"NIM\",\"form_thankyou\":\"\",\"form_journey\":\"APIEvent-26a5198d-8e09-06ef-5f80-cd9127757ad1\",\"form_button\":\"Quero receber\",\"form_context\":\"newsletter\",\"form_origin\":\"https:\\\/\\\/www.infomoney.com.br\\\/politica\\\/feed\\\/?utm_medium=materia&#038;utm_source=infomoney&#038;utm_campaign=NIM&#038;utm_term=politica&#038;utm_content=newsletter\",\"form_position\":\"final\",\"form_category\":\"cta_form\"}'>\n<div class=\"d-flex flex-column align-items-center align-items-lg-start mb-4 flex-lg-row\">\n<div class=\"rounded-circle mb-2 mb-lg-0 mr-lg-4 me-lg-4 p-3 p-lg-4 bg-blue-400\"><svg width=\"40\" height=\"40\" viewBox=\"0 0 40 40\" fill=\"none\" xmlns=\"http:\/\/www.w3.org\/2000\/svg\"><path d=\"M20 20.25 6.042 11.042v19.041c0 .167.048.299.146.396a.535.535 0 0 0 .395.146h15.792V32.5H6.583a2.328 2.328 0 0 1-1.708-.708 2.328 2.328 0 0 1-.708-1.709V9.917c0-.667.236-1.236.708-1.709A2.328 2.328 0 0 1 6.583 7.5h26.834c.666 0 1.236.236 1.708.708a2.33 2.33 0 0 1 .708 1.709v12.458h-1.875V11.042L20 20.25Zm0-2 13.667-8.875H6.333L20 18.25Zm11.75 18.958-1.292-1.333 3.334-3.375h-9v-1.875h9l-3.375-3.417 1.333-1.291 5.667 5.625-5.667 5.666ZM6.042 11.042v20.791-9.458.25-13.25 1.667Z\" fill=\"#fff\"\/><\/svg><\/div>\n<div class=\"flex-fill text-center text-lg-left\">\n<div class=\"h6 small text-orange-700 lh-base mb-1\">Newsletter<\/div>\n<div class=\"text-body h4 m-0\">Infomorning<\/div>\n<div class=\"text-body small lh-base mt-2\">Receba no seu e-mail logo pela manh&atilde; as not&iacute;cias que v&atilde;o mexer com os mercados, com os seus investimentos e o seu bolso durante o dia<\/div>\n<\/div>\n<\/div>\n<\/div>\n<\/div>\n<\/div>\n<p>The post <a rel=\"nofollow noopener\" href=\"https:\/\/www.infomoney.com.br\/politica\/ritmo-de-investimentos-em-saneamento-basico-ainda-e-insuficiente-para-universalizacao-ate-2033-alerta-economista\/\" target=\"_blank\">Ritmo de investimentos em saneamento b\u00e1sico ainda \u00e9 insuficiente para universaliza\u00e7\u00e3o at\u00e9 2033, alerta economista<\/a> appeared first on <a rel=\"nofollow noopener\" href=\"https:\/\/www.infomoney.com.br\/\" target=\"_blank\">InfoMoney<\/a>.<\/p>\n","protected":false},"excerpt":{"rendered":"<p><img loading=\"lazy\" decoding=\"async\" width=\"300\" height=\"185\" src=\"https:\/\/www.infomoney.com.br\/wp-content\/uploads\/2021\/10\/itu.jpg?fit=300%2C185&amp;quality=70&amp;strip=all\" class=\"attachment-medium size-medium wp-post-image\" alt=\"\u00c1gua \u00e9 tratada na Companhia Ituana de Saneamento (Divulga\u00e7\u00e3o\/Prefeitura)\" data-attachment-id=\"1714885\" data-permalink=\"https:\/\/www.infomoney.com.br\/mercados\/sem-chuva-significativa-sp-e-interior-caminham-para-3a-crise-hidrica-do-seculo-com-rodizios-e-multa-para-quem-desperdica\/attachment\/itu\/\" data-orig-file=\"https:\/\/www.infomoney.com.br\/wp-content\/uploads\/2021\/10\/itu.jpg?fit=1300%2C800&amp;quality=70&amp;strip=all\" data-orig-size=\"1300,800\" data-comments-opened=\"1\" data-image-meta='{\"aperture\":\"0\",\"credit\":\"\",\"camera\":\"\",\"caption\":\"\",\"created_timestamp\":\"0\",\"copyright\":\"\",\"focal_length\":\"0\",\"iso\":\"0\",\"shutter_speed\":\"0\",\"title\":\"\",\"orientation\":\"1\"}' data-image-title=\"itu\" data-image-description=\"&lt;p&gt;\u00c1gua \u00e9 tratada na Companhia Ituana de Saneamento (Divulga\u00e7\u00e3o\/Prefeitura)&lt;\/p&gt;\n\" data-image-caption=\"&lt;p&gt;\u00c1gua \u00e9 tratada na Companhia Ituana de Saneamento (Divulga\u00e7\u00e3o\/Prefeitura)&lt;\/p&gt;\n\" data-medium-file=\"https:\/\/www.infomoney.com.br\/wp-content\/uploads\/2021\/10\/itu.jpg?fit=300%2C185&amp;quality=70&amp;strip=all\" data-large-file=\"https:\/\/www.infomoney.com.br\/wp-content\/uploads\/2021\/10\/itu.jpg?fit=1280%2C788&amp;quality=70&amp;strip=all\">Tema foi debatido em audi\u00eancia da Comiss\u00e3o de Desenvolvimento Urbano da C\u00e2mara dos Deputados<\/p>\n<p>The post <a rel=\"nofollow\" href=\"https:\/\/www.infomoney.com.br\/politica\/ritmo-de-investimentos-em-saneamento-basico-ainda-e-insuficiente-para-universalizacao-ate-2033-alerta-economista\/\">Ritmo de investimentos em saneamento b\u00e1sico ainda \u00e9 insuficiente para universaliza\u00e7\u00e3o at\u00e9 2033, alerta economista<\/a> appeared first on <a rel=\"nofollow\" href=\"https:\/\/www.infomoney.com.br\/\">InfoMoney<\/a>.<\/p>\n","protected":false},"author":47,"featured_media":0,"comment_status":"closed","ping_status":"closed","sticky":false,"template":"","format":"standard","meta":{"advgb_blocks_editor_width":"","advgb_blocks_columns_visual_guide":"","footnotes":""},"categories":[139,276,34,47,133],"tags":[35],"class_list":["post-35516","post","type-post","status-publish","format-standard","hentry","category-bndes","category-camara-dos-deputados","category-g1","category-politica","category-saneamento","tag-g1"],"author_meta":{"display_name":"luispereira","author_link":"https:\/\/sindaopcpb.org.br\/author\/luispereira\/"},"featured_img":null,"coauthors":[],"tax_additional":{"categories":{"linked":["<a href=\"https:\/\/sindaopcpb.org.br\/bndes\/\" class=\"advgb-post-tax-term\">BNDES<\/a>","<a href=\"https:\/\/sindaopcpb.org.br\/camara-dos-deputados\/\" class=\"advgb-post-tax-term\">C\u00e2mara dos Deputados<\/a>","<a href=\"https:\/\/sindaopcpb.org.br\/g1\/\" class=\"advgb-post-tax-term\">G1<\/a>","<a href=\"https:\/\/sindaopcpb.org.br\/politica\/\" class=\"advgb-post-tax-term\">POLITICA<\/a>","<a href=\"https:\/\/sindaopcpb.org.br\/saneamento\/\" class=\"advgb-post-tax-term\">Saneamento<\/a>"],"unlinked":["<span class=\"advgb-post-tax-term\">BNDES<\/span>","<span class=\"advgb-post-tax-term\">C\u00e2mara dos Deputados<\/span>","<span class=\"advgb-post-tax-term\">G1<\/span>","<span class=\"advgb-post-tax-term\">POLITICA<\/span>","<span class=\"advgb-post-tax-term\">Saneamento<\/span>"]},"tags":{"linked":["<a href=\"https:\/\/sindaopcpb.org.br\/saneamento\/\" class=\"advgb-post-tax-term\">g1<\/a>"],"unlinked":["<span class=\"advgb-post-tax-term\">g1<\/span>"]}},"comment_count":"0","relative_dates":{"created":"Publicado 3 anos atr\u00e1s","modified":"Atualizado 3 anos atr\u00e1s"},"absolute_dates":{"created":"Publicado em 22 de setembro de 2023","modified":"Atualizado em 22 de setembro de 2023"},"absolute_dates_time":{"created":"Publicado em 22 de setembro de 2023 11:43","modified":"Atualizado em 22 de setembro de 2023 11:43"},"featured_img_caption":"","series_order":"","_links":{"self":[{"href":"https:\/\/sindaopcpb.org.br\/index.php\/wp-json\/wp\/v2\/posts\/35516","targetHints":{"allow":["GET"]}}],"collection":[{"href":"https:\/\/sindaopcpb.org.br\/index.php\/wp-json\/wp\/v2\/posts"}],"about":[{"href":"https:\/\/sindaopcpb.org.br\/index.php\/wp-json\/wp\/v2\/types\/post"}],"author":[{"embeddable":true,"href":"https:\/\/sindaopcpb.org.br\/index.php\/wp-json\/wp\/v2\/users\/47"}],"replies":[{"embeddable":true,"href":"https:\/\/sindaopcpb.org.br\/index.php\/wp-json\/wp\/v2\/comments?post=35516"}],"version-history":[{"count":2,"href":"https:\/\/sindaopcpb.org.br\/index.php\/wp-json\/wp\/v2\/posts\/35516\/revisions"}],"predecessor-version":[{"id":35546,"href":"https:\/\/sindaopcpb.org.br\/index.php\/wp-json\/wp\/v2\/posts\/35516\/revisions\/35546"}],"wp:attachment":[{"href":"https:\/\/sindaopcpb.org.br\/index.php\/wp-json\/wp\/v2\/media?parent=35516"}],"wp:term":[{"taxonomy":"category","embeddable":true,"href":"https:\/\/sindaopcpb.org.br\/index.php\/wp-json\/wp\/v2\/categories?post=35516"},{"taxonomy":"post_tag","embeddable":true,"href":"https:\/\/sindaopcpb.org.br\/index.php\/wp-json\/wp\/v2\/tags?post=35516"}],"curies":[{"name":"wp","href":"https:\/\/api.w.org\/{rel}","templated":true}]}}