{"id":35512,"date":"2023-09-22T12:02:36","date_gmt":"2023-09-22T15:02:36","guid":{"rendered":"https:\/\/g1.globo.com\/pb\/paraiba\/especial-publicitario\/conselho-regional-de-engenharia-e-agronomia-da-paraiba\/crea-pb\/noticia\/2023\/09\/22\/crea-pb-participa-da-revisao-do-plano-de-gestao-integrada-da-orla-de-cabedelo.ghtml"},"modified":"2023-09-22T12:02:36","modified_gmt":"2023-09-22T15:02:36","slug":"crea-pb-participa-da-revisao-do-plano-de-gestao-integrada-da-orla-de-cabedelo","status":"publish","type":"post","link":"https:\/\/sindaopcpb.org.br\/index.php\/2023\/09\/22\/crea-pb-participa-da-revisao-do-plano-de-gestao-integrada-da-orla-de-cabedelo\/","title":{"rendered":"Crea-PB participa da revis\u00e3o do Plano de Gest\u00e3o Integrada da Orla de Cabedelo"},"content":{"rendered":"   <img src=\"https:\/\/s2.glbimg.com\/4y2YyyTNzUQF-SJc9GoKlnFPNMw=\/i.s3.glbimg.com\/v1\/AUTH_59edd422c0c84a879bd37670ae4f538a\/internal_photos\/bs\/2023\/Y\/A\/3bt28wQxyn56aoB8J2Kw\/1.jpg\" \/><br \/>     Documento busca ordenamento dos espa\u00e7os costeiros, com foco no planejamento da orla e do patrim\u00f4nio da Uni\u00e3o Crea-PB participa da revis\u00e3o do Plano de Gest\u00e3o Integrada da Orla de Cabedelo\nAscom CREA-PB\nA a\u00e7\u00e3o de revis\u00e3o do PGI - Plano de Gest\u00e3o Integrada da Orla da cidade de Cabedelo foi realizada entre os dias 23 e 29 de agosto deste ano e contou com a participa\u00e7\u00e3o de v\u00e1rios atores da sociedade civil e institui\u00e7\u00f5es p\u00fablicas, dentre elas o Conselho Regional de Engenharia e Agronomia da Para\u00edba (Crea-PB). \nA presidente em exerc\u00edcio do Crea-PB, Carmem Ele\u00f4nora Amorim, participou da abertura e falou sobre a import\u00e2ncia de se realizar o PGI de forma compartilhada e participativa. \u201cA orla de Cabedelo \u00e9 um dos ativos mais preciosos deste munic\u00edpio, e sua preserva\u00e7\u00e3o e desenvolvimento devem ser tratados com a m\u00e1xima responsabilidade e cuidado. Nesse sentido, a abordagem compartilhada \u00e9 fundamental. A gest\u00e3o integrada envolve n\u00e3o apenas profissionais da engenharia e da agronomia, mas tamb\u00e9m urbanistas, arquitetos, ambientalistas, gestores p\u00fablicos e, acima de tudo, a popula\u00e7\u00e3o\u201d, disse a gestora. \nCrea-PB participa da revis\u00e3o do Plano de Gest\u00e3o Integrada da Orla de Cabedelo\nAscom CREA-PB\nO instrumento de gest\u00e3o compartilhada da orla, em n\u00edvel local, e sua elabora\u00e7\u00e3o e revis\u00e3o inserem-se no Projeto Orla, de iniciativa federal, que busca o ordenamento dos espa\u00e7os costeiros, com foco no planejamento da orla e do patrim\u00f4nio da Uni\u00e3o ali inserido.\nNos dias 24, 25 e 28, 29 foram realizadas as Oficinas de Diagn\u00f3stico e as Oficinas de Propostas, que se inserem na Etapa 3 \u2013 Planejamento participativo da revis\u00e3o do PGI de Cabedelo. \nO assessor institucional do CreaPB, eng.civ.\/Seg.Trab. Juan \u00c9bano participou durante todos os dias de trabalho que envolveu trabalhos de campo como: visitas t\u00e9cnicas de catamar\u00e3 e de lanhca ao longo das orlas estuarina e mar\u00edtima, percorrendo os rios Mandacaru\/Jaguaribe e Para\u00edba al\u00e9m de um trajeto \u00e0 p\u00e9 pelas praias mar\u00edtimas at\u00e9 o Dique de Cabedelo.\nCrea-PB participa da revis\u00e3o do Plano de Gest\u00e3o Integrada da Orla de Cabedelo\nAscom CREA-PB\n\u201cAo trabalharmos juntos na elabora\u00e7\u00e3o e implementa\u00e7\u00e3o do Plano de Gest\u00e3o Integrada da Orla, estamos assegurando que as decis\u00f5es tomadas sejam amplamente discutidas, levando em considera\u00e7\u00e3o todas as perspectivas e necessidades da comunidade. Isso resultar\u00e1 em solu\u00e7\u00f5es mais eficazes e sustent\u00e1veis para o desenvolvimento da orla de Cabedelo\u201d, disse o assessor do Crea, Juan \u00c9bano.  ","protected":false},"excerpt":{"rendered":"<p>        Documento busca ordenamento dos espa\u00e7os costeiros, com foco no planejamento da orla e do patrim\u00f4nio da Uni\u00e3o Crea-PB participa da revis\u00e3o do Plano de Gest\u00e3o Integrada da Orla de Cabedelo<br \/>\nAscom CREA-PB<br \/>\nA a\u00e7\u00e3o de revis\u00e3o do PGI &#8211; Plano de Gest\u00e3o &#8230;<\/p>\n","protected":false},"author":2,"featured_media":0,"comment_status":"closed","ping_status":"closed","sticky":false,"template":"","format":"standard","meta":{"advgb_blocks_editor_width":"","advgb_blocks_columns_visual_guide":"","footnotes":""},"categories":[34],"tags":[35],"class_list":["post-35512","post","type-post","status-publish","format-standard","hentry","category-g1","tag-g1"],"author_meta":{"display_name":"g1 &gt; Para\u00edba","author_link":"https:\/\/sindaopcpb.org.br\/author\/g1-paraiba\/"},"featured_img":null,"coauthors":[],"tax_additional":{"categories":{"linked":["<a href=\"https:\/\/sindaopcpb.org.br\/g1\/\" class=\"advgb-post-tax-term\">G1<\/a>"],"unlinked":["<span class=\"advgb-post-tax-term\">G1<\/span>"]},"tags":{"linked":["<a href=\"https:\/\/sindaopcpb.org.br\/g1\/\" class=\"advgb-post-tax-term\">g1<\/a>"],"unlinked":["<span class=\"advgb-post-tax-term\">g1<\/span>"]}},"comment_count":"0","relative_dates":{"created":"Publicado 3 anos atr\u00e1s","modified":"Atualizado 3 anos atr\u00e1s"},"absolute_dates":{"created":"Publicado em 22 de setembro de 2023","modified":"Atualizado em 22 de setembro de 2023"},"absolute_dates_time":{"created":"Publicado em 22 de setembro de 2023 12:02","modified":"Atualizado em 22 de setembro de 2023 12:02"},"featured_img_caption":"","series_order":"","_links":{"self":[{"href":"https:\/\/sindaopcpb.org.br\/index.php\/wp-json\/wp\/v2\/posts\/35512","targetHints":{"allow":["GET"]}}],"collection":[{"href":"https:\/\/sindaopcpb.org.br\/index.php\/wp-json\/wp\/v2\/posts"}],"about":[{"href":"https:\/\/sindaopcpb.org.br\/index.php\/wp-json\/wp\/v2\/types\/post"}],"author":[{"embeddable":true,"href":"https:\/\/sindaopcpb.org.br\/index.php\/wp-json\/wp\/v2\/users\/2"}],"replies":[{"embeddable":true,"href":"https:\/\/sindaopcpb.org.br\/index.php\/wp-json\/wp\/v2\/comments?post=35512"}],"version-history":[{"count":1,"href":"https:\/\/sindaopcpb.org.br\/index.php\/wp-json\/wp\/v2\/posts\/35512\/revisions"}],"predecessor-version":[{"id":35513,"href":"https:\/\/sindaopcpb.org.br\/index.php\/wp-json\/wp\/v2\/posts\/35512\/revisions\/35513"}],"wp:attachment":[{"href":"https:\/\/sindaopcpb.org.br\/index.php\/wp-json\/wp\/v2\/media?parent=35512"}],"wp:term":[{"taxonomy":"category","embeddable":true,"href":"https:\/\/sindaopcpb.org.br\/index.php\/wp-json\/wp\/v2\/categories?post=35512"},{"taxonomy":"post_tag","embeddable":true,"href":"https:\/\/sindaopcpb.org.br\/index.php\/wp-json\/wp\/v2\/tags?post=35512"}],"curies":[{"name":"wp","href":"https:\/\/api.w.org\/{rel}","templated":true}]}}