{"id":35479,"date":"2023-09-22T10:07:23","date_gmt":"2023-09-22T13:07:23","guid":{"rendered":"https:\/\/www.infomoney.com.br\/?p=2249467"},"modified":"2023-09-22T10:07:23","modified_gmt":"2023-09-22T13:07:23","slug":"analistas-avaliam-impactos-de-delacao-de-cid-mas-esperam-que-bolsonaro-mantenha-destaque-na-direita","status":"publish","type":"post","link":"https:\/\/sindaopcpb.org.br\/index.php\/2023\/09\/22\/analistas-avaliam-impactos-de-delacao-de-cid-mas-esperam-que-bolsonaro-mantenha-destaque-na-direita\/","title":{"rendered":"Analistas avaliam impactos de dela\u00e7\u00e3o de Cid, mas esperam que Bolsonaro mantenha destaque na direita"},"content":{"rendered":"<p><img loading=\"lazy\" width=\"300\" height=\"199\" src=\"https:\/\/www.infomoney.com.br\/wp-content\/uploads\/2023\/09\/Bolsonaro_Cid.jpg?fit=300%2C199&amp;quality=70&amp;strip=all\" class=\"attachment-medium size-medium wp-post-image\" alt=\"\" decoding=\"async\" style=\"float:right; margin:0 0 10px 10px;\" srcset=\"https:\/\/www.infomoney.com.br\/wp-content\/uploads\/2023\/09\/Bolsonaro_Cid.jpg?w=1327&amp;quality=70&amp;strip=all 1327w, https:\/\/www.infomoney.com.br\/wp-content\/uploads\/2023\/09\/Bolsonaro_Cid.jpg?w=300&amp;quality=70&amp;strip=all 300w, https:\/\/www.infomoney.com.br\/wp-content\/uploads\/2023\/09\/Bolsonaro_Cid.jpg?w=768&amp;quality=70&amp;strip=all 768w, https:\/\/www.infomoney.com.br\/wp-content\/uploads\/2023\/09\/Bolsonaro_Cid.jpg?w=1280&amp;quality=70&amp;strip=all 1280w, https:\/\/www.infomoney.com.br\/wp-content\/uploads\/2023\/09\/Bolsonaro_Cid.jpg?w=150&amp;quality=70&amp;strip=all 150w\" sizes=\"auto, (max-width: 300px) 100vw, 300px\" data-attachment-id=\"2249571\" data-permalink=\"https:\/\/www.infomoney.com.br\/politica\/analistas-avaliam-impactos-de-delacao-de-mauro-cid-mas-esperam-que-bolsonaro-mantenha-destaque-na-direita\/attachment\/bolsonaro_cid\/\" data-orig-file=\"https:\/\/www.infomoney.com.br\/wp-content\/uploads\/2023\/09\/Bolsonaro_Cid.jpg?fit=1327%2C880&amp;quality=70&amp;strip=all\" data-orig-size=\"1327,880\" data-comments-opened=\"0\" data-image-meta=\"{&quot;aperture&quot;:&quot;0&quot;,&quot;credit&quot;:&quot;&quot;,&quot;camera&quot;:&quot;&quot;,&quot;caption&quot;:&quot;&quot;,&quot;created_timestamp&quot;:&quot;0&quot;,&quot;copyright&quot;:&quot;&quot;,&quot;focal_length&quot;:&quot;0&quot;,&quot;iso&quot;:&quot;0&quot;,&quot;shutter_speed&quot;:&quot;0&quot;,&quot;title&quot;:&quot;&quot;,&quot;orientation&quot;:&quot;0&quot;}\" data-image-title=\"Jair Bolsonaro e Mauro Cid\" data-image-description=\"\" data-image-caption=\"&lt;p&gt;O presidente Jair Bolsonaro (PL) e seu ajudante de ordens, o tenente-coronel Mauro Cid (Foto: Alan dos Santos\/Presid\u00eancia da Rep\u00fablica)&lt;\/p&gt;\n\" data-medium-file=\"https:\/\/www.infomoney.com.br\/wp-content\/uploads\/2023\/09\/Bolsonaro_Cid.jpg?fit=300%2C199&amp;quality=70&amp;strip=all\" data-large-file=\"https:\/\/www.infomoney.com.br\/wp-content\/uploads\/2023\/09\/Bolsonaro_Cid.jpg?fit=1280%2C849&amp;quality=70&amp;strip=all\" title=\"\"><\/p>\n<p>As primeiras not&iacute;cias envolvendo a dela&ccedil;&atilde;o premiada do tenente-coronel <strong>Mauro Cid<\/strong>, ex-ajudante de ordens da Presid&ecirc;ncia da Rep&uacute;blica, tiveram forte repercuss&atilde;o no meio pol&iacute;tico e ampliaram as especula&ccedil;&otilde;es sobre a situa&ccedil;&atilde;o do ex-presidente <strong>Jair Bolsonaro (PL)<\/strong> e os rumos da direita no Brasil.<\/p>\n<p>Cid estava preso desde maio, ap&oacute;s uma opera&ccedil;&atilde;o da Pol&iacute;cia Federal para investigar a adultera&ccedil;&atilde;o de cart&otilde;es de vacina&ccedil;&atilde;o no contexto da pandemia de Covid-19. Mas deixou a pris&atilde;o pouco menos de duas semanas atr&aacute;s, ap&oacute;s o ministro Alexandre de Moraes, do Supremo Tribunal Federal (STF), homologar o acordo de dela&ccedil;&atilde;o premiada celebrado com a PF.<\/p>\n<p>A decis&atilde;o do tenente-coronel, uma das figuras mais pr&oacute;ximas de Jair Bolsonaro durante seus quatro anos de mandato &agrave; frente do Pal&aacute;cio do Planalto, de colaborar com as investiga&ccedil;&otilde;es ocorreu em meio ao avan&ccedil;o das descobertas no caso envolvendo as joias recebidas de presente pelo ent&atilde;o mandat&aacute;rio.<\/p>\n<p>As apura&ccedil;&otilde;es chegaram ao nome do general do Ex&eacute;rcito Mauro Cesar Lorena Cid, pai do ex-ajudante de ordens de Bolsonaro. O que ampliou o constrangimento nas For&ccedil;as Armadas.<\/p>\n<p>Ontem (21), o site <em>UOL<\/em> e o jornal <em>O Globo<\/em> informaram que, em um dos depoimentos pelo acordo de dela&ccedil;&atilde;o premiada, Mauro Cid teria dito que, ap&oacute;s a derrota nas elei&ccedil;&otilde;es do ano passado, Bolsonaro recebeu de seu assessor Filipe Martins uma minuta de decreto para convocar novas elei&ccedil;&otilde;es, que inclu&iacute;a a pris&atilde;o de advers&aacute;rios.<\/p>\n<p>De acordo com as publica&ccedil;&otilde;es, Cid teria dito que Bolsonaro submeteu o teor do documento em conversa com militares de alta patente. O depoente afirmaria, ainda, que o ent&atilde;o comandante da Marinha, almirante Almir Garnier, manifestou-se favoravelmente ao plano golpista nas conversas, mas n&atilde;o houve ades&atilde;o do Alto Comando das For&ccedil;as Armadas, especialmente do Ex&eacute;rcito.<\/p>\n<p>A defesa de Bolsonaro, por sua vez, disse que ele n&atilde;o compactuou com medidas sem respaldo na legisla&ccedil;&atilde;o e que sempre &ldquo;jogou dentro das quatro linhas da Constitui&ccedil;&atilde;o Federal&rdquo;. Em nota, os advogados afirmaram, ainda, sem citar Cid, que v&atilde;o adotar as medidas judiciais cab&iacute;veis contra eventuais cal&uacute;nias em dela&ccedil;&atilde;o.<\/p>\n<p>A 49&ordf; edi&ccedil;&atilde;o do <strong>Bar&ocirc;metro do Poder<\/strong>, levantamento feito mensalmente pelo <strong>InfoMoney<\/strong> com consultorias e analistas independentes sobre alguns dos principais temas em discuss&atilde;o na pol&iacute;tica nacional, revela algumas impress&otilde;es sobre o potencial impacto do novo momento das investiga&ccedil;&otilde;es.<\/p>\n<p>O levantamento, realizado entre os dias 12 e 15 de setembro (portanto, antes da publica&ccedil;&atilde;o de trecho do conte&uacute;do supostamente delatado pelo depoente), mostra que 43% dos analistas pol&iacute;ticos consultados consideram &ldquo;alto&rdquo; o potencial impacto da dela&ccedil;&atilde;o de Cid sobre o capital pol&iacute;tico de Bolsonaro. Outros 43% consideram &ldquo;moderado&rdquo;, e 14%, &ldquo;baixo&rdquo;.<\/p>\n<p>Considerando uma escala de 1 (muito baixo) a 5 (muito alto), a m&eacute;dia das respostas indicou um impacto na casa de 3,29 &#8210; levemente acima da m&eacute;dia.<\/p>\n<p><img loading=\"lazy\" data-attachment-id=\"2249510\" data-permalink=\"https:\/\/www.infomoney.com.br\/politica\/analistas-avaliam-impactos-de-delacao-de-mauro-cid-mas-esperam-que-bolsonaro-mantenha-destaque-na-direita\/attachment\/barometro-do-poder-2209a\/\" data-orig-file=\"https:\/\/www.infomoney.com.br\/wp-content\/uploads\/2023\/09\/Barometro-do-Poder-2209A.jpg?fit=1084%2C612&amp;quality=70&amp;strip=all\" data-orig-size=\"1084,612\" data-comments-opened=\"0\" data-image-meta=\"{&quot;aperture&quot;:&quot;0&quot;,&quot;credit&quot;:&quot;&quot;,&quot;camera&quot;:&quot;&quot;,&quot;caption&quot;:&quot;&quot;,&quot;created_timestamp&quot;:&quot;0&quot;,&quot;copyright&quot;:&quot;&quot;,&quot;focal_length&quot;:&quot;0&quot;,&quot;iso&quot;:&quot;0&quot;,&quot;shutter_speed&quot;:&quot;0&quot;,&quot;title&quot;:&quot;&quot;,&quot;orientation&quot;:&quot;0&quot;}\" data-image-title=\"Barometro-do-Poder-2209A\" data-image-description=\"\" data-image-caption=\"\" data-medium-file=\"https:\/\/www.infomoney.com.br\/wp-content\/uploads\/2023\/09\/Barometro-do-Poder-2209A.jpg?fit=300%2C169&amp;quality=70&amp;strip=all\" data-large-file=\"https:\/\/www.infomoney.com.br\/wp-content\/uploads\/2023\/09\/Barometro-do-Poder-2209A.jpg?fit=1084%2C612&amp;quality=70&amp;strip=all\" decoding=\"async\" class=\"img-fluid alignnone wp-image-2249510\" src=\"https:\/\/www.infomoney.com.br\/wp-content\/uploads\/2023\/09\/Barometro-do-Poder-2209A.jpg?quality=70&#038;resize=600%2C339&#038;%23038;strip=all\" alt=\"\" width=\"600\" height=\"339\" srcset=\"https:\/\/www.infomoney.com.br\/wp-content\/uploads\/2023\/09\/Barometro-do-Poder-2209A.jpg?w=1084&amp;quality=70&amp;strip=all 1084w, https:\/\/www.infomoney.com.br\/wp-content\/uploads\/2023\/09\/Barometro-do-Poder-2209A.jpg?w=300&amp;quality=70&amp;strip=all 300w, https:\/\/www.infomoney.com.br\/wp-content\/uploads\/2023\/09\/Barometro-do-Poder-2209A.jpg?w=768&amp;quality=70&amp;strip=all 768w, https:\/\/www.infomoney.com.br\/wp-content\/uploads\/2023\/09\/Barometro-do-Poder-2209A.jpg?w=360&amp;quality=70&amp;strip=all 360w, https:\/\/www.infomoney.com.br\/wp-content\/uploads\/2023\/09\/Barometro-do-Poder-2209A.jpg?w=150&amp;quality=70&amp;strip=all 150w\" sizes=\"auto, (max-width: 600px) 100vw, 600px\" data-recalc-dims=\"1\" title=\"\"><\/p>\n<p><a href=\"https:\/\/www.infomoney.com.br\/wp-content\/uploads\/2023\/09\/INF_barometro_49_Setembro2023-1.pdf\" rel=\"nofollow noopener\" target=\"_blank\"><strong>Clique aqui para acessar a &iacute;ntegra.<\/strong><\/a><\/p>\n<p>Apesar dos impactos esperados com a dela&ccedil;&atilde;o premiada de Mauro Cid e de alguns reveses sofridos na Justi&ccedil;a, como a decis&atilde;o do Tribunal Superior Eleitoral (TSE) por torn&aacute;-lo ineleg&iacute;vel, Bolsonaro &eacute; visto por muitos especialistas como expoente na direita brasileira.<\/p>\n<p>Quase metade (43%) dos analistas consultados pelo <strong>Bar&ocirc;metro do Poder<\/strong> acredita que, mesmo com o impedimento para disputar as pr&oacute;ximas elei&ccedil;&otilde;es, Bolsonaro continuar&aacute; como a principal lideran&ccedil;a da direita no pa&iacute;s.<\/p>\n<p>Outros 50% veem o governador de S&atilde;o Paulo, Tarc&iacute;sio de Freitas (Republicanos), ex-ministro da Infraestrutura na gest&atilde;o Bolsonaro, como seu sucessor natural. E 7% apontam o governador de Minas Gerais, Romeu Zema (Novo).<\/p>\n<p><img loading=\"lazy\" data-attachment-id=\"2249536\" data-permalink=\"https:\/\/www.infomoney.com.br\/politica\/analistas-avaliam-impactos-de-delacao-de-mauro-cid-mas-esperam-que-bolsonaro-mantenha-destaque-na-direita\/attachment\/barometro-do-poder-2209b\/\" data-orig-file=\"https:\/\/www.infomoney.com.br\/wp-content\/uploads\/2023\/09\/Barometro-do-Poder-2209B.jpg?fit=1086%2C604&amp;quality=70&amp;strip=all\" data-orig-size=\"1086,604\" data-comments-opened=\"0\" data-image-meta=\"{&quot;aperture&quot;:&quot;0&quot;,&quot;credit&quot;:&quot;&quot;,&quot;camera&quot;:&quot;&quot;,&quot;caption&quot;:&quot;&quot;,&quot;created_timestamp&quot;:&quot;0&quot;,&quot;copyright&quot;:&quot;&quot;,&quot;focal_length&quot;:&quot;0&quot;,&quot;iso&quot;:&quot;0&quot;,&quot;shutter_speed&quot;:&quot;0&quot;,&quot;title&quot;:&quot;&quot;,&quot;orientation&quot;:&quot;0&quot;}\" data-image-title=\"Barometro-do-Poder-2209B\" data-image-description=\"\" data-image-caption=\"\" data-medium-file=\"https:\/\/www.infomoney.com.br\/wp-content\/uploads\/2023\/09\/Barometro-do-Poder-2209B.jpg?fit=300%2C167&amp;quality=70&amp;strip=all\" data-large-file=\"https:\/\/www.infomoney.com.br\/wp-content\/uploads\/2023\/09\/Barometro-do-Poder-2209B.jpg?fit=1086%2C604&amp;quality=70&amp;strip=all\" decoding=\"async\" class=\"img-fluid alignnone wp-image-2249536\" src=\"https:\/\/www.infomoney.com.br\/wp-content\/uploads\/2023\/09\/Barometro-do-Poder-2209B.jpg?quality=70&#038;resize=602%2C335&#038;%23038;strip=all\" alt=\"\" width=\"602\" height=\"335\" srcset=\"https:\/\/www.infomoney.com.br\/wp-content\/uploads\/2023\/09\/Barometro-do-Poder-2209B.jpg?w=1086&amp;quality=70&amp;strip=all 1086w, https:\/\/www.infomoney.com.br\/wp-content\/uploads\/2023\/09\/Barometro-do-Poder-2209B.jpg?w=300&amp;quality=70&amp;strip=all 300w, https:\/\/www.infomoney.com.br\/wp-content\/uploads\/2023\/09\/Barometro-do-Poder-2209B.jpg?w=768&amp;quality=70&amp;strip=all 768w, https:\/\/www.infomoney.com.br\/wp-content\/uploads\/2023\/09\/Barometro-do-Poder-2209B.jpg?w=150&amp;quality=70&amp;strip=all 150w\" sizes=\"auto, (max-width: 602px) 100vw, 602px\" data-recalc-dims=\"1\" title=\"\"><\/p>\n<p>Esta edi&ccedil;&atilde;o do&nbsp;<strong>Bar&ocirc;metro do Poder<\/strong>&nbsp;ouviu 12 consultorias pol&iacute;ticas &ndash; Control Risks; Dharma Political Risk &amp; Strategy; Empower Consultoria; Eurasia Group; Medley Global Advisors; Patri Pol&iacute;ticas P&uacute;blicas; Ponteio Pol&iacute;tica; Prospectiva Consultoria; Pulso P&uacute;blico; Tend&ecirc;ncias Consultoria Integrada; Vector Rela&ccedil;&otilde;es Governamentais; e Warren Rena &ndash; e 2 analistas independentes &ndash; Carlos Melo (Insper); e Thomas Traumann.<\/p>\n<p>Conforme acordado previamente com os participantes, os resultados s&atilde;o divulgados apenas de forma agregada, sendo preservado o anonimato das respostas e dos coment&aacute;rios.<\/p>\n<p><a href=\"https:\/\/www.infomoney.com.br\/wp-content\/uploads\/2023\/09\/INF_barometro_49_Setembro2023-1.pdf\" rel=\"nofollow noopener\" target=\"_blank\"><strong>Clique aqui para acessar a &iacute;ntegra.<\/strong><\/a><\/p>\n<\/p>\n<div class=\"cta-end\">\n<div class=\"im-cta\" >\n<div class=\"im-shortcode-forms bg-light bg-opacity-25 border rounded-4 p-3 p-sm-4 p-md-3 p-lg-4 px-xxl-5 my-5\" data-configuration='{\"form_name\":false,\"form_hat\":\"Newsletter\",\"form_email\":true,\"form_icon\":\"newsletter\",\"form_phone\":false,\"form_campaign\":\"NIM\",\"form_thankyou\":\"\",\"form_journey\":\"APIEvent-26a5198d-8e09-06ef-5f80-cd9127757ad1\",\"form_button\":\"Quero receber\",\"form_context\":\"newsletter\",\"form_origin\":\"https:\\\/\\\/www.infomoney.com.br\\\/politica\\\/feed\\\/?utm_medium=materia&#038;utm_source=infomoney&#038;utm_campaign=NIM&#038;utm_term=politica&#038;utm_content=newsletter\",\"form_position\":\"final\",\"form_category\":\"cta_form\"}'>\n<div class=\"d-flex flex-column align-items-center align-items-lg-start mb-4 flex-lg-row\">\n<div class=\"rounded-circle mb-2 mb-lg-0 mr-lg-4 me-lg-4 p-3 p-lg-4 bg-blue-400\"><svg width=\"40\" height=\"40\" viewBox=\"0 0 40 40\" fill=\"none\" xmlns=\"http:\/\/www.w3.org\/2000\/svg\"><path d=\"M20 20.25 6.042 11.042v19.041c0 .167.048.299.146.396a.535.535 0 0 0 .395.146h15.792V32.5H6.583a2.328 2.328 0 0 1-1.708-.708 2.328 2.328 0 0 1-.708-1.709V9.917c0-.667.236-1.236.708-1.709A2.328 2.328 0 0 1 6.583 7.5h26.834c.666 0 1.236.236 1.708.708a2.33 2.33 0 0 1 .708 1.709v12.458h-1.875V11.042L20 20.25Zm0-2 13.667-8.875H6.333L20 18.25Zm11.75 18.958-1.292-1.333 3.334-3.375h-9v-1.875h9l-3.375-3.417 1.333-1.291 5.667 5.625-5.667 5.666ZM6.042 11.042v20.791-9.458.25-13.25 1.667Z\" fill=\"#fff\"\/><\/svg><\/div>\n<div class=\"flex-fill text-center text-lg-left\">\n<div class=\"h6 small text-orange-700 lh-base mb-1\">Newsletter<\/div>\n<div class=\"text-body h4 m-0\">Infomorning<\/div>\n<div class=\"text-body small lh-base mt-2\">Receba no seu e-mail logo pela manh&atilde; as not&iacute;cias que v&atilde;o mexer com os mercados, com os seus investimentos e o seu bolso durante o dia<\/div>\n<\/div>\n<\/div>\n<\/div>\n<\/div>\n<\/div>\n<p>The post <a rel=\"nofollow noopener\" href=\"https:\/\/www.infomoney.com.br\/politica\/analistas-avaliam-impactos-de-delacao-de-mauro-cid-mas-esperam-que-bolsonaro-mantenha-destaque-na-direita\/\" target=\"_blank\">Analistas avaliam impactos de dela\u00e7\u00e3o de Cid, mas esperam que Bolsonaro mantenha destaque na direita<\/a> appeared first on <a rel=\"nofollow noopener\" href=\"https:\/\/www.infomoney.com.br\/\" target=\"_blank\">InfoMoney<\/a>.<\/p>\n","protected":false},"excerpt":{"rendered":"<p><img loading=\"lazy\" decoding=\"async\" width=\"300\" height=\"199\" src=\"https:\/\/www.infomoney.com.br\/wp-content\/uploads\/2023\/09\/Bolsonaro_Cid.jpg?fit=300%2C199&amp;quality=70&amp;strip=all\" class=\"attachment-medium size-medium wp-post-image\" alt=\"\" data-attachment-id=\"2249571\" data-permalink=\"https:\/\/www.infomoney.com.br\/politica\/analistas-avaliam-impactos-de-delacao-de-mauro-cid-mas-esperam-que-bolsonaro-mantenha-destaque-na-direita\/attachment\/bolsonaro_cid\/\" data-orig-file=\"https:\/\/www.infomoney.com.br\/wp-content\/uploads\/2023\/09\/Bolsonaro_Cid.jpg?fit=1327%2C880&amp;quality=70&amp;strip=all\" data-orig-size=\"1327,880\" data-comments-opened=\"0\" data-image-meta='{\"aperture\":\"0\",\"credit\":\"\",\"camera\":\"\",\"caption\":\"\",\"created_timestamp\":\"0\",\"copyright\":\"\",\"focal_length\":\"0\",\"iso\":\"0\",\"shutter_speed\":\"0\",\"title\":\"\",\"orientation\":\"0\"}' data-image-title=\"Jair Bolsonaro e Mauro Cid\" data-image-description=\"\" data-image-caption=\"&lt;p&gt;O presidente Jair Bolsonaro (PL) e seu ajudante de ordens, o tenente-coronel Mauro Cid (Foto: Alan dos Santos\/Presid\u00eancia da Rep\u00fablica)&lt;\/p&gt;\n\" data-medium-file=\"https:\/\/www.infomoney.com.br\/wp-content\/uploads\/2023\/09\/Bolsonaro_Cid.jpg?fit=300%2C199&amp;quality=70&amp;strip=all\" data-large-file=\"https:\/\/www.infomoney.com.br\/wp-content\/uploads\/2023\/09\/Bolsonaro_Cid.jpg?fit=1280%2C849&amp;quality=70&amp;strip=all\">Mesmo ap\u00f3s inelegibilidade, quase metade dos especialistas consultados pelo InfoMoney acreditam que ex-presidente permanecer\u00e1 em posi\u00e7\u00e3o de lideran\u00e7a<\/p>\n<p>The post <a rel=\"nofollow\" href=\"https:\/\/www.infomoney.com.br\/politica\/analistas-avaliam-impactos-de-delacao-de-mauro-cid-mas-esperam-que-bolsonaro-mantenha-destaque-na-direita\/\">Analistas avaliam impactos de dela\u00e7\u00e3o de Cid, mas esperam que Bolsonaro mantenha destaque na direita<\/a> appeared first on <a rel=\"nofollow\" href=\"https:\/\/www.infomoney.com.br\/\">InfoMoney<\/a>.<\/p>\n","protected":false},"author":52,"featured_media":0,"comment_status":"closed","ping_status":"closed","sticky":false,"template":"","format":"standard","meta":{"advgb_blocks_editor_width":"","advgb_blocks_columns_visual_guide":"","footnotes":""},"categories":[2112,8834,34,1307,135,2144,768,47],"tags":[35],"class_list":["post-35479","post","type-post","status-publish","format-standard","hentry","category-barometro-do-poder","category-delacao-premiada","category-g1","category-investigacao","category-jair-bolsonaro","category-mauro-cid","category-policia-federal","category-politica","tag-g1"],"author_meta":{"display_name":"Marcos Mortari","author_link":"https:\/\/sindaopcpb.org.br\/author\/marcos-mortari\/"},"featured_img":null,"coauthors":[],"tax_additional":{"categories":{"linked":["<a href=\"https:\/\/sindaopcpb.org.br\/barometro-do-poder\/\" class=\"advgb-post-tax-term\">Bar\u00f4metro do Poder<\/a>","<a href=\"https:\/\/sindaopcpb.org.br\/delacao-premiada\/\" class=\"advgb-post-tax-term\">Dela\u00e7\u00e3o Premiada<\/a>","<a href=\"https:\/\/sindaopcpb.org.br\/g1\/\" class=\"advgb-post-tax-term\">G1<\/a>","<a href=\"https:\/\/sindaopcpb.org.br\/investigacao\/\" class=\"advgb-post-tax-term\">investiga\u00e7\u00e3o<\/a>","<a href=\"https:\/\/sindaopcpb.org.br\/jair-bolsonaro\/\" class=\"advgb-post-tax-term\">Jair Bolsonaro<\/a>","<a href=\"https:\/\/sindaopcpb.org.br\/mauro-cid\/\" class=\"advgb-post-tax-term\">Mauro Cid<\/a>","<a href=\"https:\/\/sindaopcpb.org.br\/policia-federal\/\" class=\"advgb-post-tax-term\">Policia Federal<\/a>","<a href=\"https:\/\/sindaopcpb.org.br\/politica\/\" class=\"advgb-post-tax-term\">POLITICA<\/a>"],"unlinked":["<span class=\"advgb-post-tax-term\">Bar\u00f4metro do Poder<\/span>","<span class=\"advgb-post-tax-term\">Dela\u00e7\u00e3o Premiada<\/span>","<span class=\"advgb-post-tax-term\">G1<\/span>","<span class=\"advgb-post-tax-term\">investiga\u00e7\u00e3o<\/span>","<span class=\"advgb-post-tax-term\">Jair Bolsonaro<\/span>","<span class=\"advgb-post-tax-term\">Mauro Cid<\/span>","<span class=\"advgb-post-tax-term\">Policia Federal<\/span>","<span class=\"advgb-post-tax-term\">POLITICA<\/span>"]},"tags":{"linked":["<a href=\"https:\/\/sindaopcpb.org.br\/politica\/\" class=\"advgb-post-tax-term\">g1<\/a>"],"unlinked":["<span class=\"advgb-post-tax-term\">g1<\/span>"]}},"comment_count":"0","relative_dates":{"created":"Publicado 3 anos atr\u00e1s","modified":"Atualizado 3 anos atr\u00e1s"},"absolute_dates":{"created":"Publicado em 22 de setembro de 2023","modified":"Atualizado em 22 de setembro de 2023"},"absolute_dates_time":{"created":"Publicado em 22 de setembro de 2023 10:07","modified":"Atualizado em 22 de setembro de 2023 10:07"},"featured_img_caption":"","series_order":"","_links":{"self":[{"href":"https:\/\/sindaopcpb.org.br\/index.php\/wp-json\/wp\/v2\/posts\/35479","targetHints":{"allow":["GET"]}}],"collection":[{"href":"https:\/\/sindaopcpb.org.br\/index.php\/wp-json\/wp\/v2\/posts"}],"about":[{"href":"https:\/\/sindaopcpb.org.br\/index.php\/wp-json\/wp\/v2\/types\/post"}],"author":[{"embeddable":true,"href":"https:\/\/sindaopcpb.org.br\/index.php\/wp-json\/wp\/v2\/users\/52"}],"replies":[{"embeddable":true,"href":"https:\/\/sindaopcpb.org.br\/index.php\/wp-json\/wp\/v2\/comments?post=35479"}],"version-history":[{"count":1,"href":"https:\/\/sindaopcpb.org.br\/index.php\/wp-json\/wp\/v2\/posts\/35479\/revisions"}],"predecessor-version":[{"id":35480,"href":"https:\/\/sindaopcpb.org.br\/index.php\/wp-json\/wp\/v2\/posts\/35479\/revisions\/35480"}],"wp:attachment":[{"href":"https:\/\/sindaopcpb.org.br\/index.php\/wp-json\/wp\/v2\/media?parent=35479"}],"wp:term":[{"taxonomy":"category","embeddable":true,"href":"https:\/\/sindaopcpb.org.br\/index.php\/wp-json\/wp\/v2\/categories?post=35479"},{"taxonomy":"post_tag","embeddable":true,"href":"https:\/\/sindaopcpb.org.br\/index.php\/wp-json\/wp\/v2\/tags?post=35479"}],"curies":[{"name":"wp","href":"https:\/\/api.w.org\/{rel}","templated":true}]}}