{"id":35468,"date":"2023-09-22T08:45:07","date_gmt":"2023-09-22T11:45:07","guid":{"rendered":"https:\/\/wpa.wscom.com.br\/?p=924020"},"modified":"2023-09-22T08:45:07","modified_gmt":"2023-09-22T11:45:07","slug":"idosa-morre-atropelada-ao-atravessar-faixa-de-pedestre-em-guarabira-veja-video","status":"publish","type":"post","link":"https:\/\/sindaopcpb.org.br\/index.php\/2023\/09\/22\/idosa-morre-atropelada-ao-atravessar-faixa-de-pedestre-em-guarabira-veja-video\/","title":{"rendered":"Idosa morre atropelada ao atravessar faixa de pedestre em Guarabira; veja v\u00eddeo"},"content":{"rendered":"<p>&nbsp;<\/p>\n<p>&nbsp;<\/p>\n<p>Uma idosa de 67 anos, conhecida como &#8216;Maria de Lurdes&#8217;, morreu na noite de quinta-feira (21) em Guarabira, ap\u00f3s ser atropelada por uma motocicleta enquanto atravessava a faixa de pedestre na avenida Pedro II, principal via da cidade.<\/p>\n<p>Imagens de uma c\u00e2mera de seguran\u00e7a registraram o momento do acidente, onde \u00e9 vis\u00edvel a passagem de um \u00f4nibus de transporte escolar seguido pela tentativa da senhora de cruzar a faixa. A colis\u00e3o ocorreu quando ela j\u00e1 estava no meio da travessia, resultando na queda tanto da idosa quanto do condutor e passageiro da moto.<\/p>\n<p>O Servi\u00e7o de Atendimento M\u00f3vel de Urg\u00eancia (Samu) foi acionado, mas infelizmente a senhora n\u00e3o resistiu aos ferimentos. O condutor da motocicleta, que n\u00e3o possu\u00eda Carteira Nacional de Habilita\u00e7\u00e3o (CNH), foi levado \u00e0 delegacia de Guarabira, ouvido e liberado. At\u00e9 o momento, n\u00e3o h\u00e1 informa\u00e7\u00f5es sobre o estado de sa\u00fade do condutor e passageiro da moto.<\/p>\n<p><strong>Veja o momento do acidente:<\/strong><\/p>\n<div style=\"width: 400px;\" class=\"wp-video\"><!--[if lt IE 9]><script>document.createElement('video');<\/script><![endif]--><br \/>\n<video class=\"wp-video-shortcode\" id=\"video-924020-1\" width=\"400\" height=\"288\" preload=\"metadata\" controls=\"controls\"><source type=\"video\/mp4\" src=\"https:\/\/wpa.wscom.com.br\/wp-content\/uploads\/2023\/09\/ssstwitter.com_1695383060068.mp4?_=1\" \/><a href=\"https:\/\/wpa.wscom.com.br\/wp-content\/uploads\/2023\/09\/ssstwitter.com_1695383060068.mp4\" rel=\"nofollow noopener\" target=\"_blank\">https:\/\/wpa.wscom.com.br\/wp-content\/uploads\/2023\/09\/ssstwitter.com_1695383060068.mp4<\/a><\/video><\/div>\n<p>O post <a rel=\"nofollow noopener\" href=\"https:\/\/wscom.com.br\/idosa-morre-atropelada-ao-atravessar-faixa-de-pedestre-em-guarabira\/\" target=\"_blank\">Idosa morre atropelada ao atravessar faixa de pedestre em Guarabira; veja v\u00eddeo<\/a> apareceu primeiro em <a rel=\"nofollow noopener\" href=\"https:\/\/wscom.com.br\/\" target=\"_blank\">WSCOM<\/a>.<\/p>\n","protected":false},"excerpt":{"rendered":"<p>\u00a0 \u00a0 Uma idosa de 67 anos, conhecida como \u2018Maria de Lurdes\u2019, morreu na noite de quinta-feira (21) em Guarabira, ap\u00f3s ser atropelada por uma motocicleta enquanto atravessava a faixa de pedestre na avenida Pedro II, principal via da cidade. Imagens de uma c\u00e2mera de seguran\u00e7a registraram o momento do acidente, onde \u00e9 vis\u00edvel a [\u2026]<\/p>\n<p>O post <a rel=\"nofollow\" href=\"https:\/\/wscom.com.br\/idosa-morre-atropelada-ao-atravessar-faixa-de-pedestre-em-guarabira\/\">Idosa morre atropelada ao atravessar faixa de pedestre em Guarabira; veja v\u00eddeo<\/a> apareceu primeiro em <a rel=\"nofollow\" href=\"https:\/\/wscom.com.br\/\">WSCOM<\/a>.<\/p>\n","protected":false},"author":42,"featured_media":0,"comment_status":"closed","ping_status":"closed","sticky":false,"template":"","format":"standard","meta":{"advgb_blocks_editor_width":"","advgb_blocks_columns_visual_guide":"","footnotes":""},"categories":[2025,34,1071,2713,9365,930,54],"tags":[35],"class_list":["post-35468","post","type-post","status-publish","format-standard","hentry","category-atropelamento","category-g1","category-guarabira","category-idosa","category-maria-de-lurdes","category-morte","category-paraiba","tag-g1"],"author_meta":{"display_name":"Rafael Andrade","author_link":"https:\/\/sindaopcpb.org.br\/author\/rafael-andrade\/"},"featured_img":null,"coauthors":[],"tax_additional":{"categories":{"linked":["<a href=\"https:\/\/sindaopcpb.org.br\/atropelamento\/\" class=\"advgb-post-tax-term\">Atropelamento<\/a>","<a href=\"https:\/\/sindaopcpb.org.br\/g1\/\" class=\"advgb-post-tax-term\">G1<\/a>","<a href=\"https:\/\/sindaopcpb.org.br\/guarabira\/\" class=\"advgb-post-tax-term\">Guarabira<\/a>","<a href=\"https:\/\/sindaopcpb.org.br\/idosa\/\" class=\"advgb-post-tax-term\">Idosa<\/a>","<a href=\"https:\/\/sindaopcpb.org.br\/maria-de-lurdes\/\" class=\"advgb-post-tax-term\">Maria de Lurdes<\/a>","<a href=\"https:\/\/sindaopcpb.org.br\/morte\/\" class=\"advgb-post-tax-term\">Morte<\/a>","<a href=\"https:\/\/sindaopcpb.org.br\/paraiba\/\" class=\"advgb-post-tax-term\">Para\u00edba<\/a>"],"unlinked":["<span class=\"advgb-post-tax-term\">Atropelamento<\/span>","<span class=\"advgb-post-tax-term\">G1<\/span>","<span class=\"advgb-post-tax-term\">Guarabira<\/span>","<span class=\"advgb-post-tax-term\">Idosa<\/span>","<span class=\"advgb-post-tax-term\">Maria de Lurdes<\/span>","<span class=\"advgb-post-tax-term\">Morte<\/span>","<span class=\"advgb-post-tax-term\">Para\u00edba<\/span>"]},"tags":{"linked":["<a href=\"https:\/\/sindaopcpb.org.br\/paraiba\/\" class=\"advgb-post-tax-term\">g1<\/a>"],"unlinked":["<span class=\"advgb-post-tax-term\">g1<\/span>"]}},"comment_count":"0","relative_dates":{"created":"Publicado 3 anos atr\u00e1s","modified":"Atualizado 3 anos atr\u00e1s"},"absolute_dates":{"created":"Publicado em 22 de setembro de 2023","modified":"Atualizado em 22 de setembro de 2023"},"absolute_dates_time":{"created":"Publicado em 22 de setembro de 2023 08:45","modified":"Atualizado em 22 de setembro de 2023 08:45"},"featured_img_caption":"","series_order":"","_links":{"self":[{"href":"https:\/\/sindaopcpb.org.br\/index.php\/wp-json\/wp\/v2\/posts\/35468","targetHints":{"allow":["GET"]}}],"collection":[{"href":"https:\/\/sindaopcpb.org.br\/index.php\/wp-json\/wp\/v2\/posts"}],"about":[{"href":"https:\/\/sindaopcpb.org.br\/index.php\/wp-json\/wp\/v2\/types\/post"}],"author":[{"embeddable":true,"href":"https:\/\/sindaopcpb.org.br\/index.php\/wp-json\/wp\/v2\/users\/42"}],"replies":[{"embeddable":true,"href":"https:\/\/sindaopcpb.org.br\/index.php\/wp-json\/wp\/v2\/comments?post=35468"}],"version-history":[{"count":1,"href":"https:\/\/sindaopcpb.org.br\/index.php\/wp-json\/wp\/v2\/posts\/35468\/revisions"}],"predecessor-version":[{"id":35469,"href":"https:\/\/sindaopcpb.org.br\/index.php\/wp-json\/wp\/v2\/posts\/35468\/revisions\/35469"}],"wp:attachment":[{"href":"https:\/\/sindaopcpb.org.br\/index.php\/wp-json\/wp\/v2\/media?parent=35468"}],"wp:term":[{"taxonomy":"category","embeddable":true,"href":"https:\/\/sindaopcpb.org.br\/index.php\/wp-json\/wp\/v2\/categories?post=35468"},{"taxonomy":"post_tag","embeddable":true,"href":"https:\/\/sindaopcpb.org.br\/index.php\/wp-json\/wp\/v2\/tags?post=35468"}],"curies":[{"name":"wp","href":"https:\/\/api.w.org\/{rel}","templated":true}]}}