{"id":35456,"date":"2023-09-22T07:54:58","date_gmt":"2023-09-22T10:54:58","guid":{"rendered":"https:\/\/g1.globo.com\/pb\/paraiba\/musica\/noticia\/2023\/09\/22\/qual-e-a-boa-confira-a-agenda-cultural-para-esse-fim-de-semana-22-23-e-24-de-setembro-na-paraiba.ghtml"},"modified":"2023-09-22T07:54:58","modified_gmt":"2023-09-22T10:54:58","slug":"qual-e-a-boa-confira-a-agenda-cultural-para-esse-fim-de-semana-22-23-e-24-de-setembro-na-paraiba","status":"publish","type":"post","link":"https:\/\/sindaopcpb.org.br\/index.php\/2023\/09\/22\/qual-e-a-boa-confira-a-agenda-cultural-para-esse-fim-de-semana-22-23-e-24-de-setembro-na-paraiba\/","title":{"rendered":"Qual \u00e9 a Boa? Confira a agenda cultural para esse fim de semana, 22, 23 e 24 de setembro, na Para\u00edba"},"content":{"rendered":"   <img src=\"https:\/\/s2.glbimg.com\/4xVoJiLvxpFIxYXxsLf3wCRFFNM=\/i.s3.glbimg.com\/v1\/AUTH_59edd422c0c84a879bd37670ae4f538a\/internal_photos\/bs\/2023\/U\/1\/TVmFxLTyqbZuNEeNwxbA\/design-sem-nome-1-.png\" \/><br \/>     Entre as principais atra\u00e7\u00f5es est\u00e3o o shos de Melim em Jo\u00e3o Pessoa e a Flibo em Boqueir\u00e3o. Espet\u00e1culo 'A \u00daltima Sess\u00e3o de Freud' \u00e9 apresentado em Jo\u00e3o Pessoa, PB\nJo\u00e3o Caldas\nA agenda cultural do 'Qual \u00e9 a Boa?' traz festas, shows e outros eventos que acontecem na Para\u00edba neste fim de semana, sexta-feira (22), s\u00e1bado (23) e domingo (24). Entre as principais atra\u00e7\u00f5es est\u00e3o o shos de Melim em Jo\u00e3o Pessoa e a Flibo em Boqueir\u00e3o.\nMelim\nLocal: Teatro Pedra do Reino - Jo\u00e3o Pessoa\nHor\u00e1rio: 21h (sexta-feira)\nA \u00daltima Sess\u00e3o de Freud\nLocal: Teatro Paulo Pontes - Jo\u00e3o Pessoa\nHor\u00e1rio: 20h - sexta-feira e s\u00e1bado; 19h - domingo\nKarla Lucena - Tributo a Rita Lee\nLocal: Caf\u00e9 da Usina - Jo\u00e3o Pessoa\nHor\u00e1rio: 21h (sexta-feira)\nSamba Parathyba\nLocal: General Store - Jo\u00e3o Pessoa\nHor\u00e1rio: 18h (sexta-feira)\nRamon Schnayder\nLocal: Atol Music Bar - Jo\u00e3o Pessoa\nHor\u00e1rio: n\u00e3o informado (sexta-feira)\nReduto do Samba\nLocal: Recanto da Cevada - Jo\u00e3o Pessoa\nHor\u00e1rio: 20h30 (sexta-feira)\nRec Wave + Trio Bara\u00fana + Dj Sinfr\u00f4nio\nLocal: Vila do Porto - Jo\u00e3o Pessoa\nHor\u00e1rio: 21h (sexta-feira)\nStella Alves + Nic\u00e1cia Brasil\nLocal: Banana Beer - Campina Grande\nHor\u00e1rio: 21h (sexta-feira)\nRock Brasil Tributos\nLocal: Pub DeLaCruz - Campina Grande\nHor\u00e1rio: 21h (sexta-feira)\nForr\u00f3 Campina\nLocal: Espa\u00e7o Ominira - Campina Grande\nHor\u00e1rio: 20h (sexta-feira)\nBus\u00e3o da Farra na Flibo 2023\nLocal: Pra\u00e7a da ABES - Boqueir\u00e3o\nHor\u00e1rio: 22h (sexta-feira)\nDivone do Acordeon + Lucas Garcia + Jobinho Bar\u00e3o\nLocal: Festival do Queijo - Soledade\nHor\u00e1rio: 20h (sexta-feira)\nBell Marque estar\u00e1 em Jo\u00e3o Pessoa esse fim de semana\n@r5produtora\nBloco Vumbora Sunset com Bell Marques \nLocal: Lovina Beach Club - Jo\u00e3o Pessoa\nHor\u00e1rio: 16h (s\u00e1bado)\nBaila\u00e7o no Teatro de Arena\nArtistas: Dj Pierre Alexander e Host Vant Vaz\nLocal: Espa\u00e7o Cultural Jos\u00e9 Lins do Rego - Jo\u00e3o Pessoa\nHor\u00e1rio: 20h (s\u00e1bado)\nHijack\nLocal: Atol Music Bar - Jo\u00e3o Pessoa\nHor\u00e1rio: n\u00e3o informado (s\u00e1bado) \nFestival Alumi\u00f4\nLocal: Vila do Porto - Jo\u00e3o Pessoa\nHor\u00e1rio: 21h (s\u00e1bado e domingo)\nChico Forrozado + Jos\u00e9 Orlando\nLocal: Priscylla's Hall - Jo\u00e3o Pessoa\nHor\u00e1rio: 23h (s\u00e1bado)\nMaria Sem Vergonha\nLocal: Caf\u00e9 da Usina - Jo\u00e3o Pessoa\nHor\u00e1rio: 21h (s\u00e1bado)\nForr\u00f3 Arrumadinho\nLocal: Recanto da Cevada - Jo\u00e3o Pessoa\nHor\u00e1rio: 20h30 (s\u00e1bado)\nFurmiga Dub\nLocal: General Store - Jo\u00e3o Pessoa\nHor\u00e1rio: 16h (s\u00e1bado)\nRecital de Primavera do Coro em Canto\nLocal: Cine Teatro S\u00e3o Jos\u00e9 - Campina Grande\nHor\u00e1rio: 20h (s\u00e1bado)\nSamba da Primavera\nLocal: Espa\u00e7o Ominira - Campina Grande\nHor\u00e1rio: 17h (s\u00e1bado)\nMatheus Felipe + Manim Vaqueiro + Tynho Lima\nLocal: Jardins Club - Campina Grande\nHor\u00e1rio: n\u00e3o informado (s\u00e1bado)\nT\u00falio Melo\nLocal: Campina Grill - Campina Grande\nHor\u00e1rio: 21h (s\u00e1bado)\nThais e The Traps\nLocal: Pub DeLaCruz - Campina Grande\nHor\u00e1rio: 20h (s\u00e1bado)\nSandra Bel\u00ea na Flibo 2023\nLocal: Pra\u00e7a da ABES - Boqueir\u00e3o\nHor\u00e1rio: 22h (s\u00e1bado)\nArtur Lima + Igor Lima + Everton Diniz\nLocal: Festival do Queijo - Soledade\nHor\u00e1rio: 20h (s\u00e1bado)\nPC Silva\nLocal: General Store - Jo\u00e3o Pessoa\nHor\u00e1rio: 19h (domingo)\nForr\u00f3 com Trio Potiguar\nLocal: Recanto da Cevada - Jo\u00e3o Pessoa\nHor\u00e1rio: 20h (domingo)\nCheiro de Pagode\nLocal: Priscylla's Hall - Jo\u00e3o Pessoa\nHor\u00e1rio: 19h (domingo)\nAx\u00e9 Massa\nLocal: Bodega Rainha - Campina Grande\nHor\u00e1rio: 14h (domingo)\nJuninho + GM Vaqueiro + Michel Barka\nLocal: Mans\u00e3o Black - Campina Grande\nHor\u00e1rio: 18h (domingo)\n2\u00ba Encontro Nordestino de Poetas Repentistas\nLocal: Festival do Queijo - Soledade\nHor\u00e1rio: n\u00e3o informado (domingo)\nV\u00eddeos mais assistidos do g1 Para\u00edba  ","protected":false},"excerpt":{"rendered":"<p>        Entre as principais atra\u00e7\u00f5es est\u00e3o o shos de Melim em Jo\u00e3o Pessoa e a Flibo em Boqueir\u00e3o. Espet\u00e1culo &#8216;A \u00daltima Sess\u00e3o de Freud&#8217; \u00e9 apresentado em Jo\u00e3o Pessoa, PB<br \/>\nJo\u00e3o Caldas<br \/>\nA agenda cultural do &#8216;Qual \u00e9 a Boa?&#8217; traz festas, shows e outros evento&#8230;<\/p>\n","protected":false},"author":2,"featured_media":0,"comment_status":"closed","ping_status":"closed","sticky":false,"template":"","format":"standard","meta":{"advgb_blocks_editor_width":"","advgb_blocks_columns_visual_guide":"","footnotes":""},"categories":[34],"tags":[35],"class_list":["post-35456","post","type-post","status-publish","format-standard","hentry","category-g1","tag-g1"],"author_meta":{"display_name":"g1 &gt; Para\u00edba","author_link":"https:\/\/sindaopcpb.org.br\/author\/g1-paraiba\/"},"featured_img":null,"coauthors":[],"tax_additional":{"categories":{"linked":["<a href=\"https:\/\/sindaopcpb.org.br\/g1\/\" class=\"advgb-post-tax-term\">G1<\/a>"],"unlinked":["<span class=\"advgb-post-tax-term\">G1<\/span>"]},"tags":{"linked":["<a href=\"https:\/\/sindaopcpb.org.br\/g1\/\" class=\"advgb-post-tax-term\">g1<\/a>"],"unlinked":["<span class=\"advgb-post-tax-term\">g1<\/span>"]}},"comment_count":"0","relative_dates":{"created":"Publicado 3 anos atr\u00e1s","modified":"Atualizado 3 anos atr\u00e1s"},"absolute_dates":{"created":"Publicado em 22 de setembro de 2023","modified":"Atualizado em 22 de setembro de 2023"},"absolute_dates_time":{"created":"Publicado em 22 de setembro de 2023 07:54","modified":"Atualizado em 22 de setembro de 2023 07:54"},"featured_img_caption":"","series_order":"","_links":{"self":[{"href":"https:\/\/sindaopcpb.org.br\/index.php\/wp-json\/wp\/v2\/posts\/35456","targetHints":{"allow":["GET"]}}],"collection":[{"href":"https:\/\/sindaopcpb.org.br\/index.php\/wp-json\/wp\/v2\/posts"}],"about":[{"href":"https:\/\/sindaopcpb.org.br\/index.php\/wp-json\/wp\/v2\/types\/post"}],"author":[{"embeddable":true,"href":"https:\/\/sindaopcpb.org.br\/index.php\/wp-json\/wp\/v2\/users\/2"}],"replies":[{"embeddable":true,"href":"https:\/\/sindaopcpb.org.br\/index.php\/wp-json\/wp\/v2\/comments?post=35456"}],"version-history":[{"count":1,"href":"https:\/\/sindaopcpb.org.br\/index.php\/wp-json\/wp\/v2\/posts\/35456\/revisions"}],"predecessor-version":[{"id":35458,"href":"https:\/\/sindaopcpb.org.br\/index.php\/wp-json\/wp\/v2\/posts\/35456\/revisions\/35458"}],"wp:attachment":[{"href":"https:\/\/sindaopcpb.org.br\/index.php\/wp-json\/wp\/v2\/media?parent=35456"}],"wp:term":[{"taxonomy":"category","embeddable":true,"href":"https:\/\/sindaopcpb.org.br\/index.php\/wp-json\/wp\/v2\/categories?post=35456"},{"taxonomy":"post_tag","embeddable":true,"href":"https:\/\/sindaopcpb.org.br\/index.php\/wp-json\/wp\/v2\/tags?post=35456"}],"curies":[{"name":"wp","href":"https:\/\/api.w.org\/{rel}","templated":true}]}}