{"id":35427,"date":"2023-09-21T18:56:30","date_gmt":"2023-09-21T21:56:30","guid":{"rendered":"https:\/\/g1.globo.com\/pb\/paraiba\/noticia\/2023\/09\/21\/homem-e-preso-apos-tirar-fotos-de-criancas-e-mulheres-em-supermercado-de-cabedelo.ghtml"},"modified":"2023-09-21T18:56:30","modified_gmt":"2023-09-21T21:56:30","slug":"homem-e-preso-apos-tirar-fotos-de-criancas-e-mulheres-em-supermercado-de-cabedelo","status":"publish","type":"post","link":"https:\/\/sindaopcpb.org.br\/index.php\/2023\/09\/21\/homem-e-preso-apos-tirar-fotos-de-criancas-e-mulheres-em-supermercado-de-cabedelo\/","title":{"rendered":"Homem \u00e9 preso ap\u00f3s tirar fotos de crian\u00e7as e mulheres em supermercado de Cabedelo"},"content":{"rendered":"   <img src=\"https:\/\/s2.glbimg.com\/iVskEQt29vpRNsKqaPyHqxcJp24=\/i.s3.glbimg.com\/v1\/AUTH_59edd422c0c84a879bd37670ae4f538a\/internal_photos\/bs\/2021\/7\/N\/7gAHtVTi29oHdIXKU6sw\/pm.jpg\" \/><br \/>     V\u00edtima percebeu a\u00e7\u00e3o do homem e acionou a PM. No celular do suspeito tamb\u00e9m foi encontrado material pornogr\u00e1fio infantil. Pol\u00edcia Militar encontrou v\u00eddeos da v\u00edtima e material pornogr\u00e1fico infantil no celular do suspeito.\nDivulga\u00e7\u00e3o\/Pol\u00edcia Militar\nUm homem, de 21 anos, foi preso no in\u00edcio da tarde desta quinta-feira (21) ap\u00f3s fotografar uma crian\u00e7a e uma mulher em um supermercado de Cabedelo. De acordo com a major Viviane Vieira, a mulher percebeu a a\u00e7\u00e3o do homem e acionou a Pol\u00edcia Militar. \nDe acordo com a tenente Morgana Bernardo, ao ser questionado pela equipe policial o homem a pr\u00edncipio negou. Os policiais pediram ent\u00e3o para que o suspeito desbloqueasse o celular e mostrasse a galeria.\nNo celular do suspeito foi encontrado os v\u00eddeos da v\u00edtima e material pornogr\u00e1fico infantil.\nA major Viviane informou que tamb\u00e9m foram identificadas fotos de outras clientes do estabelecimento. O homem fotografava as partes \u00edntimas de mulheres e crian\u00e7as dentro do supermercado. Ela tamb\u00e9m afirmou que a pr\u00e1tica era recorrente. \nO homem foi levado para a delegacia da Pol\u00edcia Civil em Cabedelo e depois foi levado para a Central de Flagrantes, no bairro do Geisel, em Jo\u00e3o Pessoa.\nV\u00eddeos mais assistidos do g1 Para\u00edba  ","protected":false},"excerpt":{"rendered":"<p>        V\u00edtima percebeu a\u00e7\u00e3o do homem e acionou a PM. No celular do suspeito tamb\u00e9m foi encontrado material pornogr\u00e1fio infantil. Pol\u00edcia Militar encontrou v\u00eddeos da v\u00edtima e material pornogr\u00e1fico infantil no celular do suspeito.<br \/>\nDivulga\u00e7\u00e3o\/Pol\u00edcia Mil&#8230;<\/p>\n","protected":false},"author":2,"featured_media":0,"comment_status":"closed","ping_status":"closed","sticky":false,"template":"","format":"standard","meta":{"advgb_blocks_editor_width":"","advgb_blocks_columns_visual_guide":"","footnotes":""},"categories":[34],"tags":[35],"class_list":["post-35427","post","type-post","status-publish","format-standard","hentry","category-g1","tag-g1"],"author_meta":{"display_name":"g1 &gt; Para\u00edba","author_link":"https:\/\/sindaopcpb.org.br\/author\/g1-paraiba\/"},"featured_img":null,"coauthors":[],"tax_additional":{"categories":{"linked":["<a href=\"https:\/\/sindaopcpb.org.br\/g1\/\" class=\"advgb-post-tax-term\">G1<\/a>"],"unlinked":["<span class=\"advgb-post-tax-term\">G1<\/span>"]},"tags":{"linked":["<a href=\"https:\/\/sindaopcpb.org.br\/g1\/\" class=\"advgb-post-tax-term\">g1<\/a>"],"unlinked":["<span class=\"advgb-post-tax-term\">g1<\/span>"]}},"comment_count":"0","relative_dates":{"created":"Publicado 3 anos atr\u00e1s","modified":"Atualizado 3 anos atr\u00e1s"},"absolute_dates":{"created":"Publicado em 21 de setembro de 2023","modified":"Atualizado em 21 de setembro de 2023"},"absolute_dates_time":{"created":"Publicado em 21 de setembro de 2023 18:56","modified":"Atualizado em 21 de setembro de 2023 18:56"},"featured_img_caption":"","series_order":"","_links":{"self":[{"href":"https:\/\/sindaopcpb.org.br\/index.php\/wp-json\/wp\/v2\/posts\/35427","targetHints":{"allow":["GET"]}}],"collection":[{"href":"https:\/\/sindaopcpb.org.br\/index.php\/wp-json\/wp\/v2\/posts"}],"about":[{"href":"https:\/\/sindaopcpb.org.br\/index.php\/wp-json\/wp\/v2\/types\/post"}],"author":[{"embeddable":true,"href":"https:\/\/sindaopcpb.org.br\/index.php\/wp-json\/wp\/v2\/users\/2"}],"replies":[{"embeddable":true,"href":"https:\/\/sindaopcpb.org.br\/index.php\/wp-json\/wp\/v2\/comments?post=35427"}],"version-history":[{"count":1,"href":"https:\/\/sindaopcpb.org.br\/index.php\/wp-json\/wp\/v2\/posts\/35427\/revisions"}],"predecessor-version":[{"id":35428,"href":"https:\/\/sindaopcpb.org.br\/index.php\/wp-json\/wp\/v2\/posts\/35427\/revisions\/35428"}],"wp:attachment":[{"href":"https:\/\/sindaopcpb.org.br\/index.php\/wp-json\/wp\/v2\/media?parent=35427"}],"wp:term":[{"taxonomy":"category","embeddable":true,"href":"https:\/\/sindaopcpb.org.br\/index.php\/wp-json\/wp\/v2\/categories?post=35427"},{"taxonomy":"post_tag","embeddable":true,"href":"https:\/\/sindaopcpb.org.br\/index.php\/wp-json\/wp\/v2\/tags?post=35427"}],"curies":[{"name":"wp","href":"https:\/\/api.w.org\/{rel}","templated":true}]}}