{"id":35420,"date":"2023-09-21T18:47:24","date_gmt":"2023-09-21T21:47:24","guid":{"rendered":"https:\/\/www.infomoney.com.br\/?p=2249198"},"modified":"2023-09-21T18:47:24","modified_gmt":"2023-09-21T21:47:24","slug":"aras-faz-ultimo-discurso-no-stf-como-procurador-geral-da-republica","status":"publish","type":"post","link":"https:\/\/sindaopcpb.org.br\/index.php\/2023\/09\/21\/aras-faz-ultimo-discurso-no-stf-como-procurador-geral-da-republica\/","title":{"rendered":"Aras faz \u00faltimo discurso no STF como procurador-geral da Rep\u00fablica"},"content":{"rendered":"<p><img loading=\"lazy\" width=\"300\" height=\"200\" src=\"https:\/\/www.infomoney.com.br\/wp-content\/uploads\/2019\/09\/augusto-aras-2.jpg?fit=300%2C200&amp;quality=70&amp;strip=all\" class=\"attachment-medium size-medium wp-post-image\" alt=\"\" decoding=\"async\" style=\"float:right; margin:0 0 10px 10px;\" srcset=\"https:\/\/www.infomoney.com.br\/wp-content\/uploads\/2019\/09\/augusto-aras-2.jpg?w=799&amp;quality=70&amp;strip=all 799w, https:\/\/www.infomoney.com.br\/wp-content\/uploads\/2019\/09\/augusto-aras-2.jpg?w=300&amp;quality=70&amp;strip=all 300w, https:\/\/www.infomoney.com.br\/wp-content\/uploads\/2019\/09\/augusto-aras-2.jpg?w=768&amp;quality=70&amp;strip=all 768w, https:\/\/www.infomoney.com.br\/wp-content\/uploads\/2019\/09\/augusto-aras-2.jpg?w=150&amp;quality=70&amp;strip=all 150w\" sizes=\"auto, (max-width: 300px) 100vw, 300px\" data-attachment-id=\"1306795\" data-permalink=\"https:\/\/www.infomoney.com.br\/augusto-aras-2\/\" data-orig-file=\"https:\/\/www.infomoney.com.br\/wp-content\/uploads\/2019\/09\/augusto-aras-2.jpg?fit=799%2C533&amp;quality=70&amp;strip=all\" data-orig-size=\"799,533\" data-comments-opened=\"1\" data-image-meta=\"{&quot;aperture&quot;:&quot;0&quot;,&quot;credit&quot;:&quot;&quot;,&quot;camera&quot;:&quot;&quot;,&quot;caption&quot;:&quot;&quot;,&quot;created_timestamp&quot;:&quot;0&quot;,&quot;copyright&quot;:&quot;&quot;,&quot;focal_length&quot;:&quot;0&quot;,&quot;iso&quot;:&quot;0&quot;,&quot;shutter_speed&quot;:&quot;0&quot;,&quot;title&quot;:&quot;&quot;,&quot;orientation&quot;:&quot;0&quot;}\" data-image-title=\"augusto-aras-2\" data-image-description=\"\" data-image-caption=\"\" data-medium-file=\"https:\/\/www.infomoney.com.br\/wp-content\/uploads\/2019\/09\/augusto-aras-2.jpg?fit=300%2C200&amp;quality=70&amp;strip=all\" data-large-file=\"https:\/\/www.infomoney.com.br\/wp-content\/uploads\/2019\/09\/augusto-aras-2.jpg?fit=799%2C533&amp;quality=70&amp;strip=all\" title=\"\"><\/p>\n<p>O procurador-geral da Rep&uacute;blica, Augusto Aras, disse nesta quinta-feira (21) que as investiga&ccedil;&otilde;es criminais avan&ccedil;aram &ldquo;sem espet&aacute;culos midi&aacute;ticos&rdquo; durante os 4 anos de seu mandato no comando do Minist&eacute;rio P&uacute;blico Federal (MPF).<img decoding=\"async\" src=\"https:\/\/i0.wp.com\/agenciabrasil.ebc.com.br\/ebc.png?quality=70&#038;strip=all&#038;%23038;ssl=1\" data-recalc-dims=\"1\" alt=\"\" title=\"\"><img decoding=\"async\" src=\"https:\/\/i0.wp.com\/agenciabrasil.ebc.com.br\/ebc.gif?quality=70&#038;strip=all&#038;%23038;ssl=1\" data-recalc-dims=\"1\" alt=\"\" title=\"\"><\/p>\n<p>Na tarde desta quinta-feira, Aras participou da &uacute;ltima sess&atilde;o como procurador-geral no Supremo Tribunal Federal (STF) e fez um discurso de despedida. Na pr&oacute;xima ter&ccedil;a-feira (26), o mandato de Aras ser&aacute; encerrado, e caber&aacute; ao presidente Luiz In&aacute;cio Lula da Silva indicar um novo procurador-geral.<\/p>\n<p>Em seu discurso, Aras disse que sua gest&atilde;o foi alvo de &ldquo;falsas narrativas&rdquo; e que a PGR investigou cerca de 500 autoridades.<\/p>\n<p>&ldquo;Combatemos a macrocriminalidade, instituindo o modelo de for&ccedil;a-tarefa por 27 Gaecos [Grupos de Atua&ccedil;&atilde;o Especial de Combate ao Crime Organizado ] federais, conduzindo investiga&ccedil;&otilde;es complexas. [Promovemos] Apura&ccedil;&otilde;es e investiga&ccedil;&otilde;es que, s&oacute; na PGR, envolveram cerca de 500 autoridades com prerrogativa de foro. Avan&ccedil;aram [as investiga&ccedil;&otilde;es] assim sem espet&aacute;culos midi&aacute;ticos e com respeito irrestrito ao devido processo legal&rdquo;, afirmou.<\/p>\n<p>Aras tamb&eacute;m destacou que houve diminui&ccedil;&atilde;o do acervo de processos em seu gabinete em rela&ccedil;&atilde;o &agrave; gest&atilde;o anterior. Ele falou tamb&eacute;m sobre o trabalho desenvolvido pelo &oacute;rg&atilde;o durante a pandemia da covid-19 e as elei&ccedil;&otilde;es presidenciais.<\/p>\n<p>&ldquo;Entendemos ter cumprido nosso dever constitucional e c&iacute;vico, n&atilde;o em trabalho &uacute;nico, pessoal, mas fomos, sobretudo, catalizadores do trabalho harm&ocirc;nico e coordenado de valorosos colegas&rdquo;, concluiu.<\/p>\n<\/p>\n<div class=\"cta-end\">\n<div class=\"im-cta\" >\n<div class=\"im-shortcode-forms bg-light bg-opacity-25 border rounded-4 p-3 p-sm-4 p-md-3 p-lg-4 px-xxl-5 my-5\" data-configuration='{\"form_name\":false,\"form_hat\":\"Newsletter\",\"form_email\":true,\"form_icon\":\"newsletter\",\"form_phone\":false,\"form_campaign\":\"NIM\",\"form_thankyou\":\"\",\"form_journey\":\"APIEvent-26a5198d-8e09-06ef-5f80-cd9127757ad1\",\"form_button\":\"Quero receber\",\"form_context\":\"newsletter\",\"form_origin\":\"https:\\\/\\\/www.infomoney.com.br\\\/politica\\\/feed\\\/?utm_medium=materia&#038;utm_source=infomoney&#038;utm_campaign=NIM&#038;utm_term=politica&#038;utm_content=newsletter\",\"form_position\":\"final\",\"form_category\":\"cta_form\"}'>\n<div class=\"d-flex flex-column align-items-center align-items-lg-start mb-4 flex-lg-row\">\n<div class=\"rounded-circle mb-2 mb-lg-0 mr-lg-4 me-lg-4 p-3 p-lg-4 bg-blue-400\"><svg width=\"40\" height=\"40\" viewBox=\"0 0 40 40\" fill=\"none\" xmlns=\"http:\/\/www.w3.org\/2000\/svg\"><path d=\"M20 20.25 6.042 11.042v19.041c0 .167.048.299.146.396a.535.535 0 0 0 .395.146h15.792V32.5H6.583a2.328 2.328 0 0 1-1.708-.708 2.328 2.328 0 0 1-.708-1.709V9.917c0-.667.236-1.236.708-1.709A2.328 2.328 0 0 1 6.583 7.5h26.834c.666 0 1.236.236 1.708.708a2.33 2.33 0 0 1 .708 1.709v12.458h-1.875V11.042L20 20.25Zm0-2 13.667-8.875H6.333L20 18.25Zm11.75 18.958-1.292-1.333 3.334-3.375h-9v-1.875h9l-3.375-3.417 1.333-1.291 5.667 5.625-5.667 5.666ZM6.042 11.042v20.791-9.458.25-13.25 1.667Z\" fill=\"#fff\"\/><\/svg><\/div>\n<div class=\"flex-fill text-center text-lg-left\">\n<div class=\"h6 small text-orange-700 lh-base mb-1\">Newsletter<\/div>\n<div class=\"text-body h4 m-0\">Infomorning<\/div>\n<div class=\"text-body small lh-base mt-2\">Receba no seu e-mail logo pela manh&atilde; as not&iacute;cias que v&atilde;o mexer com os mercados, com os seus investimentos e o seu bolso durante o dia<\/div>\n<\/div>\n<\/div>\n<\/div>\n<\/div>\n<\/div>\n<p>The post <a rel=\"nofollow noopener\" href=\"https:\/\/www.infomoney.com.br\/politica\/aras-faz-ultimo-discurso-no-stf-como-procurador-geral-da-republica\/\" target=\"_blank\">Aras faz \u00faltimo discurso no STF como procurador-geral da Rep\u00fablica<\/a> appeared first on <a rel=\"nofollow noopener\" href=\"https:\/\/www.infomoney.com.br\/\" target=\"_blank\">InfoMoney<\/a>.<\/p>\n","protected":false},"excerpt":{"rendered":"<p><img loading=\"lazy\" decoding=\"async\" width=\"300\" height=\"200\" src=\"https:\/\/www.infomoney.com.br\/wp-content\/uploads\/2019\/09\/augusto-aras-2.jpg?fit=300%2C200&amp;quality=70&amp;strip=all\" class=\"attachment-medium size-medium wp-post-image\" alt=\"\" data-attachment-id=\"1306795\" data-permalink=\"https:\/\/www.infomoney.com.br\/augusto-aras-2\/\" data-orig-file=\"https:\/\/www.infomoney.com.br\/wp-content\/uploads\/2019\/09\/augusto-aras-2.jpg?fit=799%2C533&amp;quality=70&amp;strip=all\" data-orig-size=\"799,533\" data-comments-opened=\"1\" data-image-meta='{\"aperture\":\"0\",\"credit\":\"\",\"camera\":\"\",\"caption\":\"\",\"created_timestamp\":\"0\",\"copyright\":\"\",\"focal_length\":\"0\",\"iso\":\"0\",\"shutter_speed\":\"0\",\"title\":\"\",\"orientation\":\"0\"}' data-image-title=\"augusto-aras-2\" data-image-description=\"\" data-image-caption=\"\" data-medium-file=\"https:\/\/www.infomoney.com.br\/wp-content\/uploads\/2019\/09\/augusto-aras-2.jpg?fit=300%2C200&amp;quality=70&amp;strip=all\" data-large-file=\"https:\/\/www.infomoney.com.br\/wp-content\/uploads\/2019\/09\/augusto-aras-2.jpg?fit=799%2C533&amp;quality=70&amp;strip=all\">Procurador diz que investiga\u00e7\u00f5es avan\u00e7aram sem espet\u00e1culos midi\u00e1ticos<\/p>\n<p>The post <a rel=\"nofollow\" href=\"https:\/\/www.infomoney.com.br\/politica\/aras-faz-ultimo-discurso-no-stf-como-procurador-geral-da-republica\/\">Aras faz \u00faltimo discurso no STF como procurador-geral da Rep\u00fablica<\/a> appeared first on <a rel=\"nofollow\" href=\"https:\/\/www.infomoney.com.br\/\">InfoMoney<\/a>.<\/p>\n","protected":false},"author":44,"featured_media":0,"comment_status":"closed","ping_status":"closed","sticky":false,"template":"","format":"standard","meta":{"advgb_blocks_editor_width":"","advgb_blocks_columns_visual_guide":"","footnotes":""},"categories":[1592,34,700,1024,47],"tags":[35],"class_list":["post-35420","post","type-post","status-publish","format-standard","hentry","category-augusto-aras","category-g1","category-mpf","category-pgr","category-politica","tag-g1"],"author_meta":{"display_name":"Ag\u00eancia Brasil","author_link":"https:\/\/sindaopcpb.org.br\/author\/agencia-brasil\/"},"featured_img":null,"coauthors":[],"tax_additional":{"categories":{"linked":["<a href=\"https:\/\/sindaopcpb.org.br\/augusto-aras\/\" class=\"advgb-post-tax-term\">Augusto Aras<\/a>","<a href=\"https:\/\/sindaopcpb.org.br\/g1\/\" class=\"advgb-post-tax-term\">G1<\/a>","<a href=\"https:\/\/sindaopcpb.org.br\/mpf\/\" class=\"advgb-post-tax-term\">MPF<\/a>","<a href=\"https:\/\/sindaopcpb.org.br\/pgr\/\" class=\"advgb-post-tax-term\">PGR<\/a>","<a href=\"https:\/\/sindaopcpb.org.br\/politica\/\" class=\"advgb-post-tax-term\">POLITICA<\/a>"],"unlinked":["<span class=\"advgb-post-tax-term\">Augusto Aras<\/span>","<span class=\"advgb-post-tax-term\">G1<\/span>","<span class=\"advgb-post-tax-term\">MPF<\/span>","<span class=\"advgb-post-tax-term\">PGR<\/span>","<span class=\"advgb-post-tax-term\">POLITICA<\/span>"]},"tags":{"linked":["<a href=\"https:\/\/sindaopcpb.org.br\/politica\/\" class=\"advgb-post-tax-term\">g1<\/a>"],"unlinked":["<span class=\"advgb-post-tax-term\">g1<\/span>"]}},"comment_count":"0","relative_dates":{"created":"Publicado 3 anos atr\u00e1s","modified":"Atualizado 3 anos atr\u00e1s"},"absolute_dates":{"created":"Publicado em 21 de setembro de 2023","modified":"Atualizado em 21 de setembro de 2023"},"absolute_dates_time":{"created":"Publicado em 21 de setembro de 2023 18:47","modified":"Atualizado em 21 de setembro de 2023 18:47"},"featured_img_caption":"","series_order":"","_links":{"self":[{"href":"https:\/\/sindaopcpb.org.br\/index.php\/wp-json\/wp\/v2\/posts\/35420","targetHints":{"allow":["GET"]}}],"collection":[{"href":"https:\/\/sindaopcpb.org.br\/index.php\/wp-json\/wp\/v2\/posts"}],"about":[{"href":"https:\/\/sindaopcpb.org.br\/index.php\/wp-json\/wp\/v2\/types\/post"}],"author":[{"embeddable":true,"href":"https:\/\/sindaopcpb.org.br\/index.php\/wp-json\/wp\/v2\/users\/44"}],"replies":[{"embeddable":true,"href":"https:\/\/sindaopcpb.org.br\/index.php\/wp-json\/wp\/v2\/comments?post=35420"}],"version-history":[{"count":2,"href":"https:\/\/sindaopcpb.org.br\/index.php\/wp-json\/wp\/v2\/posts\/35420\/revisions"}],"predecessor-version":[{"id":35435,"href":"https:\/\/sindaopcpb.org.br\/index.php\/wp-json\/wp\/v2\/posts\/35420\/revisions\/35435"}],"wp:attachment":[{"href":"https:\/\/sindaopcpb.org.br\/index.php\/wp-json\/wp\/v2\/media?parent=35420"}],"wp:term":[{"taxonomy":"category","embeddable":true,"href":"https:\/\/sindaopcpb.org.br\/index.php\/wp-json\/wp\/v2\/categories?post=35420"},{"taxonomy":"post_tag","embeddable":true,"href":"https:\/\/sindaopcpb.org.br\/index.php\/wp-json\/wp\/v2\/tags?post=35420"}],"curies":[{"name":"wp","href":"https:\/\/api.w.org\/{rel}","templated":true}]}}