{"id":35411,"date":"2023-09-21T17:03:00","date_gmt":"2023-09-21T20:03:00","guid":{"rendered":"https:\/\/www.infomoney.com.br\/?p=2249019"},"modified":"2023-09-21T17:03:00","modified_gmt":"2023-09-21T20:03:00","slug":"mello-sustentabilidade-era-vista-como-obstaculo-mas-transformacao-ecologica-e-oportunidade","status":"publish","type":"post","link":"https:\/\/sindaopcpb.org.br\/index.php\/2023\/09\/21\/mello-sustentabilidade-era-vista-como-obstaculo-mas-transformacao-ecologica-e-oportunidade\/","title":{"rendered":"Mello: Sustentabilidade era vista como obst\u00e1culo, mas transforma\u00e7\u00e3o ecol\u00f3gica \u00e9 oportunidade"},"content":{"rendered":"<p><img loading=\"lazy\" width=\"300\" height=\"200\" src=\"https:\/\/www.infomoney.com.br\/wp-content\/uploads\/2023\/05\/52687581875_e146b1acd1_c.jpg?fit=300%2C200&amp;quality=70&amp;strip=all\" class=\"attachment-medium size-medium wp-post-image\" alt=\"\" decoding=\"async\" style=\"float:right; margin:0 0 10px 10px;\" srcset=\"https:\/\/www.infomoney.com.br\/wp-content\/uploads\/2023\/05\/52687581875_e146b1acd1_c.jpg?w=799&amp;quality=70&amp;strip=all 799w, https:\/\/www.infomoney.com.br\/wp-content\/uploads\/2023\/05\/52687581875_e146b1acd1_c.jpg?w=300&amp;quality=70&amp;strip=all 300w, https:\/\/www.infomoney.com.br\/wp-content\/uploads\/2023\/05\/52687581875_e146b1acd1_c.jpg?w=768&amp;quality=70&amp;strip=all 768w, https:\/\/www.infomoney.com.br\/wp-content\/uploads\/2023\/05\/52687581875_e146b1acd1_c.jpg?w=150&amp;quality=70&amp;strip=all 150w\" sizes=\"auto, (max-width: 300px) 100vw, 300px\" data-attachment-id=\"2145329\" data-permalink=\"https:\/\/www.infomoney.com.br\/politica\/mercado-ainda-nao-incorporou-conjunto-de-medidas-do-governo-para-o-crescimento-diz-guilherme-mello\/attachment\/52687581875_e146b1acd1_c\/\" data-orig-file=\"https:\/\/www.infomoney.com.br\/wp-content\/uploads\/2023\/05\/52687581875_e146b1acd1_c.jpg?fit=799%2C533&amp;quality=70&amp;strip=all\" data-orig-size=\"799,533\" data-comments-opened=\"0\" data-image-meta=\"{&quot;aperture&quot;:&quot;0&quot;,&quot;credit&quot;:&quot;Washington Costa&quot;,&quot;camera&quot;:&quot;&quot;,&quot;caption&quot;:&quot;&quot;,&quot;created_timestamp&quot;:&quot;0&quot;,&quot;copyright&quot;:&quot;Ministerio da Fazenda&quot;,&quot;focal_length&quot;:&quot;0&quot;,&quot;iso&quot;:&quot;0&quot;,&quot;shutter_speed&quot;:&quot;0&quot;,&quot;title&quot;:&quot;&quot;,&quot;orientation&quot;:&quot;0&quot;}\" data-image-title=\"Guilherme Mello\" data-image-description=\"\" data-image-caption=\"&lt;p&gt;O secret\u00e1rio de Pol\u00edtica Econ\u00f4mica do Minist\u00e9rio da Fazenda, Guilherme Mello (Foto: Washington Costa\/MF)&lt;\/p&gt;\n\" data-medium-file=\"https:\/\/www.infomoney.com.br\/wp-content\/uploads\/2023\/05\/52687581875_e146b1acd1_c.jpg?fit=300%2C200&amp;quality=70&amp;strip=all\" data-large-file=\"https:\/\/www.infomoney.com.br\/wp-content\/uploads\/2023\/05\/52687581875_e146b1acd1_c.jpg?fit=799%2C533&amp;quality=70&amp;strip=all\" title=\"\"><\/p>\n<p>O secret&aacute;rio de Pol&iacute;tica Econ&ocirc;mica do Minist&eacute;rio da Fazenda, Guilherme Mello, comemorou nesta quinta-feira (21), o lan&ccedil;amento da consulta p&uacute;blica sobre o Plano de A&ccedil;&atilde;o de Taxonomia Sustent&aacute;vel e afirmou que o plano de transforma&ccedil;&atilde;o ecol&oacute;gica do governo &eacute; a &ldquo;grande oportunidade&rdquo; de o Brasil voltar a se desenvolver.<\/p>\n<p>&ldquo;N&atilde;o &eacute; apenas um plano de descarboniza&ccedil;&atilde;o, que &eacute; urgente e necess&aacute;rio. Temos aqui oportunidade de desenvolver e transformar nossa estrutura produtiva, a matriz energ&eacute;tica e a estrutura social&rdquo;, disse Mello em entrevista coletiva de imprensa, observando que, nos &uacute;ltimos anos, a agenda verde foi vista erroneamente como um &ldquo;obst&aacute;culo ao desenvolvimento&rdquo;. &ldquo;Quest&atilde;o da sustentabilidade mudou de figura nesse momento hist&oacute;rico&rdquo;, afirmou.<\/p>\n<p>O auxiliar do ministro Fernando Haddad ainda avaliou positivamente a velocidade do andamento do plano de transforma&ccedil;&atilde;o ecol&oacute;gica. Ele destacou, por exemplo, que j&aacute; est&atilde;o no Congresso o projeto de lei do mercado de carbono e o projeto do combust&iacute;vel do futuro, al&eacute;m de j&aacute; estar pronto o desenho dos novos t&iacute;tulos soberanos sustent&aacute;veis, e a reformula&ccedil;&atilde;o do Fundo Clima. &ldquo;E agora temos tamb&eacute;m a taxonomia sustent&aacute;vel, que &eacute; um dos elementos dessa estrat&eacute;gia, que vai ser o ponto de virada de retomada do desenvolvimento econ&ocirc;mico em novas bases&rdquo;, disse Mello.<\/p>\n<\/p>\n<div class=\"cta-end\">\n<div class=\"im-cta\" >\n<div class=\"im-shortcode-forms bg-light bg-opacity-25 border rounded-4 p-3 p-sm-4 p-md-3 p-lg-4 px-xxl-5 my-5\" data-configuration='{\"form_name\":false,\"form_hat\":\"Newsletter\",\"form_email\":true,\"form_icon\":\"newsletter\",\"form_phone\":false,\"form_campaign\":\"NIM\",\"form_thankyou\":\"\",\"form_journey\":\"APIEvent-26a5198d-8e09-06ef-5f80-cd9127757ad1\",\"form_button\":\"Quero receber\",\"form_context\":\"newsletter\",\"form_origin\":\"https:\\\/\\\/www.infomoney.com.br\\\/politica\\\/feed\\\/?utm_medium=materia&#038;utm_source=infomoney&#038;utm_campaign=NIM&#038;utm_term=politica&#038;utm_content=newsletter\",\"form_position\":\"final\",\"form_category\":\"cta_form\"}'>\n<div class=\"d-flex flex-column align-items-center align-items-lg-start mb-4 flex-lg-row\">\n<div class=\"rounded-circle mb-2 mb-lg-0 mr-lg-4 me-lg-4 p-3 p-lg-4 bg-blue-400\"><svg width=\"40\" height=\"40\" viewBox=\"0 0 40 40\" fill=\"none\" xmlns=\"http:\/\/www.w3.org\/2000\/svg\"><path d=\"M20 20.25 6.042 11.042v19.041c0 .167.048.299.146.396a.535.535 0 0 0 .395.146h15.792V32.5H6.583a2.328 2.328 0 0 1-1.708-.708 2.328 2.328 0 0 1-.708-1.709V9.917c0-.667.236-1.236.708-1.709A2.328 2.328 0 0 1 6.583 7.5h26.834c.666 0 1.236.236 1.708.708a2.33 2.33 0 0 1 .708 1.709v12.458h-1.875V11.042L20 20.25Zm0-2 13.667-8.875H6.333L20 18.25Zm11.75 18.958-1.292-1.333 3.334-3.375h-9v-1.875h9l-3.375-3.417 1.333-1.291 5.667 5.625-5.667 5.666ZM6.042 11.042v20.791-9.458.25-13.25 1.667Z\" fill=\"#fff\"\/><\/svg><\/div>\n<div class=\"flex-fill text-center text-lg-left\">\n<div class=\"h6 small text-orange-700 lh-base mb-1\">Newsletter<\/div>\n<div class=\"text-body h4 m-0\">Infomorning<\/div>\n<div class=\"text-body small lh-base mt-2\">Receba no seu e-mail logo pela manh&atilde; as not&iacute;cias que v&atilde;o mexer com os mercados, com os seus investimentos e o seu bolso durante o dia<\/div>\n<\/div>\n<\/div>\n<\/div>\n<\/div>\n<\/div>\n<p>The post <a rel=\"nofollow noopener\" href=\"https:\/\/www.infomoney.com.br\/politica\/mello-sustentabilidade-era-vista-como-obstaculo-mas-transformacao-ecologica-e-oportunidade\/\" target=\"_blank\">Mello: Sustentabilidade era vista como obst\u00e1culo, mas transforma\u00e7\u00e3o ecol\u00f3gica \u00e9 oportunidade<\/a> appeared first on <a rel=\"nofollow noopener\" href=\"https:\/\/www.infomoney.com.br\/\" target=\"_blank\">InfoMoney<\/a>.<\/p>\n","protected":false},"excerpt":{"rendered":"<p><img loading=\"lazy\" decoding=\"async\" width=\"300\" height=\"200\" src=\"https:\/\/www.infomoney.com.br\/wp-content\/uploads\/2023\/05\/52687581875_e146b1acd1_c.jpg?fit=300%2C200&amp;quality=70&amp;strip=all\" class=\"attachment-medium size-medium wp-post-image\" alt=\"\" data-attachment-id=\"2145329\" data-permalink=\"https:\/\/www.infomoney.com.br\/politica\/mercado-ainda-nao-incorporou-conjunto-de-medidas-do-governo-para-o-crescimento-diz-guilherme-mello\/attachment\/52687581875_e146b1acd1_c\/\" data-orig-file=\"https:\/\/www.infomoney.com.br\/wp-content\/uploads\/2023\/05\/52687581875_e146b1acd1_c.jpg?fit=799%2C533&amp;quality=70&amp;strip=all\" data-orig-size=\"799,533\" data-comments-opened=\"0\" data-image-meta='{\"aperture\":\"0\",\"credit\":\"Washington Costa\",\"camera\":\"\",\"caption\":\"\",\"created_timestamp\":\"0\",\"copyright\":\"Ministerio da Fazenda\",\"focal_length\":\"0\",\"iso\":\"0\",\"shutter_speed\":\"0\",\"title\":\"\",\"orientation\":\"0\"}' data-image-title=\"Guilherme Mello\" data-image-description=\"\" data-image-caption=\"&lt;p&gt;O secret\u00e1rio de Pol\u00edtica Econ\u00f4mica do Minist\u00e9rio da Fazenda, Guilherme Mello (Foto: Washington Costa\/MF)&lt;\/p&gt;\n\" data-medium-file=\"https:\/\/www.infomoney.com.br\/wp-content\/uploads\/2023\/05\/52687581875_e146b1acd1_c.jpg?fit=300%2C200&amp;quality=70&amp;strip=all\" data-large-file=\"https:\/\/www.infomoney.com.br\/wp-content\/uploads\/2023\/05\/52687581875_e146b1acd1_c.jpg?fit=799%2C533&amp;quality=70&amp;strip=all\">Auxiliar do ministro Fernando Haddad ainda avaliou positivamente a velocidade do andamento do plano de transforma\u00e7\u00e3o ecol\u00f3gica<\/p>\n<p>The post <a rel=\"nofollow\" href=\"https:\/\/www.infomoney.com.br\/politica\/mello-sustentabilidade-era-vista-como-obstaculo-mas-transformacao-ecologica-e-oportunidade\/\">Mello: Sustentabilidade era vista como obst\u00e1culo, mas transforma\u00e7\u00e3o ecol\u00f3gica \u00e9 oportunidade<\/a> appeared first on <a rel=\"nofollow\" href=\"https:\/\/www.infomoney.com.br\/\">InfoMoney<\/a>.<\/p>\n","protected":false},"author":43,"featured_media":0,"comment_status":"closed","ping_status":"closed","sticky":false,"template":"","format":"standard","meta":{"advgb_blocks_editor_width":"","advgb_blocks_columns_visual_guide":"","footnotes":""},"categories":[34,280,130,47,7732],"tags":[35],"class_list":["post-35411","post","type-post","status-publish","format-standard","hentry","category-g1","category-guilherme-mello","category-ministerio-da-fazenda","category-politica","category-politica-economica","tag-g1"],"author_meta":{"display_name":"Estad\u00e3o Conte\u00fado","author_link":"https:\/\/sindaopcpb.org.br\/author\/estadao-conteudo\/"},"featured_img":null,"coauthors":[],"tax_additional":{"categories":{"linked":["<a href=\"https:\/\/sindaopcpb.org.br\/g1\/\" class=\"advgb-post-tax-term\">G1<\/a>","<a href=\"https:\/\/sindaopcpb.org.br\/guilherme-mello\/\" class=\"advgb-post-tax-term\">Guilherme Mello<\/a>","<a href=\"https:\/\/sindaopcpb.org.br\/ministerio-da-fazenda\/\" class=\"advgb-post-tax-term\">Minist\u00e9rio da Fazenda<\/a>","<a href=\"https:\/\/sindaopcpb.org.br\/politica\/\" class=\"advgb-post-tax-term\">POLITICA<\/a>","<a href=\"https:\/\/sindaopcpb.org.br\/politica-economica\/\" class=\"advgb-post-tax-term\">Pol\u00edtica econ\u00f4mica<\/a>"],"unlinked":["<span class=\"advgb-post-tax-term\">G1<\/span>","<span class=\"advgb-post-tax-term\">Guilherme Mello<\/span>","<span class=\"advgb-post-tax-term\">Minist\u00e9rio da Fazenda<\/span>","<span class=\"advgb-post-tax-term\">POLITICA<\/span>","<span class=\"advgb-post-tax-term\">Pol\u00edtica econ\u00f4mica<\/span>"]},"tags":{"linked":["<a href=\"https:\/\/sindaopcpb.org.br\/politica-economica\/\" class=\"advgb-post-tax-term\">g1<\/a>"],"unlinked":["<span class=\"advgb-post-tax-term\">g1<\/span>"]}},"comment_count":"0","relative_dates":{"created":"Publicado 3 anos atr\u00e1s","modified":"Atualizado 3 anos atr\u00e1s"},"absolute_dates":{"created":"Publicado em 21 de setembro de 2023","modified":"Atualizado em 21 de setembro de 2023"},"absolute_dates_time":{"created":"Publicado em 21 de setembro de 2023 17:03","modified":"Atualizado em 21 de setembro de 2023 17:03"},"featured_img_caption":"","series_order":"","_links":{"self":[{"href":"https:\/\/sindaopcpb.org.br\/index.php\/wp-json\/wp\/v2\/posts\/35411","targetHints":{"allow":["GET"]}}],"collection":[{"href":"https:\/\/sindaopcpb.org.br\/index.php\/wp-json\/wp\/v2\/posts"}],"about":[{"href":"https:\/\/sindaopcpb.org.br\/index.php\/wp-json\/wp\/v2\/types\/post"}],"author":[{"embeddable":true,"href":"https:\/\/sindaopcpb.org.br\/index.php\/wp-json\/wp\/v2\/users\/43"}],"replies":[{"embeddable":true,"href":"https:\/\/sindaopcpb.org.br\/index.php\/wp-json\/wp\/v2\/comments?post=35411"}],"version-history":[{"count":1,"href":"https:\/\/sindaopcpb.org.br\/index.php\/wp-json\/wp\/v2\/posts\/35411\/revisions"}],"predecessor-version":[{"id":35412,"href":"https:\/\/sindaopcpb.org.br\/index.php\/wp-json\/wp\/v2\/posts\/35411\/revisions\/35412"}],"wp:attachment":[{"href":"https:\/\/sindaopcpb.org.br\/index.php\/wp-json\/wp\/v2\/media?parent=35411"}],"wp:term":[{"taxonomy":"category","embeddable":true,"href":"https:\/\/sindaopcpb.org.br\/index.php\/wp-json\/wp\/v2\/categories?post=35411"},{"taxonomy":"post_tag","embeddable":true,"href":"https:\/\/sindaopcpb.org.br\/index.php\/wp-json\/wp\/v2\/tags?post=35411"}],"curies":[{"name":"wp","href":"https:\/\/api.w.org\/{rel}","templated":true}]}}