{"id":35399,"date":"2023-09-21T16:11:26","date_gmt":"2023-09-21T19:11:26","guid":{"rendered":"https:\/\/wpa.wscom.com.br\/?p=923938"},"modified":"2023-09-21T16:11:26","modified_gmt":"2023-09-21T19:11:26","slug":"novo-diretor-anuncia-afastamento-de-membros-da-equipe-do-hospital-padre-ze-que-trabalharam-diretamente-com-padre-egidio","status":"publish","type":"post","link":"https:\/\/sindaopcpb.org.br\/index.php\/2023\/09\/21\/novo-diretor-anuncia-afastamento-de-membros-da-equipe-do-hospital-padre-ze-que-trabalharam-diretamente-com-padre-egidio\/","title":{"rendered":"Novo diretor anuncia afastamento de membros da equipe do Hospital Padre Z\u00e9 que trabalharam diretamente com Padre Eg\u00eddio"},"content":{"rendered":"<p><span data-contrast=\"none\">O novo diretor do Hospital Padre Z\u00e9, Padre Goerge Batista, anunciou que afastar\u00e1 da equipe\u00a0pessoas que trabalhavam diretamente com o antigo diretor da unidade de sa\u00fade, padre Eg\u00eddio de Carvalho Neto.<\/span><span data-ccp-props=\"{&quot;201341983&quot;:0,&quot;335559739&quot;:160,&quot;335559740&quot;:259}\">\u00a0<\/span><\/p>\n<p><span data-contrast=\"none\">Durante entrevista concedida \u00e0 Rede Arapuan, o padre falou brevemente sobre o tema, \u201cN\u00e3o. Est\u00e1 tudo nas m\u00e3os de Deus\u201d. Padre George foi nomeado para o comando do hospital na \u00faltima quarta-feira (20) ap\u00f3s repercutirem den\u00fancias de que celulares doados ao hospital para que fossem vendidos em um bazar beneficente haviam sido roubados. <\/span><span data-ccp-props=\"{&quot;201341983&quot;:0,&quot;335559739&quot;:160,&quot;335559740&quot;:259}\">\u00a0<\/span><\/p>\n<p><span data-contrast=\"none\">Padre George assumiu o comando do Hospital Padre Z\u00e9, em Jo\u00e3o Pessoa, nessa quarta-feira (20), ap\u00f3s den\u00fancias de roubo e venda de equipamentos doados \u00e0 unidade pela Receita Federal para contribuir com as finan\u00e7as do hospital que \u00e9 filantr\u00f3pico.<\/span><span data-ccp-props=\"{&quot;201341983&quot;:0,&quot;335559739&quot;:160,&quot;335559740&quot;:259}\">\u00a0<\/span><\/p>\n<p><span data-contrast=\"none\">Ap\u00f3s o desaparecimento dos celulares doados e que deveriam ser vendidos em uma bazar beneficente, Padre Eg\u00eddio renunciou ao cargo.<\/span><span data-ccp-props=\"{&quot;201341983&quot;:0,&quot;335559739&quot;:160,&quot;335559740&quot;:259}\">\u00a0<\/span><\/p>\n<p>O post <a rel=\"nofollow noopener\" href=\"https:\/\/wscom.com.br\/novo-diretor-anuncia-afastamento-de-membros-da-equipe-do-hospital-padre-ze-que-trabalharam-diretamente-com-padre-egidio\/\" target=\"_blank\">Novo diretor anuncia afastamento de membros da equipe do Hospital Padre Z\u00e9 que trabalharam diretamente com Padre Eg\u00eddio<\/a> apareceu primeiro em <a rel=\"nofollow noopener\" href=\"https:\/\/wscom.com.br\/\" target=\"_blank\">WSCOM<\/a>.<\/p>\n","protected":false},"excerpt":{"rendered":"<p>O novo diretor do Hospital Padre Z\u00e9, Padre Goerge Batista, anunciou que afastar\u00e1 da equipe\u00a0pessoas que trabalhavam diretamente com o antigo diretor da unidade de sa\u00fade, padre Eg\u00eddio de Carvalho Neto.\u00a0 Durante entrevista concedida \u00e0 Rede Arapuan, o padre falou brevemente sobre o tema, \u201cN\u00e3o. Est\u00e1 tudo nas m\u00e3os de Deus\u201d. Padre George foi nomeado [\u2026]<\/p>\n<p>O post <a rel=\"nofollow\" href=\"https:\/\/wscom.com.br\/novo-diretor-anuncia-afastamento-de-membros-da-equipe-do-hospital-padre-ze-que-trabalharam-diretamente-com-padre-egidio\/\">Novo diretor anuncia afastamento de membros da equipe do Hospital Padre Z\u00e9 que trabalharam diretamente com Padre Eg\u00eddio<\/a> apareceu primeiro em <a rel=\"nofollow\" href=\"https:\/\/wscom.com.br\/\">WSCOM<\/a>.<\/p>\n","protected":false},"author":247,"featured_media":0,"comment_status":"closed","ping_status":"closed","sticky":false,"template":"","format":"standard","meta":{"advgb_blocks_editor_width":"","advgb_blocks_columns_visual_guide":"","footnotes":""},"categories":[5569,158,34,6242,9353,9296,54],"tags":[35],"class_list":["post-35399","post","type-post","status-publish","format-standard","hentry","category-celulares","category-equipe","category-g1","category-hospital-padre-ze","category-membros","category-padre-egidio","category-paraiba","tag-g1"],"author_meta":{"display_name":"Anderson Costa","author_link":"https:\/\/sindaopcpb.org.br\/author\/anderson-costa\/"},"featured_img":null,"coauthors":[],"tax_additional":{"categories":{"linked":["<a href=\"https:\/\/sindaopcpb.org.br\/celulares\/\" class=\"advgb-post-tax-term\">Celulares<\/a>","<a href=\"https:\/\/sindaopcpb.org.br\/equipe\/\" class=\"advgb-post-tax-term\">equipe<\/a>","<a href=\"https:\/\/sindaopcpb.org.br\/g1\/\" class=\"advgb-post-tax-term\">G1<\/a>","<a href=\"https:\/\/sindaopcpb.org.br\/hospital-padre-ze\/\" class=\"advgb-post-tax-term\">hospital padre z\u00e9<\/a>","<a href=\"https:\/\/sindaopcpb.org.br\/membros\/\" class=\"advgb-post-tax-term\">membros<\/a>","<a href=\"https:\/\/sindaopcpb.org.br\/padre-egidio\/\" class=\"advgb-post-tax-term\">Padre Eg\u00eddio<\/a>","<a href=\"https:\/\/sindaopcpb.org.br\/paraiba\/\" class=\"advgb-post-tax-term\">Para\u00edba<\/a>"],"unlinked":["<span class=\"advgb-post-tax-term\">Celulares<\/span>","<span class=\"advgb-post-tax-term\">equipe<\/span>","<span class=\"advgb-post-tax-term\">G1<\/span>","<span class=\"advgb-post-tax-term\">hospital padre z\u00e9<\/span>","<span class=\"advgb-post-tax-term\">membros<\/span>","<span class=\"advgb-post-tax-term\">Padre Eg\u00eddio<\/span>","<span class=\"advgb-post-tax-term\">Para\u00edba<\/span>"]},"tags":{"linked":["<a href=\"https:\/\/sindaopcpb.org.br\/paraiba\/\" class=\"advgb-post-tax-term\">g1<\/a>"],"unlinked":["<span class=\"advgb-post-tax-term\">g1<\/span>"]}},"comment_count":"0","relative_dates":{"created":"Publicado 3 anos atr\u00e1s","modified":"Atualizado 3 anos atr\u00e1s"},"absolute_dates":{"created":"Publicado em 21 de setembro de 2023","modified":"Atualizado em 21 de setembro de 2023"},"absolute_dates_time":{"created":"Publicado em 21 de setembro de 2023 16:11","modified":"Atualizado em 21 de setembro de 2023 16:11"},"featured_img_caption":"","series_order":"","_links":{"self":[{"href":"https:\/\/sindaopcpb.org.br\/index.php\/wp-json\/wp\/v2\/posts\/35399","targetHints":{"allow":["GET"]}}],"collection":[{"href":"https:\/\/sindaopcpb.org.br\/index.php\/wp-json\/wp\/v2\/posts"}],"about":[{"href":"https:\/\/sindaopcpb.org.br\/index.php\/wp-json\/wp\/v2\/types\/post"}],"author":[{"embeddable":true,"href":"https:\/\/sindaopcpb.org.br\/index.php\/wp-json\/wp\/v2\/users\/247"}],"replies":[{"embeddable":true,"href":"https:\/\/sindaopcpb.org.br\/index.php\/wp-json\/wp\/v2\/comments?post=35399"}],"version-history":[{"count":1,"href":"https:\/\/sindaopcpb.org.br\/index.php\/wp-json\/wp\/v2\/posts\/35399\/revisions"}],"predecessor-version":[{"id":35400,"href":"https:\/\/sindaopcpb.org.br\/index.php\/wp-json\/wp\/v2\/posts\/35399\/revisions\/35400"}],"wp:attachment":[{"href":"https:\/\/sindaopcpb.org.br\/index.php\/wp-json\/wp\/v2\/media?parent=35399"}],"wp:term":[{"taxonomy":"category","embeddable":true,"href":"https:\/\/sindaopcpb.org.br\/index.php\/wp-json\/wp\/v2\/categories?post=35399"},{"taxonomy":"post_tag","embeddable":true,"href":"https:\/\/sindaopcpb.org.br\/index.php\/wp-json\/wp\/v2\/tags?post=35399"}],"curies":[{"name":"wp","href":"https:\/\/api.w.org\/{rel}","templated":true}]}}