{"id":35331,"date":"2023-09-20T20:38:00","date_gmt":"2023-09-20T23:38:00","guid":{"rendered":"https:\/\/www.infomoney.com.br\/?p=2248084"},"modified":"2023-09-20T20:38:00","modified_gmt":"2023-09-20T23:38:00","slug":"durigan-recebemos-de-maneira-muito-positiva-a-decisao-e-o-comunicado-do-copom","status":"publish","type":"post","link":"https:\/\/sindaopcpb.org.br\/index.php\/2023\/09\/20\/durigan-recebemos-de-maneira-muito-positiva-a-decisao-e-o-comunicado-do-copom\/","title":{"rendered":"Durigan: Recebemos de maneira muito positiva a decis\u00e3o e o comunicado do Copom"},"content":{"rendered":"<p><img loading=\"lazy\" width=\"300\" height=\"200\" src=\"https:\/\/www.infomoney.com.br\/wp-content\/uploads\/2023\/08\/53139518836_0048d83c08_c.jpg?fit=300%2C200&amp;quality=70&amp;strip=all\" class=\"attachment-medium size-medium wp-post-image\" alt=\"Dario Durigan, secret\u00e1rio-executivo do Minist\u00e9rio da Fazenda (Diogo Zacarias\/Minist\u00e9rio da Fazenda)\" decoding=\"async\" style=\"float:right; margin:0 0 10px 10px;\" srcset=\"https:\/\/www.infomoney.com.br\/wp-content\/uploads\/2023\/08\/53139518836_0048d83c08_c.jpg?w=799&amp;quality=70&amp;strip=all 799w, https:\/\/www.infomoney.com.br\/wp-content\/uploads\/2023\/08\/53139518836_0048d83c08_c.jpg?w=300&amp;quality=70&amp;strip=all 300w, https:\/\/www.infomoney.com.br\/wp-content\/uploads\/2023\/08\/53139518836_0048d83c08_c.jpg?w=768&amp;quality=70&amp;strip=all 768w, https:\/\/www.infomoney.com.br\/wp-content\/uploads\/2023\/08\/53139518836_0048d83c08_c.jpg?w=150&amp;quality=70&amp;strip=all 150w\" sizes=\"auto, (max-width: 300px) 100vw, 300px\" data-attachment-id=\"2226393\" data-permalink=\"https:\/\/www.infomoney.com.br\/53139518836_0048d83c08_c\/\" data-orig-file=\"https:\/\/www.infomoney.com.br\/wp-content\/uploads\/2023\/08\/53139518836_0048d83c08_c.jpg?fit=799%2C533&amp;quality=70&amp;strip=all\" data-orig-size=\"799,533\" data-comments-opened=\"0\" data-image-meta=\"{&quot;aperture&quot;:&quot;0&quot;,&quot;credit&quot;:&quot;Diogo Zacarias&quot;,&quot;camera&quot;:&quot;&quot;,&quot;caption&quot;:&quot;&quot;,&quot;created_timestamp&quot;:&quot;0&quot;,&quot;copyright&quot;:&quot;Ministerio da Fazenda&quot;,&quot;focal_length&quot;:&quot;0&quot;,&quot;iso&quot;:&quot;0&quot;,&quot;shutter_speed&quot;:&quot;0&quot;,&quot;title&quot;:&quot;&quot;,&quot;orientation&quot;:&quot;0&quot;}\" data-image-title=\"Dario Durigan, secret\u00e1rio-executivo do Minist\u00e9rio da Fazenda (Diogo Zacarias\/Minist\u00e9rio da Fazenda)\" data-image-description=\"&lt;p&gt;Dario Durigan, secret\u00e1rio-executivo do Minist\u00e9rio da Fazenda (Diogo Zacarias\/Minist\u00e9rio da Fazenda)&lt;\/p&gt;\n\" data-image-caption=\"&lt;p&gt;Dario Durigan, secret\u00e1rio-executivo do Minist\u00e9rio da Fazenda (Diogo Zacarias\/Minist\u00e9rio da Fazenda)&lt;\/p&gt;\n\" data-medium-file=\"https:\/\/www.infomoney.com.br\/wp-content\/uploads\/2023\/08\/53139518836_0048d83c08_c.jpg?fit=300%2C200&amp;quality=70&amp;strip=all\" data-large-file=\"https:\/\/www.infomoney.com.br\/wp-content\/uploads\/2023\/08\/53139518836_0048d83c08_c.jpg?fit=799%2C533&amp;quality=70&amp;strip=all\" title=\"\"><\/p>\n<p>O secret&aacute;rio-executivo do Minist&eacute;rio da Fazenda, Dario Durigan, disse nesta quarta-feira, 20, que a Pasta recebeu de forma muito positiva o corte na taxa de juros e a sinaliza&ccedil;&atilde;o de novas redu&ccedil;&otilde;es no comunicado do Comit&ecirc; de Pol&iacute;tica Monet&aacute;ria (Copom) do Banco Central. Em reuni&atilde;o nesta quarta-feira, 20, o Copom promoveu um novo corte de 0,50 ponto porcentual na Selic, que passou de 13,25% para 12,75%. Al&eacute;m disso, indicou novos cortes na mesma magnitude na pr&oacute;xima reuni&atilde;o, caso haja confirma&ccedil;&atilde;o do cen&aacute;rio esperado.<\/p>\n<p>&ldquo;A gente recebeu aqui de maneira muito positiva a decis&atilde;o e o comunicado do Copom, por unanimidade e com uma diferen&ccedil;a em rela&ccedil;&atilde;o &agrave; decis&atilde;o anterior, de manter a queda na taxa de juros, t&atilde;o importante para manter o crescimento sustent&aacute;vel do Pa&iacute;s, e com a sinaliza&ccedil;&atilde;o de que essa queda de 0,5 pp vai seguir nas pr&oacute;ximas reuni&otilde;es, com unanimidade&rdquo;, disse o secret&aacute;rio.<\/p>\n<p>A decis&atilde;o de reduzir a Selic foi a segunda neste ciclo, e manteve o passo de agosto com o corte de 0,50 pp. Na ocasi&atilde;o, a decis&atilde;o sobre a magnitude do corte foi dividida, e coube ao presidente do BC, Roberto Campos Neto, o voto de minerva pela redu&ccedil;&atilde;o maior na Selic.<\/p>\n<p>O colegiado, ainda em agosto, j&aacute; havia indicado com unanimidade a tend&ecirc;ncia de redu&ccedil;&atilde;o de 0,50 pp na taxa b&aacute;sica de juros nesta reuni&atilde;o. A tend&ecirc;ncia foi reiterada neste comunicado e o Copom avaliou como apropriado que o ciclo de afrouxamento da taxa Selic ocorra no ritmo de 0,50 ponto porcentual &ldquo;nas pr&oacute;ximas reuni&otilde;es&rdquo;, com a sinaliza&ccedil;&atilde;o un&acirc;nime entre os nove componentes da diretoria do BC, incluindo Campos Neto.<\/p>\n<p>A avalia&ccedil;&atilde;o de Durigan &eacute; que a mensagem do Banco Central d&aacute; uma &ldquo;tranquilidade grande&rdquo; para o mercado e &eacute; uma sinaliza&ccedil;&atilde;o recebida de maneira positiva pela equipe da Fazenda. &ldquo;Esperamos seguir fazendo o nosso esfor&ccedil;o, harmonizando a pol&iacute;tica fiscal, para que a pol&iacute;tica monet&aacute;ria siga nessa tend&ecirc;ncia, que &eacute; muito positiva para o Pa&iacute;s&rdquo;, afirmou.<\/p>\n<p>A men&ccedil;&atilde;o &agrave; pol&iacute;tica fiscal feita por Durigan est&aacute; relacionada ao par&aacute;grafo do comunicado de hoje que destacou a import&acirc;ncia de o governo cumprir as metas de resultado prim&aacute;rio j&aacute; estabelecidas. A equipe econ&ocirc;mica se comprometeu a entregar uma meta de resultado prim&aacute;rio neutra em 2024, o que causa d&uacute;vidas no mercado sobre a capacidade de cumprimento.<\/p>\n<p>O comunicado do Copom destacou a rela&ccedil;&atilde;o entre esse objetivo e a reancoragem das expectativas de infla&ccedil;&atilde;o em prazos mais longos. &ldquo;Tendo em conta a import&acirc;ncia da execu&ccedil;&atilde;o das metas fiscais j&aacute; estabelecidas para a ancoragem das expectativas de infla&ccedil;&atilde;o e, consequentemente, para a condu&ccedil;&atilde;o da pol&iacute;tica monet&aacute;ria, o Comit&ecirc; refor&ccedil;a a import&acirc;ncia da firme persecu&ccedil;&atilde;o dessas metas&rdquo;, destacou o comunicado.<\/p>\n<\/p>\n<div class=\"cta-end\">\n<div class=\"im-cta\" >\n<div class=\"im-shortcode-forms bg-light bg-opacity-25 border rounded-4 p-3 p-sm-4 p-md-3 p-lg-4 px-xxl-5 my-5\" data-configuration='{\"form_name\":false,\"form_hat\":\"Newsletter\",\"form_email\":true,\"form_icon\":\"newsletter\",\"form_phone\":false,\"form_campaign\":\"NIM\",\"form_thankyou\":\"\",\"form_journey\":\"APIEvent-26a5198d-8e09-06ef-5f80-cd9127757ad1\",\"form_button\":\"Quero receber\",\"form_context\":\"newsletter\",\"form_origin\":\"https:\\\/\\\/www.infomoney.com.br\\\/politica\\\/feed\\\/?utm_medium=materia&#038;utm_source=infomoney&#038;utm_campaign=NIM&#038;utm_term=politica&#038;utm_content=newsletter\",\"form_position\":\"final\",\"form_category\":\"cta_form\"}'>\n<div class=\"d-flex flex-column align-items-center align-items-lg-start mb-4 flex-lg-row\">\n<div class=\"rounded-circle mb-2 mb-lg-0 mr-lg-4 me-lg-4 p-3 p-lg-4 bg-blue-400\"><svg width=\"40\" height=\"40\" viewBox=\"0 0 40 40\" fill=\"none\" xmlns=\"http:\/\/www.w3.org\/2000\/svg\"><path d=\"M20 20.25 6.042 11.042v19.041c0 .167.048.299.146.396a.535.535 0 0 0 .395.146h15.792V32.5H6.583a2.328 2.328 0 0 1-1.708-.708 2.328 2.328 0 0 1-.708-1.709V9.917c0-.667.236-1.236.708-1.709A2.328 2.328 0 0 1 6.583 7.5h26.834c.666 0 1.236.236 1.708.708a2.33 2.33 0 0 1 .708 1.709v12.458h-1.875V11.042L20 20.25Zm0-2 13.667-8.875H6.333L20 18.25Zm11.75 18.958-1.292-1.333 3.334-3.375h-9v-1.875h9l-3.375-3.417 1.333-1.291 5.667 5.625-5.667 5.666ZM6.042 11.042v20.791-9.458.25-13.25 1.667Z\" fill=\"#fff\"\/><\/svg><\/div>\n<div class=\"flex-fill text-center text-lg-left\">\n<div class=\"h6 small text-orange-700 lh-base mb-1\">Newsletter<\/div>\n<div class=\"text-body h4 m-0\">Infomorning<\/div>\n<div class=\"text-body small lh-base mt-2\">Receba no seu e-mail logo pela manh&atilde; as not&iacute;cias que v&atilde;o mexer com os mercados, com os seus investimentos e o seu bolso durante o dia<\/div>\n<\/div>\n<\/div>\n<\/div>\n<\/div>\n<\/div>\n<p>The post <a rel=\"nofollow noopener\" href=\"https:\/\/www.infomoney.com.br\/politica\/durigan-recebemos-de-maneira-muito-positiva-a-decisao-e-o-comunicado-do-copom\/\" target=\"_blank\">Durigan: Recebemos de maneira muito positiva a decis\u00e3o e o comunicado do Copom<\/a> appeared first on <a rel=\"nofollow noopener\" href=\"https:\/\/www.infomoney.com.br\/\" target=\"_blank\">InfoMoney<\/a>.<\/p>\n","protected":false},"excerpt":{"rendered":"<p><img loading=\"lazy\" decoding=\"async\" width=\"300\" height=\"200\" src=\"https:\/\/www.infomoney.com.br\/wp-content\/uploads\/2023\/08\/53139518836_0048d83c08_c.jpg?fit=300%2C200&amp;quality=70&amp;strip=all\" class=\"attachment-medium size-medium wp-post-image\" alt=\"Dario Durigan, secret\u00e1rio-executivo do Minist\u00e9rio da Fazenda (Diogo Zacarias\/Minist\u00e9rio da Fazenda)\" data-attachment-id=\"2226393\" data-permalink=\"https:\/\/www.infomoney.com.br\/53139518836_0048d83c08_c\/\" data-orig-file=\"https:\/\/www.infomoney.com.br\/wp-content\/uploads\/2023\/08\/53139518836_0048d83c08_c.jpg?fit=799%2C533&amp;quality=70&amp;strip=all\" data-orig-size=\"799,533\" data-comments-opened=\"0\" data-image-meta='{\"aperture\":\"0\",\"credit\":\"Diogo Zacarias\",\"camera\":\"\",\"caption\":\"\",\"created_timestamp\":\"0\",\"copyright\":\"Ministerio da Fazenda\",\"focal_length\":\"0\",\"iso\":\"0\",\"shutter_speed\":\"0\",\"title\":\"\",\"orientation\":\"0\"}' data-image-title=\"Dario Durigan, secret\u00e1rio-executivo do Minist\u00e9rio da Fazenda (Diogo Zacarias\/Minist\u00e9rio da Fazenda)\" data-image-description=\"&lt;p&gt;Dario Durigan, secret\u00e1rio-executivo do Minist\u00e9rio da Fazenda (Diogo Zacarias\/Minist\u00e9rio da Fazenda)&lt;\/p&gt;\n\" data-image-caption=\"&lt;p&gt;Dario Durigan, secret\u00e1rio-executivo do Minist\u00e9rio da Fazenda (Diogo Zacarias\/Minist\u00e9rio da Fazenda)&lt;\/p&gt;\n\" data-medium-file=\"https:\/\/www.infomoney.com.br\/wp-content\/uploads\/2023\/08\/53139518836_0048d83c08_c.jpg?fit=300%2C200&amp;quality=70&amp;strip=all\" data-large-file=\"https:\/\/www.infomoney.com.br\/wp-content\/uploads\/2023\/08\/53139518836_0048d83c08_c.jpg?fit=799%2C533&amp;quality=70&amp;strip=all\">A avalia\u00e7\u00e3o do secret\u00e1rio-executivo do Minist\u00e9rio da Fazenda \u00e9 que a mensagem do Banco Central d\u00e1 uma &#8220;tranquilidade grande&#8221; para o mercado<\/p>\n<p>The post <a rel=\"nofollow\" href=\"https:\/\/www.infomoney.com.br\/politica\/durigan-recebemos-de-maneira-muito-positiva-a-decisao-e-o-comunicado-do-copom\/\">Durigan: Recebemos de maneira muito positiva a decis\u00e3o e o comunicado do Copom<\/a> appeared first on <a rel=\"nofollow\" href=\"https:\/\/www.infomoney.com.br\/\">InfoMoney<\/a>.<\/p>\n","protected":false},"author":43,"featured_media":0,"comment_status":"closed","ping_status":"closed","sticky":false,"template":"","format":"standard","meta":{"advgb_blocks_editor_width":"","advgb_blocks_columns_visual_guide":"","footnotes":""},"categories":[1626,9342,34,130,47,1110,282],"tags":[35],"class_list":["post-35331","post","type-post","status-publish","format-standard","hentry","category-copom","category-dario-durigan","category-g1","category-ministerio-da-fazenda","category-politica","category-selic","category-taxa-de-juros","tag-g1"],"author_meta":{"display_name":"Estad\u00e3o Conte\u00fado","author_link":"https:\/\/sindaopcpb.org.br\/author\/estadao-conteudo\/"},"featured_img":null,"coauthors":[],"tax_additional":{"categories":{"linked":["<a href=\"https:\/\/sindaopcpb.org.br\/copom\/\" class=\"advgb-post-tax-term\">Copom<\/a>","<a href=\"https:\/\/sindaopcpb.org.br\/dario-durigan\/\" class=\"advgb-post-tax-term\">Dario Durigan<\/a>","<a href=\"https:\/\/sindaopcpb.org.br\/g1\/\" class=\"advgb-post-tax-term\">G1<\/a>","<a href=\"https:\/\/sindaopcpb.org.br\/ministerio-da-fazenda\/\" class=\"advgb-post-tax-term\">Minist\u00e9rio da Fazenda<\/a>","<a href=\"https:\/\/sindaopcpb.org.br\/politica\/\" class=\"advgb-post-tax-term\">POLITICA<\/a>","<a href=\"https:\/\/sindaopcpb.org.br\/selic\/\" class=\"advgb-post-tax-term\">Selic<\/a>","<a href=\"https:\/\/sindaopcpb.org.br\/taxa-de-juros\/\" class=\"advgb-post-tax-term\">Taxa de Juros<\/a>"],"unlinked":["<span class=\"advgb-post-tax-term\">Copom<\/span>","<span class=\"advgb-post-tax-term\">Dario Durigan<\/span>","<span class=\"advgb-post-tax-term\">G1<\/span>","<span class=\"advgb-post-tax-term\">Minist\u00e9rio da Fazenda<\/span>","<span class=\"advgb-post-tax-term\">POLITICA<\/span>","<span class=\"advgb-post-tax-term\">Selic<\/span>","<span class=\"advgb-post-tax-term\">Taxa de Juros<\/span>"]},"tags":{"linked":["<a href=\"https:\/\/sindaopcpb.org.br\/taxa-de-juros\/\" class=\"advgb-post-tax-term\">g1<\/a>"],"unlinked":["<span class=\"advgb-post-tax-term\">g1<\/span>"]}},"comment_count":"0","relative_dates":{"created":"Publicado 3 anos atr\u00e1s","modified":"Atualizado 3 anos atr\u00e1s"},"absolute_dates":{"created":"Publicado em 20 de setembro de 2023","modified":"Atualizado em 20 de setembro de 2023"},"absolute_dates_time":{"created":"Publicado em 20 de setembro de 2023 20:38","modified":"Atualizado em 20 de setembro de 2023 20:38"},"featured_img_caption":"","series_order":"","_links":{"self":[{"href":"https:\/\/sindaopcpb.org.br\/index.php\/wp-json\/wp\/v2\/posts\/35331","targetHints":{"allow":["GET"]}}],"collection":[{"href":"https:\/\/sindaopcpb.org.br\/index.php\/wp-json\/wp\/v2\/posts"}],"about":[{"href":"https:\/\/sindaopcpb.org.br\/index.php\/wp-json\/wp\/v2\/types\/post"}],"author":[{"embeddable":true,"href":"https:\/\/sindaopcpb.org.br\/index.php\/wp-json\/wp\/v2\/users\/43"}],"replies":[{"embeddable":true,"href":"https:\/\/sindaopcpb.org.br\/index.php\/wp-json\/wp\/v2\/comments?post=35331"}],"version-history":[{"count":1,"href":"https:\/\/sindaopcpb.org.br\/index.php\/wp-json\/wp\/v2\/posts\/35331\/revisions"}],"predecessor-version":[{"id":35332,"href":"https:\/\/sindaopcpb.org.br\/index.php\/wp-json\/wp\/v2\/posts\/35331\/revisions\/35332"}],"wp:attachment":[{"href":"https:\/\/sindaopcpb.org.br\/index.php\/wp-json\/wp\/v2\/media?parent=35331"}],"wp:term":[{"taxonomy":"category","embeddable":true,"href":"https:\/\/sindaopcpb.org.br\/index.php\/wp-json\/wp\/v2\/categories?post=35331"},{"taxonomy":"post_tag","embeddable":true,"href":"https:\/\/sindaopcpb.org.br\/index.php\/wp-json\/wp\/v2\/tags?post=35331"}],"curies":[{"name":"wp","href":"https:\/\/api.w.org\/{rel}","templated":true}]}}